{"id":722289,"date":"2024-05-16T09:28:24","date_gmt":"2024-05-16T05:28:24","guid":{"rendered":"https:\/\/arantv.az\/?p=722289"},"modified":"2024-05-16T09:28:24","modified_gmt":"2024-05-16T05:28:24","slug":"ag-cic%c9%99yimin-kul%c9%99-donm%c9%99sinin-s%c9%99b%c9%99bi-aciqlandi-video","status":"publish","type":"post","link":"https:\/\/arantv.az\/?p=722289","title":{"rendered":"\u201cA\u011f \u00e7i\u00e7\u0259yim\u201din k\u00fcl\u0259 d\u00f6nm\u0259sinin S\u018fB\u018fB\u0130 A\u00c7IQLANDI &#8211; V\u0130DEO"},"content":{"rendered":"<article class=\"news\">\n<div class=\"news-inner\">\n<p>\u201cHadis\u0259nin elektrik \u015f\u0259b\u0259k\u0259sind\u0259ki nasazl\u0131q s\u0259b\u0259bind\u0259n ba\u015f verdiyi ehtimal edilir\u201d.<\/p>\n<p>Bunu Bak\u0131 \u015e\u0259h\u0259r\u00a0N\u0259simi Rayon \u0130cra Hakimiyy\u0259tinin ba\u015f\u00e7\u0131s\u0131 Asif \u018fsg\u0259rov jurnalistl\u0259r\u0259 a\u00e7\u0131qlamas\u0131nda deyib.<\/p>\n<p>Onun s\u00f6zl\u0259rin\u0259 g\u00f6r\u0259, hadis\u0259 n\u0259tic\u0259sind\u0259 x\u0259sar\u0259t alan olmay\u0131b v\u0259 f\u0259rdi ya\u015fay\u0131\u015f evl\u0259rin\u0259 c\u00fczi ziyan d\u0259yib.<\/p>\n<p>Daha \u0259trafl\u0131 Baku TV-nin s\u00fcjetind\u0259:<\/p>\n<div><iframe loading=\"lazy\" title=\"YouTube video player\" src=\"https:\/\/www.youtube.com\/embed\/uZB6PWQkQco?si=CqoN0G-cCtTno8vW\" width=\"560\" height=\"315\" frameborder=\"0\" allowfullscreen=\"allowfullscreen\" data-mce-fragment=\"1\"><\/iframe><\/div>\n<\/div>\n<\/article>\n<section class=\"related-news\">\n<div class=\"l-center\"><\/div>\n<\/section>\n","protected":false},"excerpt":{"rendered":"<p>\u201cHadis\u0259nin elektrik \u015f\u0259b\u0259k\u0259sind\u0259ki nasazl\u0131q s\u0259b\u0259bind\u0259n ba\u015f verdiyi ehtimal edilir\u201d. Bunu Bak\u0131 \u015e\u0259h\u0259r\u00a0N\u0259simi Rayon \u0130cra Hakimiyy\u0259tinin ba\u015f\u00e7\u0131s\u0131 Asif \u018fsg\u0259rov jurnalistl\u0259r\u0259 a\u00e7\u0131qlamas\u0131nda deyib. Onun s\u00f6zl\u0259rin\u0259 g\u00f6r\u0259, hadis\u0259 n\u0259tic\u0259sind\u0259 x\u0259sar\u0259t alan olmay\u0131b v\u0259 f\u0259rdi ya\u015fay\u0131\u015f evl\u0259rin\u0259 c\u00fczi ziyan d\u0259yib. Daha \u0259trafl\u0131 Baku TV-nin s\u00fcjetind\u0259:<\/p>\n","protected":false},"author":2,"featured_media":722290,"comment_status":"closed","ping_status":"closed","sticky":false,"template":"","format":"standard","meta":{"om_disable_all_campaigns":false,"_monsterinsights_skip_tracking":false,"_monsterinsights_sitenote_active":false,"_monsterinsights_sitenote_note":"","_monsterinsights_sitenote_category":0},"categories":[1],"tags":[],"aioseo_notices":[],"gutentor_comment":0,"rttpg_featured_image_url":{"full":["https:\/\/arantv.az\/wp-content\/uploads\/2024\/05\/FotoJet-20-2.jpg",620,413,false],"landscape":["https:\/\/arantv.az\/wp-content\/uploads\/2024\/05\/FotoJet-20-2.jpg",620,413,false],"portraits":["https:\/\/arantv.az\/wp-content\/uploads\/2024\/05\/FotoJet-20-2.jpg",620,413,false],"thumbnail":["https:\/\/arantv.az\/wp-content\/uploads\/2024\/05\/FotoJet-20-2-500x280.jpg",500,280,true],"medium":["https:\/\/arantv.az\/wp-content\/uploads\/2024\/05\/FotoJet-20-2-548x365.jpg",548,365,true],"large":["https:\/\/arantv.az\/wp-content\/uploads\/2024\/05\/FotoJet-20-2.jpg",620,413,false],"1536x1536":["https:\/\/arantv.az\/wp-content\/uploads\/2024\/05\/FotoJet-20-2.jpg",620,413,false],"2048x2048":["https:\/\/arantv.az\/wp-content\/uploads\/2024\/05\/FotoJet-20-2.jpg",620,413,false],"post-thumbnail":["https:\/\/arantv.az\/wp-content\/uploads\/2024\/05\/FotoJet-20-2-240x172.jpg",240,172,true],"advps-thumb-one":["https:\/\/arantv.az\/wp-content\/uploads\/2024\/05\/FotoJet-20-2.jpg",620,413,false]},"rttpg_author":{"display_name":"V\u00fcsal Rafiqo\u011flu","author_link":"https:\/\/arantv.az\/?author=2"},"rttpg_comment":0,"rttpg_category":"<a href=\"https:\/\/arantv.az\/?cat=1\" rel=\"category\">C\u0259miyy\u0259t<\/a>","rttpg_excerpt":"\u201cHadis\u0259nin elektrik \u015f\u0259b\u0259k\u0259sind\u0259ki nasazl\u0131q s\u0259b\u0259bind\u0259n ba\u015f verdiyi ehtimal edilir\u201d. Bunu Bak\u0131 \u015e\u0259h\u0259r\u00a0N\u0259simi Rayon \u0130cra Hakimiyy\u0259tinin ba\u015f\u00e7\u0131s\u0131 Asif \u018fsg\u0259rov jurnalistl\u0259r\u0259 a\u00e7\u0131qlamas\u0131nda deyib. Onun s\u00f6zl\u0259rin\u0259 g\u00f6r\u0259, hadis\u0259 n\u0259tic\u0259sind\u0259 x\u0259sar\u0259t alan olmay\u0131b v\u0259 f\u0259rdi ya\u015fay\u0131\u015f evl\u0259rin\u0259 c\u00fczi ziyan d\u0259yib. Daha \u0259trafl\u0131 Baku TV-nin s\u00fcjetind\u0259:","_links":{"self":[{"href":"https:\/\/arantv.az\/index.php?rest_route=\/wp\/v2\/posts\/722289"}],"collection":[{"href":"https:\/\/arantv.az\/index.php?rest_route=\/wp\/v2\/posts"}],"about":[{"href":"https:\/\/arantv.az\/index.php?rest_route=\/wp\/v2\/types\/post"}],"author":[{"embeddable":true,"href":"https:\/\/arantv.az\/index.php?rest_route=\/wp\/v2\/users\/2"}],"replies":[{"embeddable":true,"href":"https:\/\/arantv.az\/index.php?rest_route=%2Fwp%2Fv2%2Fcomments&post=722289"}],"version-history":[{"count":0,"href":"https:\/\/arantv.az\/index.php?rest_route=\/wp\/v2\/posts\/722289\/revisions"}],"wp:featuredmedia":[{"embeddable":true,"href":"https:\/\/arantv.az\/index.php?rest_route=\/wp\/v2\/media\/722290"}],"wp:attachment":[{"href":"https:\/\/arantv.az\/index.php?rest_route=%2Fwp%2Fv2%2Fmedia&parent=722289"}],"wp:term":[{"taxonomy":"category","embeddable":true,"href":"https:\/\/arantv.az\/index.php?rest_route=%2Fwp%2Fv2%2Fcategories&post=722289"},{"taxonomy":"post_tag","embeddable":true,"href":"https:\/\/arantv.az\/index.php?rest_route=%2Fwp%2Fv2%2Ftags&post=722289"}],"curies":[{"name":"wp","href":"https:\/\/api.w.org\/{rel}","templated":true}]}}