{"id":722293,"date":"2024-05-16T09:28:51","date_gmt":"2024-05-16T05:28:51","guid":{"rendered":"https:\/\/arantv.az\/?p=722293"},"modified":"2024-05-16T09:28:51","modified_gmt":"2024-05-16T05:28:51","slug":"az%c9%99rbaycan-erm%c9%99nistan-s%c9%99rh%c9%99dind%c9%99-yeni-dir%c9%99kl%c9%99r-yerl%c9%99sdiril%c9%99c%c9%99k","status":"publish","type":"post","link":"https:\/\/arantv.az\/?p=722293","title":{"rendered":"Az\u0259rbaycan-Erm\u0259nistan s\u0259rh\u0259dind\u0259 yeni dir\u0259kl\u0259r yerl\u0259\u015fdiril\u0259c\u0259k"},"content":{"rendered":"<p>\u201cH\u0259r iki t\u0259r\u0259fin s\u0259rh\u0259d\u00e7il\u0259ri yax\u0131n 8-9 g\u00fcn \u0259rzind\u0259 raz\u0131la\u015fd\u0131r\u0131lm\u0131\u015f Az\u0259rbaycan-Erm\u0259nistan s\u0259rh\u0259din\u0259 yerl\u0259\u015fdir\u0259c\u0259kl\u0259r\u201d.<\/p>\n<p>\u201cReport\u201d\u00a0x\u0259b\u0259r verir ki, bu bar\u0259d\u0259 Erm\u0259nistan ba\u015f nazirinin ofisi m\u0259lumat yay\u0131b.<\/p>\n<p>Qeyd olunub ki, Xeyr\u0131ml\u0131 k\u0259ndind\u0259 b\u0259zi koordinatlar komp\u00fcter vasit\u0259sil\u0259 m\u00fc\u0259yy\u0259n edildiyi \u00fc\u00e7\u00fcn indi b\u00fct\u00fcn s\u0259rh\u0259d postlar\u0131 qura\u015fd\u0131r\u0131lmay\u0131b v\u0259 bir m\u00fcdd\u0259t sonra orada yeni dir\u0259kl\u0259r yerl\u0259\u015fdiril\u0259c\u0259k.<\/p>\n<p>Qeyd ed\u0259k ki,\u00a02024-c\u00fc il may\u0131n 15-d\u0259 Az\u0259rbaycan Respublikas\u0131 v\u0259 Erm\u0259nistan Respublikas\u0131 aras\u0131nda s\u0259rh\u0259dd\u0259 Az\u0259rbaycan Respublikas\u0131n\u0131n Ba\u015f nazirinin m\u00fcavini \u015eahin Mustafayevin v\u0259 Erm\u0259nistan Respublikas\u0131n\u0131n ba\u015f nazirinin m\u00fcavini Mher Qriqoryan\u0131n s\u0259drliyi il\u0259 Az\u0259rbaycan Respublikas\u0131 il\u0259 Erm\u0259nistan Respublikas\u0131 aras\u0131nda d\u00f6vl\u0259t s\u0259rh\u0259dinin delimitasiyas\u0131 \u00fczr\u0259 D\u00f6vl\u0259t Komissiyas\u0131n\u0131n v\u0259 Erm\u0259nistan Respublikas\u0131 il\u0259 Az\u0259rbaycan Respublikas\u0131 aras\u0131nda d\u00f6vl\u0259t s\u0259rh\u0259dinin delimitasiyas\u0131 v\u0259 s\u0259rh\u0259d t\u0259hl\u00fck\u0259sizliyi m\u0259s\u0259l\u0259l\u0259ri \u00fczr\u0259 Komissiyan\u0131n doqquzuncu g\u00f6r\u00fc\u015f\u00fc ke\u00e7irilib.<\/p>\n","protected":false},"excerpt":{"rendered":"<p>\u201cH\u0259r iki t\u0259r\u0259fin s\u0259rh\u0259d\u00e7il\u0259ri yax\u0131n 8-9 g\u00fcn \u0259rzind\u0259 raz\u0131la\u015fd\u0131r\u0131lm\u0131\u015f Az\u0259rbaycan-Erm\u0259nistan s\u0259rh\u0259din\u0259 yerl\u0259\u015fdir\u0259c\u0259kl\u0259r\u201d. \u201cReport\u201d\u00a0x\u0259b\u0259r verir ki, bu bar\u0259d\u0259 Erm\u0259nistan ba\u015f nazirinin ofisi m\u0259lumat yay\u0131b. Qeyd olunub ki, Xeyr\u0131ml\u0131 k\u0259ndind\u0259 b\u0259zi koordinatlar komp\u00fcter vasit\u0259sil\u0259 m\u00fc\u0259yy\u0259n edildiyi \u00fc\u00e7\u00fcn indi b\u00fct\u00fcn s\u0259rh\u0259d postlar\u0131 qura\u015fd\u0131r\u0131lmay\u0131b v\u0259 bir m\u00fcdd\u0259t sonra orada yeni dir\u0259kl\u0259r yerl\u0259\u015fdiril\u0259c\u0259k. Qeyd ed\u0259k ki,\u00a02024-c\u00fc il may\u0131n 15-d\u0259 Az\u0259rbaycan Respublikas\u0131 v\u0259 Erm\u0259nistan Respublikas\u0131 aras\u0131nda s\u0259rh\u0259dd\u0259 Az\u0259rbaycan Respublikas\u0131n\u0131n Ba\u015f nazirinin m\u00fcavini \u015eahin Mustafayevin v\u0259 Erm\u0259nistan Respublikas\u0131n\u0131n ba\u015f nazirinin m\u00fcavini Mher Qriqoryan\u0131n s\u0259drliyi il\u0259 Az\u0259rbaycan Respublikas\u0131 il\u0259 Erm\u0259nistan Respublikas\u0131 aras\u0131nda d\u00f6vl\u0259t s\u0259rh\u0259dinin delimitasiyas\u0131 \u00fczr\u0259 D\u00f6vl\u0259t Komissiyas\u0131n\u0131n&hellip;<\/p>\n","protected":false},"author":2,"featured_media":722294,"comment_status":"closed","ping_status":"closed","sticky":false,"template":"","format":"standard","meta":{"om_disable_all_campaigns":false,"_monsterinsights_skip_tracking":false,"_monsterinsights_sitenote_active":false,"_monsterinsights_sitenote_note":"","_monsterinsights_sitenote_category":0},"categories":[4],"tags":[],"aioseo_notices":[],"gutentor_comment":0,"rttpg_featured_image_url":{"full":["https:\/\/arantv.az\/wp-content\/uploads\/2024\/05\/679fca68-968d-3b48-b376-0bd9f842c135_850.jpg",620,413,false],"landscape":["https:\/\/arantv.az\/wp-content\/uploads\/2024\/05\/679fca68-968d-3b48-b376-0bd9f842c135_850.jpg",620,413,false],"portraits":["https:\/\/arantv.az\/wp-content\/uploads\/2024\/05\/679fca68-968d-3b48-b376-0bd9f842c135_850.jpg",620,413,false],"thumbnail":["https:\/\/arantv.az\/wp-content\/uploads\/2024\/05\/679fca68-968d-3b48-b376-0bd9f842c135_850-500x280.jpg",500,280,true],"medium":["https:\/\/arantv.az\/wp-content\/uploads\/2024\/05\/679fca68-968d-3b48-b376-0bd9f842c135_850-548x365.jpg",548,365,true],"large":["https:\/\/arantv.az\/wp-content\/uploads\/2024\/05\/679fca68-968d-3b48-b376-0bd9f842c135_850.jpg",620,413,false],"1536x1536":["https:\/\/arantv.az\/wp-content\/uploads\/2024\/05\/679fca68-968d-3b48-b376-0bd9f842c135_850.jpg",620,413,false],"2048x2048":["https:\/\/arantv.az\/wp-content\/uploads\/2024\/05\/679fca68-968d-3b48-b376-0bd9f842c135_850.jpg",620,413,false],"post-thumbnail":["https:\/\/arantv.az\/wp-content\/uploads\/2024\/05\/679fca68-968d-3b48-b376-0bd9f842c135_850-240x172.jpg",240,172,true],"advps-thumb-one":["https:\/\/arantv.az\/wp-content\/uploads\/2024\/05\/679fca68-968d-3b48-b376-0bd9f842c135_850.jpg",620,413,false]},"rttpg_author":{"display_name":"V\u00fcsal Rafiqo\u011flu","author_link":"https:\/\/arantv.az\/?author=2"},"rttpg_comment":0,"rttpg_category":"<a href=\"https:\/\/arantv.az\/?cat=4\" rel=\"category\">Siyas\u0259t<\/a>","rttpg_excerpt":"\u201cH\u0259r iki t\u0259r\u0259fin s\u0259rh\u0259d\u00e7il\u0259ri yax\u0131n 8-9 g\u00fcn \u0259rzind\u0259 raz\u0131la\u015fd\u0131r\u0131lm\u0131\u015f Az\u0259rbaycan-Erm\u0259nistan s\u0259rh\u0259din\u0259 yerl\u0259\u015fdir\u0259c\u0259kl\u0259r\u201d. \u201cReport\u201d\u00a0x\u0259b\u0259r verir ki, bu bar\u0259d\u0259 Erm\u0259nistan ba\u015f nazirinin ofisi m\u0259lumat yay\u0131b. Qeyd olunub ki, Xeyr\u0131ml\u0131 k\u0259ndind\u0259 b\u0259zi koordinatlar komp\u00fcter vasit\u0259sil\u0259 m\u00fc\u0259yy\u0259n edildiyi \u00fc\u00e7\u00fcn indi b\u00fct\u00fcn s\u0259rh\u0259d postlar\u0131 qura\u015fd\u0131r\u0131lmay\u0131b v\u0259 bir m\u00fcdd\u0259t sonra orada yeni dir\u0259kl\u0259r yerl\u0259\u015fdiril\u0259c\u0259k. Qeyd ed\u0259k ki,\u00a02024-c\u00fc il may\u0131n 15-d\u0259 Az\u0259rbaycan&hellip;","_links":{"self":[{"href":"https:\/\/arantv.az\/index.php?rest_route=\/wp\/v2\/posts\/722293"}],"collection":[{"href":"https:\/\/arantv.az\/index.php?rest_route=\/wp\/v2\/posts"}],"about":[{"href":"https:\/\/arantv.az\/index.php?rest_route=\/wp\/v2\/types\/post"}],"author":[{"embeddable":true,"href":"https:\/\/arantv.az\/index.php?rest_route=\/wp\/v2\/users\/2"}],"replies":[{"embeddable":true,"href":"https:\/\/arantv.az\/index.php?rest_route=%2Fwp%2Fv2%2Fcomments&post=722293"}],"version-history":[{"count":0,"href":"https:\/\/arantv.az\/index.php?rest_route=\/wp\/v2\/posts\/722293\/revisions"}],"wp:featuredmedia":[{"embeddable":true,"href":"https:\/\/arantv.az\/index.php?rest_route=\/wp\/v2\/media\/722294"}],"wp:attachment":[{"href":"https:\/\/arantv.az\/index.php?rest_route=%2Fwp%2Fv2%2Fmedia&parent=722293"}],"wp:term":[{"taxonomy":"category","embeddable":true,"href":"https:\/\/arantv.az\/index.php?rest_route=%2Fwp%2Fv2%2Fcategories&post=722293"},{"taxonomy":"post_tag","embeddable":true,"href":"https:\/\/arantv.az\/index.php?rest_route=%2Fwp%2Fv2%2Ftags&post=722293"}],"curies":[{"name":"wp","href":"https:\/\/api.w.org\/{rel}","templated":true}]}}