{"id":722368,"date":"2024-05-16T10:37:37","date_gmt":"2024-05-16T06:37:37","guid":{"rendered":"https:\/\/arantv.az\/?p=722368"},"modified":"2024-05-16T10:37:37","modified_gmt":"2024-05-16T06:37:37","slug":"slovakiyanin-gull%c9%99l%c9%99n%c9%99n-bas-nazirinin-v%c9%99ziyy%c9%99ti-aciqlandi","status":"publish","type":"post","link":"https:\/\/arantv.az\/?p=722368","title":{"rendered":"Slovakiyan\u0131n g\u00fcll\u0259l\u0259n\u0259n ba\u015f nazirinin v\u0259ziyy\u0259ti A\u00c7IQLANDI"},"content":{"rendered":"<p>Slovakiyan\u0131n ba\u015f naziri Robert Fitsonun h\u0259yat\u0131 sui-q\u0259sd c\u0259hdind\u0259n sonra h\u0259l\u0259 d\u0259 t\u0259hl\u00fck\u0259 alt\u0131ndad\u0131r.<\/p>\n<p>Xat\u0131rladaq ki, Fitsoya h\u00fccum may\u0131n 15-d\u0259 h\u00f6kum\u0259t iclas\u0131n\u0131n ke\u00e7irildiyi binadan \u00e7\u0131xark\u0259n ba\u015f verib. Cinay\u0259tkar bir ne\u00e7\u0259 d\u0259f\u0259 ona at\u0259\u015f a\u00e7\u0131b, n\u0259tic\u0259d\u0259 Slovakiyan\u0131n ba\u015f naziri a\u011f\u0131r yaralan\u0131b.<\/p>\n<p>M\u0259lum olub ki, at\u0259\u015f a\u00e7an \u015f\u0259xs m\u00fcxalif \u201cProqressiv Slovakiya\u201d partiyas\u0131n\u0131n t\u0259r\u0259fdar\u0131 olan 71 ya\u015fl\u0131 yaz\u0131\u00e7\u0131 Yuray Sintulad\u0131r.<\/p>\n<p>Hadis\u0259d\u0259n sonra x\u0259st\u0259xanaya \u00e7atd\u0131r\u0131lan Fitsonun qarn\u0131ndan, sin\u0259sind\u0259n v\u0259 \u0259lind\u0259n x\u0259sar\u0259t ald\u0131\u011f\u0131 bildirilib.<\/p>\n<p>M\u0259nb\u0259: Markiza<\/p>\n","protected":false},"excerpt":{"rendered":"<p>Slovakiyan\u0131n ba\u015f naziri Robert Fitsonun h\u0259yat\u0131 sui-q\u0259sd c\u0259hdind\u0259n sonra h\u0259l\u0259 d\u0259 t\u0259hl\u00fck\u0259 alt\u0131ndad\u0131r. Xat\u0131rladaq ki, Fitsoya h\u00fccum may\u0131n 15-d\u0259 h\u00f6kum\u0259t iclas\u0131n\u0131n ke\u00e7irildiyi binadan \u00e7\u0131xark\u0259n ba\u015f verib. Cinay\u0259tkar bir ne\u00e7\u0259 d\u0259f\u0259 ona at\u0259\u015f a\u00e7\u0131b, n\u0259tic\u0259d\u0259 Slovakiyan\u0131n ba\u015f naziri a\u011f\u0131r yaralan\u0131b. M\u0259lum olub ki, at\u0259\u015f a\u00e7an \u015f\u0259xs m\u00fcxalif \u201cProqressiv Slovakiya\u201d partiyas\u0131n\u0131n t\u0259r\u0259fdar\u0131 olan 71 ya\u015fl\u0131 yaz\u0131\u00e7\u0131 Yuray Sintulad\u0131r. Hadis\u0259d\u0259n sonra x\u0259st\u0259xanaya \u00e7atd\u0131r\u0131lan Fitsonun qarn\u0131ndan, sin\u0259sind\u0259n v\u0259 \u0259lind\u0259n x\u0259sar\u0259t ald\u0131\u011f\u0131 bildirilib. M\u0259nb\u0259: Markiza<\/p>\n","protected":false},"author":2,"featured_media":722369,"comment_status":"closed","ping_status":"closed","sticky":false,"template":"","format":"standard","meta":{"om_disable_all_campaigns":false,"_monsterinsights_skip_tracking":false,"_monsterinsights_sitenote_active":false,"_monsterinsights_sitenote_note":"","_monsterinsights_sitenote_category":0},"categories":[7],"tags":[],"aioseo_notices":[],"gutentor_comment":0,"rttpg_featured_image_url":{"full":["https:\/\/arantv.az\/wp-content\/uploads\/2024\/05\/435953947_341691255255810_4476896132239049841_n.jpg",620,413,false],"landscape":["https:\/\/arantv.az\/wp-content\/uploads\/2024\/05\/435953947_341691255255810_4476896132239049841_n.jpg",620,413,false],"portraits":["https:\/\/arantv.az\/wp-content\/uploads\/2024\/05\/435953947_341691255255810_4476896132239049841_n.jpg",620,413,false],"thumbnail":["https:\/\/arantv.az\/wp-content\/uploads\/2024\/05\/435953947_341691255255810_4476896132239049841_n-500x280.jpg",500,280,true],"medium":["https:\/\/arantv.az\/wp-content\/uploads\/2024\/05\/435953947_341691255255810_4476896132239049841_n-548x365.jpg",548,365,true],"large":["https:\/\/arantv.az\/wp-content\/uploads\/2024\/05\/435953947_341691255255810_4476896132239049841_n.jpg",620,413,false],"1536x1536":["https:\/\/arantv.az\/wp-content\/uploads\/2024\/05\/435953947_341691255255810_4476896132239049841_n.jpg",620,413,false],"2048x2048":["https:\/\/arantv.az\/wp-content\/uploads\/2024\/05\/435953947_341691255255810_4476896132239049841_n.jpg",620,413,false],"post-thumbnail":["https:\/\/arantv.az\/wp-content\/uploads\/2024\/05\/435953947_341691255255810_4476896132239049841_n-240x172.jpg",240,172,true],"advps-thumb-one":["https:\/\/arantv.az\/wp-content\/uploads\/2024\/05\/435953947_341691255255810_4476896132239049841_n.jpg",620,413,false]},"rttpg_author":{"display_name":"V\u00fcsal Rafiqo\u011flu","author_link":"https:\/\/arantv.az\/?author=2"},"rttpg_comment":0,"rttpg_category":"<a href=\"https:\/\/arantv.az\/?cat=7\" rel=\"category\">D\u00fcnya<\/a>","rttpg_excerpt":"Slovakiyan\u0131n ba\u015f naziri Robert Fitsonun h\u0259yat\u0131 sui-q\u0259sd c\u0259hdind\u0259n sonra h\u0259l\u0259 d\u0259 t\u0259hl\u00fck\u0259 alt\u0131ndad\u0131r. Xat\u0131rladaq ki, Fitsoya h\u00fccum may\u0131n 15-d\u0259 h\u00f6kum\u0259t iclas\u0131n\u0131n ke\u00e7irildiyi binadan \u00e7\u0131xark\u0259n ba\u015f verib. Cinay\u0259tkar bir ne\u00e7\u0259 d\u0259f\u0259 ona at\u0259\u015f a\u00e7\u0131b, n\u0259tic\u0259d\u0259 Slovakiyan\u0131n ba\u015f naziri a\u011f\u0131r yaralan\u0131b. M\u0259lum olub ki, at\u0259\u015f a\u00e7an \u015f\u0259xs m\u00fcxalif \u201cProqressiv Slovakiya\u201d partiyas\u0131n\u0131n t\u0259r\u0259fdar\u0131 olan 71 ya\u015fl\u0131 yaz\u0131\u00e7\u0131 Yuray&hellip;","_links":{"self":[{"href":"https:\/\/arantv.az\/index.php?rest_route=\/wp\/v2\/posts\/722368"}],"collection":[{"href":"https:\/\/arantv.az\/index.php?rest_route=\/wp\/v2\/posts"}],"about":[{"href":"https:\/\/arantv.az\/index.php?rest_route=\/wp\/v2\/types\/post"}],"author":[{"embeddable":true,"href":"https:\/\/arantv.az\/index.php?rest_route=\/wp\/v2\/users\/2"}],"replies":[{"embeddable":true,"href":"https:\/\/arantv.az\/index.php?rest_route=%2Fwp%2Fv2%2Fcomments&post=722368"}],"version-history":[{"count":0,"href":"https:\/\/arantv.az\/index.php?rest_route=\/wp\/v2\/posts\/722368\/revisions"}],"wp:featuredmedia":[{"embeddable":true,"href":"https:\/\/arantv.az\/index.php?rest_route=\/wp\/v2\/media\/722369"}],"wp:attachment":[{"href":"https:\/\/arantv.az\/index.php?rest_route=%2Fwp%2Fv2%2Fmedia&parent=722368"}],"wp:term":[{"taxonomy":"category","embeddable":true,"href":"https:\/\/arantv.az\/index.php?rest_route=%2Fwp%2Fv2%2Fcategories&post=722368"},{"taxonomy":"post_tag","embeddable":true,"href":"https:\/\/arantv.az\/index.php?rest_route=%2Fwp%2Fv2%2Ftags&post=722368"}],"curies":[{"name":"wp","href":"https:\/\/api.w.org\/{rel}","templated":true}]}}