{"id":722371,"date":"2024-05-16T10:40:17","date_gmt":"2024-05-16T06:40:17","guid":{"rendered":"https:\/\/arantv.az\/?p=722371"},"modified":"2024-05-16T10:40:17","modified_gmt":"2024-05-16T06:40:17","slug":"may-ayinda-az%c9%99rbaycana-qar-yagdi-video","status":"publish","type":"post","link":"https:\/\/arantv.az\/?p=722371","title":{"rendered":"May ay\u0131nda Az\u0259rbaycana qar ya\u011fd\u0131 &#8211; V\u0130DEO"},"content":{"rendered":"<div class=\"text-content\" data-id=\"\" data-url=\"\">\n<p><strong>Son bir ne\u00e7\u0259 g\u00fcnd\u00fcr \u00f6lk\u0259 \u0259razisind\u0259 qeyri-sabit hava \u015f\u0259raiti h\u00f6km s\u00fcr\u00fcr.<\/strong><\/p>\n<p>H\u0259r zaman isti hava il\u0259 m\u00fc\u015fahid\u0259 edil\u0259n may ay\u0131nda bu d\u0259f\u0259 d\u0259 qar ya\u011f\u0131b. Nax\u00e7\u0131van rayonunun \u015e\u0259rur rayonu a\u011f \u00f6rp\u0259y\u0259 b\u00fcr\u00fcn\u00fcb.<\/p>\n<p>Bu bar\u0259d\u0259 &#8220;G\u00fcn\u0259 son&#8221; proqram\u0131nda kadrlar n\u00fcmayi\u015f olunub. G\u00f6r\u00fcnt\u00fcl\u0259rin \u015e\u0259rurun K\u0259rimb\u0259yli k\u0259ndind\u0259 lent\u0259 al\u0131nd\u0131\u011f\u0131 bildirilib.<\/p>\n<p><strong>S\u00f6z\u00fcged\u0259n videonu t\u0259qdim edirik:<\/strong><\/p>\n<p><iframe loading=\"lazy\" src=\"https:\/\/baku.tv\/embed\/137945\" width=\"560\" height=\"315\" frameborder=\"0\" allowfullscreen=\"allowfullscreen\" data-mce-fragment=\"1\"><\/iframe><\/p>\n<\/div>\n<div><\/div>\n<div><\/div>\n<div class=\"inner-social-box\">\n<div class=\"subs-in-social subs-whatsapp\"><\/div>\n<\/div>\n","protected":false},"excerpt":{"rendered":"<p>Son bir ne\u00e7\u0259 g\u00fcnd\u00fcr \u00f6lk\u0259 \u0259razisind\u0259 qeyri-sabit hava \u015f\u0259raiti h\u00f6km s\u00fcr\u00fcr. H\u0259r zaman isti hava il\u0259 m\u00fc\u015fahid\u0259 edil\u0259n may ay\u0131nda bu d\u0259f\u0259 d\u0259 qar ya\u011f\u0131b. Nax\u00e7\u0131van rayonunun \u015e\u0259rur rayonu a\u011f \u00f6rp\u0259y\u0259 b\u00fcr\u00fcn\u00fcb. Bu bar\u0259d\u0259 &#8220;G\u00fcn\u0259 son&#8221; proqram\u0131nda kadrlar n\u00fcmayi\u015f olunub. G\u00f6r\u00fcnt\u00fcl\u0259rin \u015e\u0259rurun K\u0259rimb\u0259yli k\u0259ndind\u0259 lent\u0259 al\u0131nd\u0131\u011f\u0131 bildirilib. S\u00f6z\u00fcged\u0259n videonu t\u0259qdim edirik:<\/p>\n","protected":false},"author":2,"featured_media":722372,"comment_status":"closed","ping_status":"closed","sticky":false,"template":"","format":"standard","meta":{"om_disable_all_campaigns":false,"_monsterinsights_skip_tracking":false,"_monsterinsights_sitenote_active":false,"_monsterinsights_sitenote_note":"","_monsterinsights_sitenote_category":0},"categories":[1],"tags":[],"aioseo_notices":[],"gutentor_comment":0,"rttpg_featured_image_url":{"full":["https:\/\/arantv.az\/wp-content\/uploads\/2024\/05\/e432bb2ccd50eecd96083ed808f5e109.jpg",870,500,false],"landscape":["https:\/\/arantv.az\/wp-content\/uploads\/2024\/05\/e432bb2ccd50eecd96083ed808f5e109.jpg",870,500,false],"portraits":["https:\/\/arantv.az\/wp-content\/uploads\/2024\/05\/e432bb2ccd50eecd96083ed808f5e109.jpg",870,500,false],"thumbnail":["https:\/\/arantv.az\/wp-content\/uploads\/2024\/05\/e432bb2ccd50eecd96083ed808f5e109-500x280.jpg",500,280,true],"medium":["https:\/\/arantv.az\/wp-content\/uploads\/2024\/05\/e432bb2ccd50eecd96083ed808f5e109-635x365.jpg",635,365,true],"large":["https:\/\/arantv.az\/wp-content\/uploads\/2024\/05\/e432bb2ccd50eecd96083ed808f5e109-840x483.jpg",640,368,true],"1536x1536":["https:\/\/arantv.az\/wp-content\/uploads\/2024\/05\/e432bb2ccd50eecd96083ed808f5e109.jpg",870,500,false],"2048x2048":["https:\/\/arantv.az\/wp-content\/uploads\/2024\/05\/e432bb2ccd50eecd96083ed808f5e109.jpg",870,500,false],"post-thumbnail":["https:\/\/arantv.az\/wp-content\/uploads\/2024\/05\/e432bb2ccd50eecd96083ed808f5e109-240x172.jpg",240,172,true],"advps-thumb-one":["https:\/\/arantv.az\/wp-content\/uploads\/2024\/05\/e432bb2ccd50eecd96083ed808f5e109.jpg",870,500,false]},"rttpg_author":{"display_name":"V\u00fcsal Rafiqo\u011flu","author_link":"https:\/\/arantv.az\/?author=2"},"rttpg_comment":0,"rttpg_category":"<a href=\"https:\/\/arantv.az\/?cat=1\" rel=\"category\">C\u0259miyy\u0259t<\/a>","rttpg_excerpt":"Son bir ne\u00e7\u0259 g\u00fcnd\u00fcr \u00f6lk\u0259 \u0259razisind\u0259 qeyri-sabit hava \u015f\u0259raiti h\u00f6km s\u00fcr\u00fcr. H\u0259r zaman isti hava il\u0259 m\u00fc\u015fahid\u0259 edil\u0259n may ay\u0131nda bu d\u0259f\u0259 d\u0259 qar ya\u011f\u0131b. Nax\u00e7\u0131van rayonunun \u015e\u0259rur rayonu a\u011f \u00f6rp\u0259y\u0259 b\u00fcr\u00fcn\u00fcb. Bu bar\u0259d\u0259 &#8220;G\u00fcn\u0259 son&#8221; proqram\u0131nda kadrlar n\u00fcmayi\u015f olunub. G\u00f6r\u00fcnt\u00fcl\u0259rin \u015e\u0259rurun K\u0259rimb\u0259yli k\u0259ndind\u0259 lent\u0259 al\u0131nd\u0131\u011f\u0131 bildirilib. S\u00f6z\u00fcged\u0259n videonu t\u0259qdim edirik:","_links":{"self":[{"href":"https:\/\/arantv.az\/index.php?rest_route=\/wp\/v2\/posts\/722371"}],"collection":[{"href":"https:\/\/arantv.az\/index.php?rest_route=\/wp\/v2\/posts"}],"about":[{"href":"https:\/\/arantv.az\/index.php?rest_route=\/wp\/v2\/types\/post"}],"author":[{"embeddable":true,"href":"https:\/\/arantv.az\/index.php?rest_route=\/wp\/v2\/users\/2"}],"replies":[{"embeddable":true,"href":"https:\/\/arantv.az\/index.php?rest_route=%2Fwp%2Fv2%2Fcomments&post=722371"}],"version-history":[{"count":0,"href":"https:\/\/arantv.az\/index.php?rest_route=\/wp\/v2\/posts\/722371\/revisions"}],"wp:featuredmedia":[{"embeddable":true,"href":"https:\/\/arantv.az\/index.php?rest_route=\/wp\/v2\/media\/722372"}],"wp:attachment":[{"href":"https:\/\/arantv.az\/index.php?rest_route=%2Fwp%2Fv2%2Fmedia&parent=722371"}],"wp:term":[{"taxonomy":"category","embeddable":true,"href":"https:\/\/arantv.az\/index.php?rest_route=%2Fwp%2Fv2%2Fcategories&post=722371"},{"taxonomy":"post_tag","embeddable":true,"href":"https:\/\/arantv.az\/index.php?rest_route=%2Fwp%2Fv2%2Ftags&post=722371"}],"curies":[{"name":"wp","href":"https:\/\/api.w.org\/{rel}","templated":true}]}}