{"id":722385,"date":"2024-05-16T11:05:48","date_gmt":"2024-05-16T07:05:48","guid":{"rendered":"https:\/\/arantv.az\/?p=722385"},"modified":"2024-05-16T11:05:48","modified_gmt":"2024-05-16T07:05:48","slug":"mikayil-cabbarov-belaruslu-nazirl%c9%99rl%c9%99-iki-olk%c9%99-arasinda-iqtisadi-%c9%99laq%c9%99l%c9%99rin-mohk%c9%99mliyini-muzakir%c9%99-edib-foto","status":"publish","type":"post","link":"https:\/\/arantv.az\/?p=722385","title":{"rendered":"Mikay\u0131l Cabbarov belaruslu nazirl\u0259rl\u0259 iki \u00f6lk\u0259 aras\u0131nda iqtisadi \u0259laq\u0259l\u0259rin m\u00f6hk\u0259mliyini m\u00fczakir\u0259 edib &#8211; FOTO"},"content":{"rendered":"<article class=\"news\">\n<div class=\"news-inner\">\n<p>\u201cBelarus Respublikas\u0131n\u0131n antiinhisar t\u0259nziml\u0259nm\u0259si v\u0259 ticar\u0259t naziri Aleksey Boqdanov v\u0259 s\u0259naye naziri Aleksandr Roqojnikl\u0259 g\u00f6r\u00fc\u015fd\u0259 \u00f6lk\u0259l\u0259rimiz aras\u0131nda iqtisadi \u0259laq\u0259l\u0259rin m\u00f6hk\u0259ml\u0259ndiyini qeyd etdik\u201d.<\/p>\n<p>Bu bar\u0259d\u0259 iqtisadiyyat naziri Mikay\u0131l Cabbarov \u00f6z\u00fcn\u00fcn \u201cX\u201d hesab\u0131nda payla\u015f\u0131m edib.<\/p>\n<p>\u201cNazirl\u0259r\u0259 Az\u0259rbaycanda h\u0259yata ke\u00e7iril\u0259n antiinhisary\u00f6n\u00fcml\u00fc islahatlar bar\u0259d\u0259 m\u0259lumat verdik, h\u0259m\u00e7inin ticar\u0259tin geni\u015fl\u0259ndirilm\u0259si, s\u0259naye, istehsal\u0131n lokalla\u015fd\u0131r\u0131lmas\u0131, standartla\u015fd\u0131rma sah\u0259sind\u0259 \u0259m\u0259kda\u015fl\u0131q imkanlar\u0131n\u0131 n\u0259z\u0259rd\u0259n ke\u00e7irdik\u201d, &#8211;\u00a0dey\u0259 M.Cabbarov qeyd edib.<\/p>\n<div>\n<div class=\"twitter-tweet twitter-tweet-rendered\"><iframe id=\"twitter-widget-0\" class=\"\" title=\"X Post\" src=\"https:\/\/platform.twitter.com\/embed\/Tweet.html?creatorScreenName=oxuaz&amp;dnt=false&amp;embedId=twitter-widget-0&amp;features=eyJ0ZndfdGltZWxpbmVfbGlzdCI6eyJidWNrZXQiOltdLCJ2ZXJzaW9uIjpudWxsfSwidGZ3X2ZvbGxvd2VyX2NvdW50X3N1bnNldCI6eyJidWNrZXQiOnRydWUsInZlcnNpb24iOm51bGx9LCJ0ZndfdHdlZXRfZWRpdF9iYWNrZW5kIjp7ImJ1Y2tldCI6Im9uIiwidmVyc2lvbiI6bnVsbH0sInRmd19yZWZzcmNfc2Vzc2lvbiI6eyJidWNrZXQiOiJvbiIsInZlcnNpb24iOm51bGx9LCJ0ZndfZm9zbnJfc29mdF9pbnRlcnZlbnRpb25zX2VuYWJsZWQiOnsiYnVja2V0Ijoib24iLCJ2ZXJzaW9uIjpudWxsfSwidGZ3X21peGVkX21lZGlhXzE1ODk3Ijp7ImJ1Y2tldCI6InRyZWF0bWVudCIsInZlcnNpb24iOm51bGx9LCJ0ZndfZXhwZXJpbWVudHNfY29va2llX2V4cGlyYXRpb24iOnsiYnVja2V0IjoxMjA5NjAwLCJ2ZXJzaW9uIjpudWxsfSwidGZ3X3Nob3dfYmlyZHdhdGNoX3Bpdm90c19lbmFibGVkIjp7ImJ1Y2tldCI6Im9uIiwidmVyc2lvbiI6bnVsbH0sInRmd19kdXBsaWNhdGVfc2NyaWJlc190b19zZXR0aW5ncyI6eyJidWNrZXQiOiJvbiIsInZlcnNpb24iOm51bGx9LCJ0ZndfdXNlX3Byb2ZpbGVfaW1hZ2Vfc2hhcGVfZW5hYmxlZCI6eyJidWNrZXQiOiJvbiIsInZlcnNpb24iOm51bGx9LCJ0ZndfdmlkZW9faGxzX2R5bmFtaWNfbWFuaWZlc3RzXzE1MDgyIjp7ImJ1Y2tldCI6InRydWVfYml0cmF0ZSIsInZlcnNpb24iOm51bGx9LCJ0ZndfbGVnYWN5X3RpbWVsaW5lX3N1bnNldCI6eyJidWNrZXQiOnRydWUsInZlcnNpb24iOm51bGx9LCJ0ZndfdHdlZXRfZWRpdF9mcm9udGVuZCI6eyJidWNrZXQiOiJvbiIsInZlcnNpb24iOm51bGx9fQ%3D%3D&amp;frame=false&amp;hideCard=false&amp;hideThread=false&amp;id=1790989632651321708&amp;lang=en&amp;origin=https%3A%2F%2Foxu.az%2Feconomy%2F871674&amp;sessionId=b191b3d67c8c5f97a08201095cb54dd6259cd161&amp;siteScreenName=oxuaz&amp;theme=light&amp;widgetsVersion=2615f7e52b7e0%3A1702314776716&amp;width=550px\" frameborder=\"0\" scrolling=\"no\" allowfullscreen=\"allowfullscreen\" data-tweet-id=\"1790989632651321708\" data-mce-fragment=\"1\"><\/iframe><\/div>\n<\/div>\n<\/div>\n<\/article>\n","protected":false},"excerpt":{"rendered":"<p>\u201cBelarus Respublikas\u0131n\u0131n antiinhisar t\u0259nziml\u0259nm\u0259si v\u0259 ticar\u0259t naziri Aleksey Boqdanov v\u0259 s\u0259naye naziri Aleksandr Roqojnikl\u0259 g\u00f6r\u00fc\u015fd\u0259 \u00f6lk\u0259l\u0259rimiz aras\u0131nda iqtisadi \u0259laq\u0259l\u0259rin m\u00f6hk\u0259ml\u0259ndiyini qeyd etdik\u201d. Bu bar\u0259d\u0259 iqtisadiyyat naziri Mikay\u0131l Cabbarov \u00f6z\u00fcn\u00fcn \u201cX\u201d hesab\u0131nda payla\u015f\u0131m edib. \u201cNazirl\u0259r\u0259 Az\u0259rbaycanda h\u0259yata ke\u00e7iril\u0259n antiinhisary\u00f6n\u00fcml\u00fc islahatlar bar\u0259d\u0259 m\u0259lumat verdik, h\u0259m\u00e7inin ticar\u0259tin geni\u015fl\u0259ndirilm\u0259si, s\u0259naye, istehsal\u0131n lokalla\u015fd\u0131r\u0131lmas\u0131, standartla\u015fd\u0131rma sah\u0259sind\u0259 \u0259m\u0259kda\u015fl\u0131q imkanlar\u0131n\u0131 n\u0259z\u0259rd\u0259n ke\u00e7irdik\u201d, &#8211;\u00a0dey\u0259 M.Cabbarov qeyd edib.<\/p>\n","protected":false},"author":2,"featured_media":722386,"comment_status":"closed","ping_status":"closed","sticky":false,"template":"","format":"standard","meta":{"om_disable_all_campaigns":false,"_monsterinsights_skip_tracking":false,"_monsterinsights_sitenote_active":false,"_monsterinsights_sitenote_note":"","_monsterinsights_sitenote_category":0},"categories":[19],"tags":[],"aioseo_notices":[],"gutentor_comment":0,"rttpg_featured_image_url":{"full":["https:\/\/arantv.az\/wp-content\/uploads\/2024\/05\/khhgffghj.jpg",620,413,false],"landscape":["https:\/\/arantv.az\/wp-content\/uploads\/2024\/05\/khhgffghj.jpg",620,413,false],"portraits":["https:\/\/arantv.az\/wp-content\/uploads\/2024\/05\/khhgffghj.jpg",620,413,false],"thumbnail":["https:\/\/arantv.az\/wp-content\/uploads\/2024\/05\/khhgffghj-500x280.jpg",500,280,true],"medium":["https:\/\/arantv.az\/wp-content\/uploads\/2024\/05\/khhgffghj-548x365.jpg",548,365,true],"large":["https:\/\/arantv.az\/wp-content\/uploads\/2024\/05\/khhgffghj.jpg",620,413,false],"1536x1536":["https:\/\/arantv.az\/wp-content\/uploads\/2024\/05\/khhgffghj.jpg",620,413,false],"2048x2048":["https:\/\/arantv.az\/wp-content\/uploads\/2024\/05\/khhgffghj.jpg",620,413,false],"post-thumbnail":["https:\/\/arantv.az\/wp-content\/uploads\/2024\/05\/khhgffghj-240x172.jpg",240,172,true],"advps-thumb-one":["https:\/\/arantv.az\/wp-content\/uploads\/2024\/05\/khhgffghj.jpg",620,413,false]},"rttpg_author":{"display_name":"V\u00fcsal Rafiqo\u011flu","author_link":"https:\/\/arantv.az\/?author=2"},"rttpg_comment":0,"rttpg_category":"<a href=\"https:\/\/arantv.az\/?cat=19\" rel=\"category\">G\u00fcnd\u0259m<\/a>","rttpg_excerpt":"\u201cBelarus Respublikas\u0131n\u0131n antiinhisar t\u0259nziml\u0259nm\u0259si v\u0259 ticar\u0259t naziri Aleksey Boqdanov v\u0259 s\u0259naye naziri Aleksandr Roqojnikl\u0259 g\u00f6r\u00fc\u015fd\u0259 \u00f6lk\u0259l\u0259rimiz aras\u0131nda iqtisadi \u0259laq\u0259l\u0259rin m\u00f6hk\u0259ml\u0259ndiyini qeyd etdik\u201d. Bu bar\u0259d\u0259 iqtisadiyyat naziri Mikay\u0131l Cabbarov \u00f6z\u00fcn\u00fcn \u201cX\u201d hesab\u0131nda payla\u015f\u0131m edib. \u201cNazirl\u0259r\u0259 Az\u0259rbaycanda h\u0259yata ke\u00e7iril\u0259n antiinhisary\u00f6n\u00fcml\u00fc islahatlar bar\u0259d\u0259 m\u0259lumat verdik, h\u0259m\u00e7inin ticar\u0259tin geni\u015fl\u0259ndirilm\u0259si, s\u0259naye, istehsal\u0131n lokalla\u015fd\u0131r\u0131lmas\u0131, standartla\u015fd\u0131rma sah\u0259sind\u0259 \u0259m\u0259kda\u015fl\u0131q imkanlar\u0131n\u0131 n\u0259z\u0259rd\u0259n ke\u00e7irdik\u201d, &#8211;\u00a0dey\u0259&hellip;","_links":{"self":[{"href":"https:\/\/arantv.az\/index.php?rest_route=\/wp\/v2\/posts\/722385"}],"collection":[{"href":"https:\/\/arantv.az\/index.php?rest_route=\/wp\/v2\/posts"}],"about":[{"href":"https:\/\/arantv.az\/index.php?rest_route=\/wp\/v2\/types\/post"}],"author":[{"embeddable":true,"href":"https:\/\/arantv.az\/index.php?rest_route=\/wp\/v2\/users\/2"}],"replies":[{"embeddable":true,"href":"https:\/\/arantv.az\/index.php?rest_route=%2Fwp%2Fv2%2Fcomments&post=722385"}],"version-history":[{"count":0,"href":"https:\/\/arantv.az\/index.php?rest_route=\/wp\/v2\/posts\/722385\/revisions"}],"wp:featuredmedia":[{"embeddable":true,"href":"https:\/\/arantv.az\/index.php?rest_route=\/wp\/v2\/media\/722386"}],"wp:attachment":[{"href":"https:\/\/arantv.az\/index.php?rest_route=%2Fwp%2Fv2%2Fmedia&parent=722385"}],"wp:term":[{"taxonomy":"category","embeddable":true,"href":"https:\/\/arantv.az\/index.php?rest_route=%2Fwp%2Fv2%2Fcategories&post=722385"},{"taxonomy":"post_tag","embeddable":true,"href":"https:\/\/arantv.az\/index.php?rest_route=%2Fwp%2Fv2%2Ftags&post=722385"}],"curies":[{"name":"wp","href":"https:\/\/api.w.org\/{rel}","templated":true}]}}