{"id":722388,"date":"2024-05-16T11:06:34","date_gmt":"2024-05-16T07:06:34","guid":{"rendered":"https:\/\/arantv.az\/?p=722388"},"modified":"2024-05-16T11:06:34","modified_gmt":"2024-05-16T07:06:34","slug":"serbiya-prezidentini-h%c9%99d%c9%99l%c9%99y%c9%99n-s%c9%99xs-saxlanildi","status":"publish","type":"post","link":"https:\/\/arantv.az\/?p=722388","title":{"rendered":"Serbiya prezidentini h\u0259d\u0259l\u0259y\u0259n \u015f\u0259xs saxlan\u0131ld\u0131"},"content":{"rendered":"<p>\u201cSerbiyada polis Prezident\u00a0Aleksandar Vu\u00e7i\u00e7\u0259 h\u0259d\u0259-qorxu g\u0259l\u0259n \u015f\u0259xsi saxlay\u0131b\u201d.<\/p>\n<p>Bunu \u00f6lk\u0259nin daxili i\u015fl\u0259r naziri \u0130vitsa Da\u00e7i\u00e7 bildirib.<\/p>\n<p>\u201cRespublika prezidentinin t\u0259hl\u00fck\u0259sizliyin\u0259 t\u0259hdidl\u0259r s\u0259b\u0259bind\u0259n polis Sombordan olan Draqan Miyatovi\u00e7i saxlay\u0131b. O, 48 saat m\u00fcdd\u0259tin\u0259 h\u0259bs olunub\u201d, &#8211; Serbiya Daxili \u0130\u015fl\u0259r Nazirliyi bildirib.<\/p>\n<p>M\u0259nb\u0259: Lenta.ru<\/p>\n","protected":false},"excerpt":{"rendered":"<p>\u201cSerbiyada polis Prezident\u00a0Aleksandar Vu\u00e7i\u00e7\u0259 h\u0259d\u0259-qorxu g\u0259l\u0259n \u015f\u0259xsi saxlay\u0131b\u201d. Bunu \u00f6lk\u0259nin daxili i\u015fl\u0259r naziri \u0130vitsa Da\u00e7i\u00e7 bildirib. \u201cRespublika prezidentinin t\u0259hl\u00fck\u0259sizliyin\u0259 t\u0259hdidl\u0259r s\u0259b\u0259bind\u0259n polis Sombordan olan Draqan Miyatovi\u00e7i saxlay\u0131b. O, 48 saat m\u00fcdd\u0259tin\u0259 h\u0259bs olunub\u201d, &#8211; Serbiya Daxili \u0130\u015fl\u0259r Nazirliyi bildirib. M\u0259nb\u0259: Lenta.ru<\/p>\n","protected":false},"author":2,"featured_media":722389,"comment_status":"closed","ping_status":"closed","sticky":false,"template":"","format":"standard","meta":{"om_disable_all_campaigns":false,"_monsterinsights_skip_tracking":false,"_monsterinsights_sitenote_active":false,"_monsterinsights_sitenote_note":"","_monsterinsights_sitenote_category":0},"categories":[7],"tags":[],"aioseo_notices":[],"gutentor_comment":0,"rttpg_featured_image_url":{"full":["https:\/\/arantv.az\/wp-content\/uploads\/2024\/05\/442000598_453938983794740_856379314238739699_n.jpg",620,413,false],"landscape":["https:\/\/arantv.az\/wp-content\/uploads\/2024\/05\/442000598_453938983794740_856379314238739699_n.jpg",620,413,false],"portraits":["https:\/\/arantv.az\/wp-content\/uploads\/2024\/05\/442000598_453938983794740_856379314238739699_n.jpg",620,413,false],"thumbnail":["https:\/\/arantv.az\/wp-content\/uploads\/2024\/05\/442000598_453938983794740_856379314238739699_n-500x280.jpg",500,280,true],"medium":["https:\/\/arantv.az\/wp-content\/uploads\/2024\/05\/442000598_453938983794740_856379314238739699_n-548x365.jpg",548,365,true],"large":["https:\/\/arantv.az\/wp-content\/uploads\/2024\/05\/442000598_453938983794740_856379314238739699_n.jpg",620,413,false],"1536x1536":["https:\/\/arantv.az\/wp-content\/uploads\/2024\/05\/442000598_453938983794740_856379314238739699_n.jpg",620,413,false],"2048x2048":["https:\/\/arantv.az\/wp-content\/uploads\/2024\/05\/442000598_453938983794740_856379314238739699_n.jpg",620,413,false],"post-thumbnail":["https:\/\/arantv.az\/wp-content\/uploads\/2024\/05\/442000598_453938983794740_856379314238739699_n-240x172.jpg",240,172,true],"advps-thumb-one":["https:\/\/arantv.az\/wp-content\/uploads\/2024\/05\/442000598_453938983794740_856379314238739699_n.jpg",620,413,false]},"rttpg_author":{"display_name":"V\u00fcsal Rafiqo\u011flu","author_link":"https:\/\/arantv.az\/?author=2"},"rttpg_comment":0,"rttpg_category":"<a href=\"https:\/\/arantv.az\/?cat=7\" rel=\"category\">D\u00fcnya<\/a>","rttpg_excerpt":"\u201cSerbiyada polis Prezident\u00a0Aleksandar Vu\u00e7i\u00e7\u0259 h\u0259d\u0259-qorxu g\u0259l\u0259n \u015f\u0259xsi saxlay\u0131b\u201d. Bunu \u00f6lk\u0259nin daxili i\u015fl\u0259r naziri \u0130vitsa Da\u00e7i\u00e7 bildirib. \u201cRespublika prezidentinin t\u0259hl\u00fck\u0259sizliyin\u0259 t\u0259hdidl\u0259r s\u0259b\u0259bind\u0259n polis Sombordan olan Draqan Miyatovi\u00e7i saxlay\u0131b. O, 48 saat m\u00fcdd\u0259tin\u0259 h\u0259bs olunub\u201d, &#8211; Serbiya Daxili \u0130\u015fl\u0259r Nazirliyi bildirib. M\u0259nb\u0259: Lenta.ru","_links":{"self":[{"href":"https:\/\/arantv.az\/index.php?rest_route=\/wp\/v2\/posts\/722388"}],"collection":[{"href":"https:\/\/arantv.az\/index.php?rest_route=\/wp\/v2\/posts"}],"about":[{"href":"https:\/\/arantv.az\/index.php?rest_route=\/wp\/v2\/types\/post"}],"author":[{"embeddable":true,"href":"https:\/\/arantv.az\/index.php?rest_route=\/wp\/v2\/users\/2"}],"replies":[{"embeddable":true,"href":"https:\/\/arantv.az\/index.php?rest_route=%2Fwp%2Fv2%2Fcomments&post=722388"}],"version-history":[{"count":0,"href":"https:\/\/arantv.az\/index.php?rest_route=\/wp\/v2\/posts\/722388\/revisions"}],"wp:featuredmedia":[{"embeddable":true,"href":"https:\/\/arantv.az\/index.php?rest_route=\/wp\/v2\/media\/722389"}],"wp:attachment":[{"href":"https:\/\/arantv.az\/index.php?rest_route=%2Fwp%2Fv2%2Fmedia&parent=722388"}],"wp:term":[{"taxonomy":"category","embeddable":true,"href":"https:\/\/arantv.az\/index.php?rest_route=%2Fwp%2Fv2%2Fcategories&post=722388"},{"taxonomy":"post_tag","embeddable":true,"href":"https:\/\/arantv.az\/index.php?rest_route=%2Fwp%2Fv2%2Ftags&post=722388"}],"curies":[{"name":"wp","href":"https:\/\/api.w.org\/{rel}","templated":true}]}}