{"id":722400,"date":"2024-05-16T11:17:02","date_gmt":"2024-05-16T07:17:02","guid":{"rendered":"https:\/\/arantv.az\/?p=722400"},"modified":"2024-05-16T11:17:02","modified_gmt":"2024-05-16T07:17:02","slug":"az%c9%99rbaycanin-su-ehtiyatlari-15-faiz%c9%99d%c9%99k-azalib-nazirlik-r%c9%99smisi","status":"publish","type":"post","link":"https:\/\/arantv.az\/?p=722400","title":{"rendered":"Az\u0259rbaycan\u0131n su ehtiyatlar\u0131 15 faiz\u0259d\u0259k azal\u0131b &#8211; Nazirlik r\u0259smisi"},"content":{"rendered":"<p>\u0130qlim d\u0259yi\u015fiklikl\u0259ri d\u00fcnya ictimaiyy\u0259tini ciddi narahat edir.<\/p>\n<p><strong>ARANTV.AZ x\u0259b\u0259r verir ki,<\/strong>\u00a0bu s\u00f6zl\u0259ri ADA Universitetind\u0259 ke\u00e7iril\u0259n \u0130qlim-Su Zirv\u0259sind\u0259 Ekologiya v\u0259 T\u0259bii S\u0259rv\u0259tl\u0259r Nazirliyinin Milli Hidrometeorologiya Xidm\u0259tinin r\u0259is m\u00fcavini \u018fkb\u0259r \u018fsg\u0259rov deyib.<\/p>\n<p>O, iqlim d\u0259yi\u015fm\u0259l\u0259rinin su ehtiyatlar\u0131na olduqca m\u0259nfi t\u0259sir etdiyin\u0259 diqq\u0259t \u00e7\u0259kib:<\/p>\n<p>\u201c\u00d6lk\u0259d\u0259 su obyektl\u0259ri \u00fcz\u0259rind\u0259 m\u00fc\u015fahid\u0259l\u0259r apar\u0131l\u0131r. Biz qlobal istil\u0259\u015fm\u0259nin bu sah\u0259d\u0259 yaratd\u0131\u011f\u0131 f\u0259sadlar\u0131n \u015fahidi oluruq. M\u0259hz bu s\u0259b\u0259bd\u0259n, Az\u0259rbaycan\u0131n su ehtiyatlar\u0131nda 15 faiz\u0259 q\u0259d\u0259r azalma var\u201d.<\/p>\n<p>\u018f.\u018fsg\u0259rov bu il COP29-un Az\u0259rbaycanda ke\u00e7irilm\u0259sini m\u00fch\u00fcm hadis\u0259 kimi d\u0259y\u0259rl\u0259ndirib: \u201cCOP29-da ya\u015f\u0131l planet v\u0259 sa\u011flam g\u0259l\u0259c\u0259k namin\u0259 \u00fczl\u0259\u015f\u0259 bil\u0259c\u0259yimiz probleml\u0259ri idar\u0259 etm\u0259k \u00fc\u00e7\u00fcn geni\u015f m\u00fczakir\u0259l\u0259r apar\u0131lacaq\u201d.<\/p>\n","protected":false},"excerpt":{"rendered":"<p>\u0130qlim d\u0259yi\u015fiklikl\u0259ri d\u00fcnya ictimaiyy\u0259tini ciddi narahat edir. ARANTV.AZ x\u0259b\u0259r verir ki,\u00a0bu s\u00f6zl\u0259ri ADA Universitetind\u0259 ke\u00e7iril\u0259n \u0130qlim-Su Zirv\u0259sind\u0259 Ekologiya v\u0259 T\u0259bii S\u0259rv\u0259tl\u0259r Nazirliyinin Milli Hidrometeorologiya Xidm\u0259tinin r\u0259is m\u00fcavini \u018fkb\u0259r \u018fsg\u0259rov deyib. O, iqlim d\u0259yi\u015fm\u0259l\u0259rinin su ehtiyatlar\u0131na olduqca m\u0259nfi t\u0259sir etdiyin\u0259 diqq\u0259t \u00e7\u0259kib: \u201c\u00d6lk\u0259d\u0259 su obyektl\u0259ri \u00fcz\u0259rind\u0259 m\u00fc\u015fahid\u0259l\u0259r apar\u0131l\u0131r. Biz qlobal istil\u0259\u015fm\u0259nin bu sah\u0259d\u0259 yaratd\u0131\u011f\u0131 f\u0259sadlar\u0131n \u015fahidi oluruq. M\u0259hz bu s\u0259b\u0259bd\u0259n, Az\u0259rbaycan\u0131n su ehtiyatlar\u0131nda 15 faiz\u0259 q\u0259d\u0259r azalma var\u201d. \u018f.\u018fsg\u0259rov bu il COP29-un Az\u0259rbaycanda ke\u00e7irilm\u0259sini m\u00fch\u00fcm hadis\u0259 kimi d\u0259y\u0259rl\u0259ndirib: \u201cCOP29-da ya\u015f\u0131l planet v\u0259 sa\u011flam g\u0259l\u0259c\u0259k namin\u0259 \u00fczl\u0259\u015f\u0259 bil\u0259c\u0259yimiz probleml\u0259ri idar\u0259 etm\u0259k \u00fc\u00e7\u00fcn&hellip;<\/p>\n","protected":false},"author":2,"featured_media":722401,"comment_status":"closed","ping_status":"closed","sticky":false,"template":"","format":"standard","meta":{"om_disable_all_campaigns":false,"_monsterinsights_skip_tracking":false,"_monsterinsights_sitenote_active":false,"_monsterinsights_sitenote_note":"","_monsterinsights_sitenote_category":0},"categories":[1],"tags":[],"aioseo_notices":[],"gutentor_comment":0,"rttpg_featured_image_url":{"full":["https:\/\/arantv.az\/wp-content\/uploads\/2024\/05\/bd622697162891588530213531710399357.jpg",975,540,false],"landscape":["https:\/\/arantv.az\/wp-content\/uploads\/2024\/05\/bd622697162891588530213531710399357.jpg",975,540,false],"portraits":["https:\/\/arantv.az\/wp-content\/uploads\/2024\/05\/bd622697162891588530213531710399357.jpg",975,540,false],"thumbnail":["https:\/\/arantv.az\/wp-content\/uploads\/2024\/05\/bd622697162891588530213531710399357-500x280.jpg",500,280,true],"medium":["https:\/\/arantv.az\/wp-content\/uploads\/2024\/05\/bd622697162891588530213531710399357-660x365.jpg",660,365,true],"large":["https:\/\/arantv.az\/wp-content\/uploads\/2024\/05\/bd622697162891588530213531710399357-840x465.jpg",640,354,true],"1536x1536":["https:\/\/arantv.az\/wp-content\/uploads\/2024\/05\/bd622697162891588530213531710399357.jpg",975,540,false],"2048x2048":["https:\/\/arantv.az\/wp-content\/uploads\/2024\/05\/bd622697162891588530213531710399357.jpg",975,540,false],"post-thumbnail":["https:\/\/arantv.az\/wp-content\/uploads\/2024\/05\/bd622697162891588530213531710399357-240x172.jpg",240,172,true],"advps-thumb-one":["https:\/\/arantv.az\/wp-content\/uploads\/2024\/05\/bd622697162891588530213531710399357.jpg",975,540,false]},"rttpg_author":{"display_name":"V\u00fcsal Rafiqo\u011flu","author_link":"https:\/\/arantv.az\/?author=2"},"rttpg_comment":0,"rttpg_category":"<a href=\"https:\/\/arantv.az\/?cat=1\" rel=\"category\">C\u0259miyy\u0259t<\/a>","rttpg_excerpt":"\u0130qlim d\u0259yi\u015fiklikl\u0259ri d\u00fcnya ictimaiyy\u0259tini ciddi narahat edir. ARANTV.AZ x\u0259b\u0259r verir ki,\u00a0bu s\u00f6zl\u0259ri ADA Universitetind\u0259 ke\u00e7iril\u0259n \u0130qlim-Su Zirv\u0259sind\u0259 Ekologiya v\u0259 T\u0259bii S\u0259rv\u0259tl\u0259r Nazirliyinin Milli Hidrometeorologiya Xidm\u0259tinin r\u0259is m\u00fcavini \u018fkb\u0259r \u018fsg\u0259rov deyib. O, iqlim d\u0259yi\u015fm\u0259l\u0259rinin su ehtiyatlar\u0131na olduqca m\u0259nfi t\u0259sir etdiyin\u0259 diqq\u0259t \u00e7\u0259kib: \u201c\u00d6lk\u0259d\u0259 su obyektl\u0259ri \u00fcz\u0259rind\u0259 m\u00fc\u015fahid\u0259l\u0259r apar\u0131l\u0131r. Biz qlobal istil\u0259\u015fm\u0259nin bu sah\u0259d\u0259 yaratd\u0131\u011f\u0131 f\u0259sadlar\u0131n \u015fahidi&hellip;","_links":{"self":[{"href":"https:\/\/arantv.az\/index.php?rest_route=\/wp\/v2\/posts\/722400"}],"collection":[{"href":"https:\/\/arantv.az\/index.php?rest_route=\/wp\/v2\/posts"}],"about":[{"href":"https:\/\/arantv.az\/index.php?rest_route=\/wp\/v2\/types\/post"}],"author":[{"embeddable":true,"href":"https:\/\/arantv.az\/index.php?rest_route=\/wp\/v2\/users\/2"}],"replies":[{"embeddable":true,"href":"https:\/\/arantv.az\/index.php?rest_route=%2Fwp%2Fv2%2Fcomments&post=722400"}],"version-history":[{"count":0,"href":"https:\/\/arantv.az\/index.php?rest_route=\/wp\/v2\/posts\/722400\/revisions"}],"wp:featuredmedia":[{"embeddable":true,"href":"https:\/\/arantv.az\/index.php?rest_route=\/wp\/v2\/media\/722401"}],"wp:attachment":[{"href":"https:\/\/arantv.az\/index.php?rest_route=%2Fwp%2Fv2%2Fmedia&parent=722400"}],"wp:term":[{"taxonomy":"category","embeddable":true,"href":"https:\/\/arantv.az\/index.php?rest_route=%2Fwp%2Fv2%2Fcategories&post=722400"},{"taxonomy":"post_tag","embeddable":true,"href":"https:\/\/arantv.az\/index.php?rest_route=%2Fwp%2Fv2%2Ftags&post=722400"}],"curies":[{"name":"wp","href":"https:\/\/api.w.org\/{rel}","templated":true}]}}