{"id":722403,"date":"2024-05-16T11:19:26","date_gmt":"2024-05-16T07:19:26","guid":{"rendered":"https:\/\/arantv.az\/?p=722403"},"modified":"2024-05-16T11:19:26","modified_gmt":"2024-05-16T07:19:26","slug":"sahdag-milli-parkina-reintroduksiya-edilmis-n%c9%99cib-marallarin-sayinda-artim-qeyd%c9%99-alinib","status":"publish","type":"post","link":"https:\/\/arantv.az\/?p=722403","title":{"rendered":"\u015eahda\u011f Milli Park\u0131na reintroduksiya edilmi\u015f n\u0259cib marallar\u0131n say\u0131nda art\u0131m qeyd\u0259 al\u0131n\u0131b"},"content":{"rendered":"<div class=\"entry-meta\">\n<p><img class=\"fotorama__img\" src=\"https:\/\/azertag.az\/files\/galleryphoto\/2024\/2\/1200x630\/17158435311579739717_1200x630.jpg\" \/><\/p>\n<\/div>\n<div class=\"news-body\">\n<div class=\"news-body\">\n<p>&nbsp;<\/p>\n<\/div>\n<p>IDEA \u0130ctimai Birliyi v\u0259 Ekologiya v\u0259 T\u0259bii S\u0259rv\u0259tl\u0259r Nazirliyinin birg\u0259 t\u0259\u015fkilat\u00e7\u0131l\u0131\u011f\u0131 il\u0259 h\u0259yata ke\u00e7iril\u0259n nadir v\u0259 n\u0259sli k\u0259silm\u0259k t\u0259hl\u00fck\u0259sind\u0259 olan bioloji n\u00f6vl\u0259rin art\u0131r\u0131lmas\u0131, tarix\u0259n m\u0259skunla\u015fd\u0131qlar\u0131 \u0259razil\u0259r\u0259 reintroduksiya olunmas\u0131 layih\u0259si \u00e7\u0259r\u00e7iv\u0259sind\u0259 \u015eahda\u011f Milli Park\u0131na burax\u0131lan n\u0259cib marallardan birinin balas\u0131 d\u00fcnyaya g\u0259lib. Bel\u0259likl\u0259, reintroduksiya edilmi\u015f n\u0259cib marallar\u0131n say\u0131 t\u0259bii art\u0131mla birlikd\u0259 8 ba\u015fa \u00e7at\u0131b.<\/p>\n<p>Bu bar\u0259d\u0259\u00a0<a class=\"azertac-link\" href=\"https:\/\/azertag.az\/\" target=\"_blank\" rel=\"noopener\">AZ\u018fRTAC<\/a>-a Ekologiya v\u0259 T\u0259bii S\u0259rv\u0259tl\u0259r Nazirliyinin m\u0259tbuat xidm\u0259tind\u0259n m\u0259lumat verilib.<\/p>\n<p>Bildirilib ki, haz\u0131rda bala v\u0259 anan\u0131n v\u0259ziyy\u0259ti yax\u015f\u0131d\u0131r, onlar y\u0131rt\u0131c\u0131lardan m\u00fchafiz\u0259 m\u0259qs\u0259dil\u0259 \u015eahda\u011f Milli Park\u0131n\u0131n \u0130smay\u0131ll\u0131 b\u00f6lm\u0259sind\u0259 qapal\u0131 volyer \u015f\u0259raitind\u0259 saxlan\u0131l\u0131r.<\/p>\n<p>Qeyd ed\u0259k ki, Az\u0259rbaycan\u0131n \u201cQ\u0131rm\u0131z\u0131 Kitab\u201d\u0131na daxil edilmi\u015f n\u0259cib maral ke\u00e7mi\u015f d\u00f6vrl\u0259rd\u0259 B\u00f6y\u00fck v\u0259 Ki\u00e7ik Qafqaz\u0131n, Tal\u0131\u015f da\u011flar\u0131n\u0131n me\u015f\u0259l\u0259rind\u0259, h\u0259m\u00e7inin K\u00fcr v\u0259 Araz \u00e7aylar\u0131n\u0131n Tuqay me\u015f\u0259l\u0259rind\u0259 ya\u015fay\u0131b. Haz\u0131rda n\u0259cib maral populyasiyalar\u0131na yaln\u0131z B\u00f6y\u00fck Qafqazda rast g\u0259linir. Bu n\u00f6v\u00fcn me\u015f\u0259 ekosisteml\u0259rinin inki\u015faf\u0131nda potensial rolunu n\u0259z\u0259r\u0259 alaraq, onun populyasiyas\u0131n\u0131n b\u0259rpa edilm\u0259si t\u0259bi\u0259timiz \u00fc\u00e7\u00fcn olduqca m\u00fch\u00fcm \u0259h\u0259miyy\u0259t\u0259 malikdir.<\/p>\n<\/div>\n","protected":false},"excerpt":{"rendered":"<p>&nbsp; IDEA \u0130ctimai Birliyi v\u0259 Ekologiya v\u0259 T\u0259bii S\u0259rv\u0259tl\u0259r Nazirliyinin birg\u0259 t\u0259\u015fkilat\u00e7\u0131l\u0131\u011f\u0131 il\u0259 h\u0259yata ke\u00e7iril\u0259n nadir v\u0259 n\u0259sli k\u0259silm\u0259k t\u0259hl\u00fck\u0259sind\u0259 olan bioloji n\u00f6vl\u0259rin art\u0131r\u0131lmas\u0131, tarix\u0259n m\u0259skunla\u015fd\u0131qlar\u0131 \u0259razil\u0259r\u0259 reintroduksiya olunmas\u0131 layih\u0259si \u00e7\u0259r\u00e7iv\u0259sind\u0259 \u015eahda\u011f Milli Park\u0131na burax\u0131lan n\u0259cib marallardan birinin balas\u0131 d\u00fcnyaya g\u0259lib. Bel\u0259likl\u0259, reintroduksiya edilmi\u015f n\u0259cib marallar\u0131n say\u0131 t\u0259bii art\u0131mla birlikd\u0259 8 ba\u015fa \u00e7at\u0131b. Bu bar\u0259d\u0259\u00a0AZ\u018fRTAC-a Ekologiya v\u0259 T\u0259bii S\u0259rv\u0259tl\u0259r Nazirliyinin m\u0259tbuat xidm\u0259tind\u0259n m\u0259lumat verilib. Bildirilib ki, haz\u0131rda bala v\u0259 anan\u0131n v\u0259ziyy\u0259ti yax\u015f\u0131d\u0131r, onlar y\u0131rt\u0131c\u0131lardan m\u00fchafiz\u0259 m\u0259qs\u0259dil\u0259 \u015eahda\u011f Milli Park\u0131n\u0131n \u0130smay\u0131ll\u0131 b\u00f6lm\u0259sind\u0259 qapal\u0131 volyer \u015f\u0259raitind\u0259 saxlan\u0131l\u0131r. Qeyd ed\u0259k ki, Az\u0259rbaycan\u0131n \u201cQ\u0131rm\u0131z\u0131&hellip;<\/p>\n","protected":false},"author":2,"featured_media":722404,"comment_status":"closed","ping_status":"closed","sticky":false,"template":"","format":"standard","meta":{"om_disable_all_campaigns":false,"_monsterinsights_skip_tracking":false,"_monsterinsights_sitenote_active":false,"_monsterinsights_sitenote_note":"","_monsterinsights_sitenote_category":0},"categories":[1],"tags":[],"aioseo_notices":[],"gutentor_comment":0,"rttpg_featured_image_url":{"full":["https:\/\/arantv.az\/wp-content\/uploads\/2024\/05\/17158435311579739717_1200x630.jpg",472,630,false],"landscape":["https:\/\/arantv.az\/wp-content\/uploads\/2024\/05\/17158435311579739717_1200x630.jpg",472,630,false],"portraits":["https:\/\/arantv.az\/wp-content\/uploads\/2024\/05\/17158435311579739717_1200x630.jpg",472,630,false],"thumbnail":["https:\/\/arantv.az\/wp-content\/uploads\/2024\/05\/17158435311579739717_1200x630-472x280.jpg",472,280,true],"medium":["https:\/\/arantv.az\/wp-content\/uploads\/2024\/05\/17158435311579739717_1200x630-273x365.jpg",273,365,true],"large":["https:\/\/arantv.az\/wp-content\/uploads\/2024\/05\/17158435311579739717_1200x630.jpg",472,630,false],"1536x1536":["https:\/\/arantv.az\/wp-content\/uploads\/2024\/05\/17158435311579739717_1200x630.jpg",472,630,false],"2048x2048":["https:\/\/arantv.az\/wp-content\/uploads\/2024\/05\/17158435311579739717_1200x630.jpg",472,630,false],"post-thumbnail":["https:\/\/arantv.az\/wp-content\/uploads\/2024\/05\/17158435311579739717_1200x630-240x172.jpg",240,172,true],"advps-thumb-one":["https:\/\/arantv.az\/wp-content\/uploads\/2024\/05\/17158435311579739717_1200x630-472x620.jpg",472,620,true]},"rttpg_author":{"display_name":"V\u00fcsal Rafiqo\u011flu","author_link":"https:\/\/arantv.az\/?author=2"},"rttpg_comment":0,"rttpg_category":"<a href=\"https:\/\/arantv.az\/?cat=1\" rel=\"category\">C\u0259miyy\u0259t<\/a>","rttpg_excerpt":"&nbsp; IDEA \u0130ctimai Birliyi v\u0259 Ekologiya v\u0259 T\u0259bii S\u0259rv\u0259tl\u0259r Nazirliyinin birg\u0259 t\u0259\u015fkilat\u00e7\u0131l\u0131\u011f\u0131 il\u0259 h\u0259yata ke\u00e7iril\u0259n nadir v\u0259 n\u0259sli k\u0259silm\u0259k t\u0259hl\u00fck\u0259sind\u0259 olan bioloji n\u00f6vl\u0259rin art\u0131r\u0131lmas\u0131, tarix\u0259n m\u0259skunla\u015fd\u0131qlar\u0131 \u0259razil\u0259r\u0259 reintroduksiya olunmas\u0131 layih\u0259si \u00e7\u0259r\u00e7iv\u0259sind\u0259 \u015eahda\u011f Milli Park\u0131na burax\u0131lan n\u0259cib marallardan birinin balas\u0131 d\u00fcnyaya g\u0259lib. Bel\u0259likl\u0259, reintroduksiya edilmi\u015f n\u0259cib marallar\u0131n say\u0131 t\u0259bii art\u0131mla birlikd\u0259 8 ba\u015fa \u00e7at\u0131b. Bu bar\u0259d\u0259\u00a0AZ\u018fRTAC-a&hellip;","_links":{"self":[{"href":"https:\/\/arantv.az\/index.php?rest_route=\/wp\/v2\/posts\/722403"}],"collection":[{"href":"https:\/\/arantv.az\/index.php?rest_route=\/wp\/v2\/posts"}],"about":[{"href":"https:\/\/arantv.az\/index.php?rest_route=\/wp\/v2\/types\/post"}],"author":[{"embeddable":true,"href":"https:\/\/arantv.az\/index.php?rest_route=\/wp\/v2\/users\/2"}],"replies":[{"embeddable":true,"href":"https:\/\/arantv.az\/index.php?rest_route=%2Fwp%2Fv2%2Fcomments&post=722403"}],"version-history":[{"count":0,"href":"https:\/\/arantv.az\/index.php?rest_route=\/wp\/v2\/posts\/722403\/revisions"}],"wp:featuredmedia":[{"embeddable":true,"href":"https:\/\/arantv.az\/index.php?rest_route=\/wp\/v2\/media\/722404"}],"wp:attachment":[{"href":"https:\/\/arantv.az\/index.php?rest_route=%2Fwp%2Fv2%2Fmedia&parent=722403"}],"wp:term":[{"taxonomy":"category","embeddable":true,"href":"https:\/\/arantv.az\/index.php?rest_route=%2Fwp%2Fv2%2Fcategories&post=722403"},{"taxonomy":"post_tag","embeddable":true,"href":"https:\/\/arantv.az\/index.php?rest_route=%2Fwp%2Fv2%2Ftags&post=722403"}],"curies":[{"name":"wp","href":"https:\/\/api.w.org\/{rel}","templated":true}]}}