{"id":722411,"date":"2024-05-16T11:20:49","date_gmt":"2024-05-16T07:20:49","guid":{"rendered":"https:\/\/arantv.az\/?p=722411"},"modified":"2024-05-16T11:20:49","modified_gmt":"2024-05-16T07:20:49","slug":"az%c9%99rbaycanda-s%c9%99f%c9%99rd%c9%99-olan-aleksandr-lukasenkonun-r%c9%99smi-qarsilanma-m%c9%99rasimi-olub","status":"publish","type":"post","link":"https:\/\/arantv.az\/?p=722411","title":{"rendered":"Az\u0259rbaycanda s\u0259f\u0259rd\u0259 olan Aleksandr Luka\u015fenkonun r\u0259smi qar\u015f\u0131lanma m\u0259rasimi olub"},"content":{"rendered":"<p>Az\u0259rbaycan Respublikas\u0131na d\u00f6vl\u0259t s\u0259f\u0259rin\u0259 g\u0259l\u0259n Belarus Respublikas\u0131n\u0131n Prezidenti Aleksandr Luka\u015fenkonun may\u0131n 16-da r\u0259smi qar\u015f\u0131lanma m\u0259rasimi olub.<\/p>\n<p><a href=\"https:\/\/azertag.az\/xeber\/belarus_prezidenti_aleksandr_lukasenkonun_resmi_qarsilanma_merasimi_olub-3004626\" target=\"_blank\" rel=\"noopener\">AZ\u018fRTAC<\/a>\u00a0x\u0259b\u0259r verir ki, h\u0259r iki \u00f6lk\u0259nin D\u00f6vl\u0259t bayraqlar\u0131n\u0131n dal\u011faland\u0131\u011f\u0131 meydanda Belarus Prezidentinin \u015f\u0259r\u0259fin\u0259 f\u0259xri qarovul d\u0259st\u0259si d\u00fcz\u00fcl\u00fcb.<\/p>\n<p>Az\u0259rbaycan Prezidenti\u00a0<strong>\u0130lham \u018fliyev<\/strong>\u00a0Belarus Prezidenti Aleksandr Luka\u015fenkonu qar\u015f\u0131lay\u0131b.<\/p>\n<p>F\u0259xri qarovul d\u0259st\u0259sinin r\u0259isi Belarus Prezidentin\u0259 raport verib.<\/p>\n<p>Belarus Respublikas\u0131n\u0131n v\u0259 Az\u0259rbaycan Respublikas\u0131n\u0131n D\u00f6vl\u0259t himnl\u0259ri s\u0259sl\u0259ndirilib.<\/p>\n<p>Az\u0259rbaycan n\u00fcmay\u0259nd\u0259 hey\u0259ti Belarus Prezidentin\u0259, Belarus n\u00fcmay\u0259nd\u0259 hey\u0259ti is\u0259 Az\u0259rbaycan Prezidentin\u0259 t\u0259qdim olunub.<\/p>\n<p>F\u0259xri qarovul d\u0259st\u0259si h\u0259rbi mar\u015f\u0131n s\u0259dalar\u0131 alt\u0131nda Az\u0259rbaycan Prezidenti \u0130lham \u018fliyevin v\u0259 Belarus Prezidenti Aleksandr Luka\u015fenkonun qar\u015f\u0131s\u0131ndan ke\u00e7ib.<\/p>\n<p>D\u00f6vl\u0259t ba\u015f\u00e7\u0131lar\u0131 r\u0259smi foto \u00e7\u0259kdiribl\u0259r.<\/p>\n","protected":false},"excerpt":{"rendered":"<p>Az\u0259rbaycan Respublikas\u0131na d\u00f6vl\u0259t s\u0259f\u0259rin\u0259 g\u0259l\u0259n Belarus Respublikas\u0131n\u0131n Prezidenti Aleksandr Luka\u015fenkonun may\u0131n 16-da r\u0259smi qar\u015f\u0131lanma m\u0259rasimi olub. AZ\u018fRTAC\u00a0x\u0259b\u0259r verir ki, h\u0259r iki \u00f6lk\u0259nin D\u00f6vl\u0259t bayraqlar\u0131n\u0131n dal\u011faland\u0131\u011f\u0131 meydanda Belarus Prezidentinin \u015f\u0259r\u0259fin\u0259 f\u0259xri qarovul d\u0259st\u0259si d\u00fcz\u00fcl\u00fcb. Az\u0259rbaycan Prezidenti\u00a0\u0130lham \u018fliyev\u00a0Belarus Prezidenti Aleksandr Luka\u015fenkonu qar\u015f\u0131lay\u0131b. F\u0259xri qarovul d\u0259st\u0259sinin r\u0259isi Belarus Prezidentin\u0259 raport verib. Belarus Respublikas\u0131n\u0131n v\u0259 Az\u0259rbaycan Respublikas\u0131n\u0131n D\u00f6vl\u0259t himnl\u0259ri s\u0259sl\u0259ndirilib. Az\u0259rbaycan n\u00fcmay\u0259nd\u0259 hey\u0259ti Belarus Prezidentin\u0259, Belarus n\u00fcmay\u0259nd\u0259 hey\u0259ti is\u0259 Az\u0259rbaycan Prezidentin\u0259 t\u0259qdim olunub. F\u0259xri qarovul d\u0259st\u0259si h\u0259rbi mar\u015f\u0131n s\u0259dalar\u0131 alt\u0131nda Az\u0259rbaycan Prezidenti \u0130lham \u018fliyevin v\u0259 Belarus Prezidenti Aleksandr Luka\u015fenkonun qar\u015f\u0131s\u0131ndan ke\u00e7ib. D\u00f6vl\u0259t ba\u015f\u00e7\u0131lar\u0131 r\u0259smi&hellip;<\/p>\n","protected":false},"author":2,"featured_media":722412,"comment_status":"closed","ping_status":"closed","sticky":false,"template":"","format":"standard","meta":{"om_disable_all_campaigns":false,"_monsterinsights_skip_tracking":false,"_monsterinsights_sitenote_active":false,"_monsterinsights_sitenote_note":"","_monsterinsights_sitenote_category":0},"categories":[4],"tags":[],"aioseo_notices":[],"gutentor_comment":0,"rttpg_featured_image_url":{"full":["https:\/\/arantv.az\/wp-content\/uploads\/2024\/05\/65c3aba852d2665c3aba852d27170732228065c3aba852d2465c3aba852d25.jpg",620,413,false],"landscape":["https:\/\/arantv.az\/wp-content\/uploads\/2024\/05\/65c3aba852d2665c3aba852d27170732228065c3aba852d2465c3aba852d25.jpg",620,413,false],"portraits":["https:\/\/arantv.az\/wp-content\/uploads\/2024\/05\/65c3aba852d2665c3aba852d27170732228065c3aba852d2465c3aba852d25.jpg",620,413,false],"thumbnail":["https:\/\/arantv.az\/wp-content\/uploads\/2024\/05\/65c3aba852d2665c3aba852d27170732228065c3aba852d2465c3aba852d25-500x280.jpg",500,280,true],"medium":["https:\/\/arantv.az\/wp-content\/uploads\/2024\/05\/65c3aba852d2665c3aba852d27170732228065c3aba852d2465c3aba852d25-548x365.jpg",548,365,true],"large":["https:\/\/arantv.az\/wp-content\/uploads\/2024\/05\/65c3aba852d2665c3aba852d27170732228065c3aba852d2465c3aba852d25.jpg",620,413,false],"1536x1536":["https:\/\/arantv.az\/wp-content\/uploads\/2024\/05\/65c3aba852d2665c3aba852d27170732228065c3aba852d2465c3aba852d25.jpg",620,413,false],"2048x2048":["https:\/\/arantv.az\/wp-content\/uploads\/2024\/05\/65c3aba852d2665c3aba852d27170732228065c3aba852d2465c3aba852d25.jpg",620,413,false],"post-thumbnail":["https:\/\/arantv.az\/wp-content\/uploads\/2024\/05\/65c3aba852d2665c3aba852d27170732228065c3aba852d2465c3aba852d25-240x172.jpg",240,172,true],"advps-thumb-one":["https:\/\/arantv.az\/wp-content\/uploads\/2024\/05\/65c3aba852d2665c3aba852d27170732228065c3aba852d2465c3aba852d25.jpg",620,413,false]},"rttpg_author":{"display_name":"V\u00fcsal Rafiqo\u011flu","author_link":"https:\/\/arantv.az\/?author=2"},"rttpg_comment":0,"rttpg_category":"<a href=\"https:\/\/arantv.az\/?cat=4\" rel=\"category\">Siyas\u0259t<\/a>","rttpg_excerpt":"Az\u0259rbaycan Respublikas\u0131na d\u00f6vl\u0259t s\u0259f\u0259rin\u0259 g\u0259l\u0259n Belarus Respublikas\u0131n\u0131n Prezidenti Aleksandr Luka\u015fenkonun may\u0131n 16-da r\u0259smi qar\u015f\u0131lanma m\u0259rasimi olub. AZ\u018fRTAC\u00a0x\u0259b\u0259r verir ki, h\u0259r iki \u00f6lk\u0259nin D\u00f6vl\u0259t bayraqlar\u0131n\u0131n dal\u011faland\u0131\u011f\u0131 meydanda Belarus Prezidentinin \u015f\u0259r\u0259fin\u0259 f\u0259xri qarovul d\u0259st\u0259si d\u00fcz\u00fcl\u00fcb. Az\u0259rbaycan Prezidenti\u00a0\u0130lham \u018fliyev\u00a0Belarus Prezidenti Aleksandr Luka\u015fenkonu qar\u015f\u0131lay\u0131b. F\u0259xri qarovul d\u0259st\u0259sinin r\u0259isi Belarus Prezidentin\u0259 raport verib. Belarus Respublikas\u0131n\u0131n v\u0259 Az\u0259rbaycan Respublikas\u0131n\u0131n D\u00f6vl\u0259t himnl\u0259ri&hellip;","_links":{"self":[{"href":"https:\/\/arantv.az\/index.php?rest_route=\/wp\/v2\/posts\/722411"}],"collection":[{"href":"https:\/\/arantv.az\/index.php?rest_route=\/wp\/v2\/posts"}],"about":[{"href":"https:\/\/arantv.az\/index.php?rest_route=\/wp\/v2\/types\/post"}],"author":[{"embeddable":true,"href":"https:\/\/arantv.az\/index.php?rest_route=\/wp\/v2\/users\/2"}],"replies":[{"embeddable":true,"href":"https:\/\/arantv.az\/index.php?rest_route=%2Fwp%2Fv2%2Fcomments&post=722411"}],"version-history":[{"count":0,"href":"https:\/\/arantv.az\/index.php?rest_route=\/wp\/v2\/posts\/722411\/revisions"}],"wp:featuredmedia":[{"embeddable":true,"href":"https:\/\/arantv.az\/index.php?rest_route=\/wp\/v2\/media\/722412"}],"wp:attachment":[{"href":"https:\/\/arantv.az\/index.php?rest_route=%2Fwp%2Fv2%2Fmedia&parent=722411"}],"wp:term":[{"taxonomy":"category","embeddable":true,"href":"https:\/\/arantv.az\/index.php?rest_route=%2Fwp%2Fv2%2Fcategories&post=722411"},{"taxonomy":"post_tag","embeddable":true,"href":"https:\/\/arantv.az\/index.php?rest_route=%2Fwp%2Fv2%2Ftags&post=722411"}],"curies":[{"name":"wp","href":"https:\/\/api.w.org\/{rel}","templated":true}]}}