{"id":722419,"date":"2024-05-16T11:22:20","date_gmt":"2024-05-16T07:22:20","guid":{"rendered":"https:\/\/arantv.az\/?p=722419"},"modified":"2024-05-16T11:22:20","modified_gmt":"2024-05-16T07:22:20","slug":"ruben-vardanyanla-bagli-m%c9%99hk%c9%99m%c9%99y%c9%99-muraci%c9%99t-edildi","status":"publish","type":"post","link":"https:\/\/arantv.az\/?p=722419","title":{"rendered":"Ruben Vardanyanla ba\u011fl\u0131 m\u0259hk\u0259m\u0259y\u0259 m\u00fcraci\u0259t edildi"},"content":{"rendered":"<p>Qaraba\u011fdak\u0131 ke\u00e7mi\u015f qondarma qurumun \u201cd\u00f6vl\u0259t naziri\u201d Ruben Vardanyan bar\u0259sind\u0259 se\u00e7ilmi\u015f q\u0259timkan t\u0259dbirinin m\u00fcdd\u0259tinin uzad\u0131lmas\u0131 il\u0259 ba\u011fl\u0131 m\u0259hk\u0259m\u0259y\u0259 m\u00fcraci\u0259t edilib.<\/p>\n<p>APA-n\u0131n \u0259ld\u0259 etdiyi m\u0259lumata g\u00f6r\u0259, cinay\u0259t i\u015fi \u00fczr\u0259 istintaq\u0131n apar\u0131ld\u0131\u011f\u0131 D\u00f6vl\u0259t T\u0259hl\u00fck\u0259sizliyi Xidm\u0259ti \u0130stintaq Ba\u015f \u0130dar\u0259sinin v\u0259sat\u0259tin\u0259 S\u0259bail Rayon M\u0259hk\u0259m\u0259sind\u0259 bax\u0131l\u0131r.<\/p>\n<p>Qeyd ed\u0259k ki, Ruben Vardanyan \u00f6t\u0259n il Qaraba\u011fda saxlan\u0131laraq Bak\u0131ya g\u0259tirilib.<\/p>\n<p>Ona Cinay\u0259t M\u0259c\u0259ll\u0259sinin 214-1 (terror\u00e7ulu\u011fu maliyy\u0259l\u0259\u015fdirm\u0259), 279.3 (qanunvericilikl\u0259 n\u0259z\u0259rd\u0259 tutulmayan silahl\u0131 birl\u0259\u015fm\u0259l\u0259rin v\u0259 ya qruplar\u0131n yarad\u0131lmas\u0131nda v\u0259 f\u0259aliyy\u0259tind\u0259 i\u015ftirak etm\u0259) v\u0259 318.1-ci (Az\u0259rbaycan Respublikas\u0131n\u0131n d\u00f6vl\u0259t s\u0259rh\u0259dini qanunsuz olaraq ke\u00e7m\u0259) madd\u0259l\u0259ri il\u0259 ittiham verildiyi m\u0259lumdur.<\/p>\n<p>Xat\u0131rladaq ki, BBC v\u0259 dig\u0259r xarici media qurumlar\u0131 bu yax\u0131nlarda Ruben Vardanyan\u0131n m\u00fcxt\u0259lif \u00f6lk\u0259l\u0259rd\u0259 \u00e7irkli pullar\u0131n yuyulmas\u0131 mexanizml\u0259ri il\u0259 ba\u011fl\u0131 v\u0259 dig\u0259r \u0259m\u0259ll\u0259rini if\u015fa ed\u0259n geni\u015f ara\u015fd\u0131rma materiallar\u0131 il\u0259 \u00e7\u0131x\u0131\u015f etmi\u015fdi.<\/p>\n","protected":false},"excerpt":{"rendered":"<p>Qaraba\u011fdak\u0131 ke\u00e7mi\u015f qondarma qurumun \u201cd\u00f6vl\u0259t naziri\u201d Ruben Vardanyan bar\u0259sind\u0259 se\u00e7ilmi\u015f q\u0259timkan t\u0259dbirinin m\u00fcdd\u0259tinin uzad\u0131lmas\u0131 il\u0259 ba\u011fl\u0131 m\u0259hk\u0259m\u0259y\u0259 m\u00fcraci\u0259t edilib. APA-n\u0131n \u0259ld\u0259 etdiyi m\u0259lumata g\u00f6r\u0259, cinay\u0259t i\u015fi \u00fczr\u0259 istintaq\u0131n apar\u0131ld\u0131\u011f\u0131 D\u00f6vl\u0259t T\u0259hl\u00fck\u0259sizliyi Xidm\u0259ti \u0130stintaq Ba\u015f \u0130dar\u0259sinin v\u0259sat\u0259tin\u0259 S\u0259bail Rayon M\u0259hk\u0259m\u0259sind\u0259 bax\u0131l\u0131r. Qeyd ed\u0259k ki, Ruben Vardanyan \u00f6t\u0259n il Qaraba\u011fda saxlan\u0131laraq Bak\u0131ya g\u0259tirilib. Ona Cinay\u0259t M\u0259c\u0259ll\u0259sinin 214-1 (terror\u00e7ulu\u011fu maliyy\u0259l\u0259\u015fdirm\u0259), 279.3 (qanunvericilikl\u0259 n\u0259z\u0259rd\u0259 tutulmayan silahl\u0131 birl\u0259\u015fm\u0259l\u0259rin v\u0259 ya qruplar\u0131n yarad\u0131lmas\u0131nda v\u0259 f\u0259aliyy\u0259tind\u0259 i\u015ftirak etm\u0259) v\u0259 318.1-ci (Az\u0259rbaycan Respublikas\u0131n\u0131n d\u00f6vl\u0259t s\u0259rh\u0259dini qanunsuz olaraq ke\u00e7m\u0259) madd\u0259l\u0259ri il\u0259 ittiham verildiyi m\u0259lumdur. Xat\u0131rladaq ki, BBC v\u0259 dig\u0259r&hellip;<\/p>\n","protected":false},"author":2,"featured_media":722420,"comment_status":"closed","ping_status":"closed","sticky":false,"template":"","format":"standard","meta":{"om_disable_all_campaigns":false,"_monsterinsights_skip_tracking":false,"_monsterinsights_sitenote_active":false,"_monsterinsights_sitenote_note":"","_monsterinsights_sitenote_category":0},"categories":[1],"tags":[],"aioseo_notices":[],"gutentor_comment":0,"rttpg_featured_image_url":{"full":["https:\/\/arantv.az\/wp-content\/uploads\/2024\/05\/6645aea21a3256645aea21a32617158427226645aea21a3236645aea21a324.jpg",620,413,false],"landscape":["https:\/\/arantv.az\/wp-content\/uploads\/2024\/05\/6645aea21a3256645aea21a32617158427226645aea21a3236645aea21a324.jpg",620,413,false],"portraits":["https:\/\/arantv.az\/wp-content\/uploads\/2024\/05\/6645aea21a3256645aea21a32617158427226645aea21a3236645aea21a324.jpg",620,413,false],"thumbnail":["https:\/\/arantv.az\/wp-content\/uploads\/2024\/05\/6645aea21a3256645aea21a32617158427226645aea21a3236645aea21a324-500x280.jpg",500,280,true],"medium":["https:\/\/arantv.az\/wp-content\/uploads\/2024\/05\/6645aea21a3256645aea21a32617158427226645aea21a3236645aea21a324-548x365.jpg",548,365,true],"large":["https:\/\/arantv.az\/wp-content\/uploads\/2024\/05\/6645aea21a3256645aea21a32617158427226645aea21a3236645aea21a324.jpg",620,413,false],"1536x1536":["https:\/\/arantv.az\/wp-content\/uploads\/2024\/05\/6645aea21a3256645aea21a32617158427226645aea21a3236645aea21a324.jpg",620,413,false],"2048x2048":["https:\/\/arantv.az\/wp-content\/uploads\/2024\/05\/6645aea21a3256645aea21a32617158427226645aea21a3236645aea21a324.jpg",620,413,false],"post-thumbnail":["https:\/\/arantv.az\/wp-content\/uploads\/2024\/05\/6645aea21a3256645aea21a32617158427226645aea21a3236645aea21a324-240x172.jpg",240,172,true],"advps-thumb-one":["https:\/\/arantv.az\/wp-content\/uploads\/2024\/05\/6645aea21a3256645aea21a32617158427226645aea21a3236645aea21a324.jpg",620,413,false]},"rttpg_author":{"display_name":"V\u00fcsal Rafiqo\u011flu","author_link":"https:\/\/arantv.az\/?author=2"},"rttpg_comment":0,"rttpg_category":"<a href=\"https:\/\/arantv.az\/?cat=1\" rel=\"category\">C\u0259miyy\u0259t<\/a>","rttpg_excerpt":"Qaraba\u011fdak\u0131 ke\u00e7mi\u015f qondarma qurumun \u201cd\u00f6vl\u0259t naziri\u201d Ruben Vardanyan bar\u0259sind\u0259 se\u00e7ilmi\u015f q\u0259timkan t\u0259dbirinin m\u00fcdd\u0259tinin uzad\u0131lmas\u0131 il\u0259 ba\u011fl\u0131 m\u0259hk\u0259m\u0259y\u0259 m\u00fcraci\u0259t edilib. APA-n\u0131n \u0259ld\u0259 etdiyi m\u0259lumata g\u00f6r\u0259, cinay\u0259t i\u015fi \u00fczr\u0259 istintaq\u0131n apar\u0131ld\u0131\u011f\u0131 D\u00f6vl\u0259t T\u0259hl\u00fck\u0259sizliyi Xidm\u0259ti \u0130stintaq Ba\u015f \u0130dar\u0259sinin v\u0259sat\u0259tin\u0259 S\u0259bail Rayon M\u0259hk\u0259m\u0259sind\u0259 bax\u0131l\u0131r. Qeyd ed\u0259k ki, Ruben Vardanyan \u00f6t\u0259n il Qaraba\u011fda saxlan\u0131laraq Bak\u0131ya g\u0259tirilib. Ona Cinay\u0259t M\u0259c\u0259ll\u0259sinin 214-1&hellip;","_links":{"self":[{"href":"https:\/\/arantv.az\/index.php?rest_route=\/wp\/v2\/posts\/722419"}],"collection":[{"href":"https:\/\/arantv.az\/index.php?rest_route=\/wp\/v2\/posts"}],"about":[{"href":"https:\/\/arantv.az\/index.php?rest_route=\/wp\/v2\/types\/post"}],"author":[{"embeddable":true,"href":"https:\/\/arantv.az\/index.php?rest_route=\/wp\/v2\/users\/2"}],"replies":[{"embeddable":true,"href":"https:\/\/arantv.az\/index.php?rest_route=%2Fwp%2Fv2%2Fcomments&post=722419"}],"version-history":[{"count":0,"href":"https:\/\/arantv.az\/index.php?rest_route=\/wp\/v2\/posts\/722419\/revisions"}],"wp:featuredmedia":[{"embeddable":true,"href":"https:\/\/arantv.az\/index.php?rest_route=\/wp\/v2\/media\/722420"}],"wp:attachment":[{"href":"https:\/\/arantv.az\/index.php?rest_route=%2Fwp%2Fv2%2Fmedia&parent=722419"}],"wp:term":[{"taxonomy":"category","embeddable":true,"href":"https:\/\/arantv.az\/index.php?rest_route=%2Fwp%2Fv2%2Fcategories&post=722419"},{"taxonomy":"post_tag","embeddable":true,"href":"https:\/\/arantv.az\/index.php?rest_route=%2Fwp%2Fv2%2Ftags&post=722419"}],"curies":[{"name":"wp","href":"https:\/\/api.w.org\/{rel}","templated":true}]}}