{"id":722451,"date":"2024-05-16T12:34:39","date_gmt":"2024-05-16T08:34:39","guid":{"rendered":"https:\/\/arantv.az\/?p=722451"},"modified":"2024-05-16T12:34:39","modified_gmt":"2024-05-16T08:34:39","slug":"az%c9%99rbaycanda-iki-institut-l%c9%99gv-olundu-%c9%99v%c9%99zind%c9%99-yeni-qurum-yaradildi","status":"publish","type":"post","link":"https:\/\/arantv.az\/?p=722451","title":{"rendered":"Az\u0259rbaycanda iki institut l\u0259\u011fv olundu, \u0259v\u0259zind\u0259 yeni qurum yarad\u0131ld\u0131"},"content":{"rendered":"<p>Az\u0259rbaycan Meliorasiya v\u0259 Su T\u0259s\u0259rr\u00fcfat\u0131 ASC-nin Su t\u0259s\u0259rr\u00fcfat\u0131 obyektl\u0259rinin layih\u0259l\u0259ndirilm\u0259si \u00fczr\u0259 Az\u0259rbaycan D\u00f6vl\u0259t \u0130nstitutu (\u201cAzd\u00f6vsut\u0259slayih\u0259\u201d) v\u0259 \u201cAz\u0259rsu\u201d ASC-nin \u201cSukanal\u201d Elmi T\u0259dqiqat v\u0259 Layih\u0259 \u0130nstitutu l\u0259\u011fv edilib.<\/p>\n<p>\u0130qtisadiyyat.az x\u0259b\u0259r verir ki, bununla ba\u011fl\u0131 m\u00fcvafiq q\u0259rar imzalan\u0131b.<\/p>\n<p>Q\u0259rara \u0259sas\u0259n, l\u0259\u011fv edil\u0259n institutlar birl\u0259\u015fdiril\u0259r\u0259k \u201cSu v\u0259 Meliorasiya Kompleksinin Layih\u0259l\u0259ndirilm\u0259si \u0130nstitutu\u201d publik h\u00fcquqi \u015f\u0259xs yarad\u0131l\u0131b.<\/p>\n<p>\u201cSu v\u0259 Meliorasiya Kompleksinin Layih\u0259l\u0259ndirilm\u0259si \u0130nstitutu\u201d\u00a0publik h\u00fcquqi \u015f\u0259xs onlar\u0131n h\u00fcquqi varisi hesab edilib.<\/p>\n","protected":false},"excerpt":{"rendered":"<p>Az\u0259rbaycan Meliorasiya v\u0259 Su T\u0259s\u0259rr\u00fcfat\u0131 ASC-nin Su t\u0259s\u0259rr\u00fcfat\u0131 obyektl\u0259rinin layih\u0259l\u0259ndirilm\u0259si \u00fczr\u0259 Az\u0259rbaycan D\u00f6vl\u0259t \u0130nstitutu (\u201cAzd\u00f6vsut\u0259slayih\u0259\u201d) v\u0259 \u201cAz\u0259rsu\u201d ASC-nin \u201cSukanal\u201d Elmi T\u0259dqiqat v\u0259 Layih\u0259 \u0130nstitutu l\u0259\u011fv edilib. \u0130qtisadiyyat.az x\u0259b\u0259r verir ki, bununla ba\u011fl\u0131 m\u00fcvafiq q\u0259rar imzalan\u0131b. Q\u0259rara \u0259sas\u0259n, l\u0259\u011fv edil\u0259n institutlar birl\u0259\u015fdiril\u0259r\u0259k \u201cSu v\u0259 Meliorasiya Kompleksinin Layih\u0259l\u0259ndirilm\u0259si \u0130nstitutu\u201d publik h\u00fcquqi \u015f\u0259xs yarad\u0131l\u0131b. \u201cSu v\u0259 Meliorasiya Kompleksinin Layih\u0259l\u0259ndirilm\u0259si \u0130nstitutu\u201d\u00a0publik h\u00fcquqi \u015f\u0259xs onlar\u0131n h\u00fcquqi varisi hesab edilib.<\/p>\n","protected":false},"author":2,"featured_media":722452,"comment_status":"closed","ping_status":"closed","sticky":false,"template":"","format":"standard","meta":{"om_disable_all_campaigns":false,"_monsterinsights_skip_tracking":false,"_monsterinsights_sitenote_active":false,"_monsterinsights_sitenote_note":"","_monsterinsights_sitenote_category":0},"categories":[1],"tags":[],"aioseo_notices":[],"gutentor_comment":0,"rttpg_featured_image_url":{"full":["https:\/\/arantv.az\/wp-content\/uploads\/2024\/05\/FotoJet-34-1.jpg",620,413,false],"landscape":["https:\/\/arantv.az\/wp-content\/uploads\/2024\/05\/FotoJet-34-1.jpg",620,413,false],"portraits":["https:\/\/arantv.az\/wp-content\/uploads\/2024\/05\/FotoJet-34-1.jpg",620,413,false],"thumbnail":["https:\/\/arantv.az\/wp-content\/uploads\/2024\/05\/FotoJet-34-1-500x280.jpg",500,280,true],"medium":["https:\/\/arantv.az\/wp-content\/uploads\/2024\/05\/FotoJet-34-1-548x365.jpg",548,365,true],"large":["https:\/\/arantv.az\/wp-content\/uploads\/2024\/05\/FotoJet-34-1.jpg",620,413,false],"1536x1536":["https:\/\/arantv.az\/wp-content\/uploads\/2024\/05\/FotoJet-34-1.jpg",620,413,false],"2048x2048":["https:\/\/arantv.az\/wp-content\/uploads\/2024\/05\/FotoJet-34-1.jpg",620,413,false],"post-thumbnail":["https:\/\/arantv.az\/wp-content\/uploads\/2024\/05\/FotoJet-34-1-240x172.jpg",240,172,true],"advps-thumb-one":["https:\/\/arantv.az\/wp-content\/uploads\/2024\/05\/FotoJet-34-1.jpg",620,413,false]},"rttpg_author":{"display_name":"V\u00fcsal Rafiqo\u011flu","author_link":"https:\/\/arantv.az\/?author=2"},"rttpg_comment":0,"rttpg_category":"<a href=\"https:\/\/arantv.az\/?cat=1\" rel=\"category\">C\u0259miyy\u0259t<\/a>","rttpg_excerpt":"Az\u0259rbaycan Meliorasiya v\u0259 Su T\u0259s\u0259rr\u00fcfat\u0131 ASC-nin Su t\u0259s\u0259rr\u00fcfat\u0131 obyektl\u0259rinin layih\u0259l\u0259ndirilm\u0259si \u00fczr\u0259 Az\u0259rbaycan D\u00f6vl\u0259t \u0130nstitutu (\u201cAzd\u00f6vsut\u0259slayih\u0259\u201d) v\u0259 \u201cAz\u0259rsu\u201d ASC-nin \u201cSukanal\u201d Elmi T\u0259dqiqat v\u0259 Layih\u0259 \u0130nstitutu l\u0259\u011fv edilib. \u0130qtisadiyyat.az x\u0259b\u0259r verir ki, bununla ba\u011fl\u0131 m\u00fcvafiq q\u0259rar imzalan\u0131b. Q\u0259rara \u0259sas\u0259n, l\u0259\u011fv edil\u0259n institutlar birl\u0259\u015fdiril\u0259r\u0259k \u201cSu v\u0259 Meliorasiya Kompleksinin Layih\u0259l\u0259ndirilm\u0259si \u0130nstitutu\u201d publik h\u00fcquqi \u015f\u0259xs yarad\u0131l\u0131b. \u201cSu v\u0259 Meliorasiya Kompleksinin&hellip;","_links":{"self":[{"href":"https:\/\/arantv.az\/index.php?rest_route=\/wp\/v2\/posts\/722451"}],"collection":[{"href":"https:\/\/arantv.az\/index.php?rest_route=\/wp\/v2\/posts"}],"about":[{"href":"https:\/\/arantv.az\/index.php?rest_route=\/wp\/v2\/types\/post"}],"author":[{"embeddable":true,"href":"https:\/\/arantv.az\/index.php?rest_route=\/wp\/v2\/users\/2"}],"replies":[{"embeddable":true,"href":"https:\/\/arantv.az\/index.php?rest_route=%2Fwp%2Fv2%2Fcomments&post=722451"}],"version-history":[{"count":0,"href":"https:\/\/arantv.az\/index.php?rest_route=\/wp\/v2\/posts\/722451\/revisions"}],"wp:featuredmedia":[{"embeddable":true,"href":"https:\/\/arantv.az\/index.php?rest_route=\/wp\/v2\/media\/722452"}],"wp:attachment":[{"href":"https:\/\/arantv.az\/index.php?rest_route=%2Fwp%2Fv2%2Fmedia&parent=722451"}],"wp:term":[{"taxonomy":"category","embeddable":true,"href":"https:\/\/arantv.az\/index.php?rest_route=%2Fwp%2Fv2%2Fcategories&post=722451"},{"taxonomy":"post_tag","embeddable":true,"href":"https:\/\/arantv.az\/index.php?rest_route=%2Fwp%2Fv2%2Ftags&post=722451"}],"curies":[{"name":"wp","href":"https:\/\/api.w.org\/{rel}","templated":true}]}}