{"id":722458,"date":"2024-05-16T12:35:56","date_gmt":"2024-05-16T08:35:56","guid":{"rendered":"https:\/\/arantv.az\/?p=722458"},"modified":"2024-05-16T12:35:56","modified_gmt":"2024-05-16T08:35:56","slug":"ir%c9%99vanda-etirazcilarin-saxlanilmasina-baslandi-video","status":"publish","type":"post","link":"https:\/\/arantv.az\/?p=722458","title":{"rendered":"\u0130r\u0259vanda etiraz\u00e7\u0131lar\u0131n saxlan\u0131lmas\u0131na ba\u015fland\u0131 &#8211; V\u0130DEO"},"content":{"rendered":"<p>\u0130r\u0259vanda h\u00fcquq-m\u00fchafiz\u0259 orqanlar\u0131 ba\u015f nazir Nikol Pa\u015finyan\u0131n istefas\u0131n\u0131 t\u0259l\u0259b ed\u0259n etiraz\u00e7\u0131lar\u0131n saxlan\u0131lmas\u0131na ba\u015flay\u0131b.<\/p>\n<p>Bununla ba\u011fl\u0131 \u201cTelegram\u201d\u0131n\u00a0Erm\u0259nistan seqmentind\u0259ki kanallarda videog\u00f6r\u00fcnt\u00fcl\u0259r yay\u0131l\u0131b.<\/p>\n<p>M\u0259lumata g\u00f6r\u0259, \u015f\u0259h\u0259rin m\u0259rk\u0259zind\u0259 ke\u00e7iril\u0259n aksiyada n\u00fcmayi\u015f\u00e7il\u0259r polis q\u00fcvv\u0259l\u0259ri t\u0259r\u0259find\u0259n saxlan\u0131l\u0131r v\u0259 ma\u015f\u0131nlara mindiril\u0259r\u0259k apar\u0131l\u0131rlar.<\/p>\n<p>Qeyd ed\u0259k ki, \u0259raziy\u0259 daha \u0259vv\u0259l polis v\u0259 x\u00fcsusi t\u0259yinatl\u0131lardan ibar\u0259t \u0259lav\u0259 q\u00fcvv\u0259l\u0259r yerl\u0259\u015fdirilmi\u015fdi. Pa\u015finyan\u0131n siyas\u0259tini q\u0259bul etm\u0259k ist\u0259m\u0259y\u0259nl\u0259rl\u0259 s\u0259rt r\u0259ftar edilir, dig\u0259r etiraz\u00e7\u0131lar\u0131n g\u00f6z\u00fc qar\u015f\u0131s\u0131nda ma\u015f\u0131nlara mindirilirl\u0259r.<\/p>\n<p>Polis r\u0259hb\u0259rliyi hans\u0131 s\u0259b\u0259bd\u0259n insanlar\u0131n saxlan\u0131ld\u0131qlar\u0131 il\u0259 ba\u011fl\u0131 a\u00e7\u0131qlama verm\u0259yib.<\/p>\n<p>Eyni zamanda Erm\u0259nistan h\u00f6kum\u0259t binas\u0131 qar\u015f\u0131s\u0131nda ke\u00e7iril\u0259n etiraz aksiyalar\u0131 davam edir. Yerli sakinl\u0259r \u00f6lk\u0259nin haz\u0131rk\u0131 ba\u015f naziri Pa\u015finyan\u0131n istefas\u0131n\u0131 t\u0259l\u0259b edirl\u0259r.<\/p>\n<div>\n<div><iframe loading=\"lazy\" id=\"telegram-post-oxuaze-92367\" src=\"https:\/\/t.me\/oxuaze\/92367?embed=1\" width=\"100%\" height=\"\" frameborder=\"0\" scrolling=\"no\" data-mce-fragment=\"1\"><\/iframe><\/div>\n<\/div>\n<p>&nbsp;<\/p>\n","protected":false},"excerpt":{"rendered":"<p>\u0130r\u0259vanda h\u00fcquq-m\u00fchafiz\u0259 orqanlar\u0131 ba\u015f nazir Nikol Pa\u015finyan\u0131n istefas\u0131n\u0131 t\u0259l\u0259b ed\u0259n etiraz\u00e7\u0131lar\u0131n saxlan\u0131lmas\u0131na ba\u015flay\u0131b. Bununla ba\u011fl\u0131 \u201cTelegram\u201d\u0131n\u00a0Erm\u0259nistan seqmentind\u0259ki kanallarda videog\u00f6r\u00fcnt\u00fcl\u0259r yay\u0131l\u0131b. M\u0259lumata g\u00f6r\u0259, \u015f\u0259h\u0259rin m\u0259rk\u0259zind\u0259 ke\u00e7iril\u0259n aksiyada n\u00fcmayi\u015f\u00e7il\u0259r polis q\u00fcvv\u0259l\u0259ri t\u0259r\u0259find\u0259n saxlan\u0131l\u0131r v\u0259 ma\u015f\u0131nlara mindiril\u0259r\u0259k apar\u0131l\u0131rlar. Qeyd ed\u0259k ki, \u0259raziy\u0259 daha \u0259vv\u0259l polis v\u0259 x\u00fcsusi t\u0259yinatl\u0131lardan ibar\u0259t \u0259lav\u0259 q\u00fcvv\u0259l\u0259r yerl\u0259\u015fdirilmi\u015fdi. Pa\u015finyan\u0131n siyas\u0259tini q\u0259bul etm\u0259k ist\u0259m\u0259y\u0259nl\u0259rl\u0259 s\u0259rt r\u0259ftar edilir, dig\u0259r etiraz\u00e7\u0131lar\u0131n g\u00f6z\u00fc qar\u015f\u0131s\u0131nda ma\u015f\u0131nlara mindirilirl\u0259r. Polis r\u0259hb\u0259rliyi hans\u0131 s\u0259b\u0259bd\u0259n insanlar\u0131n saxlan\u0131ld\u0131qlar\u0131 il\u0259 ba\u011fl\u0131 a\u00e7\u0131qlama verm\u0259yib. Eyni zamanda Erm\u0259nistan h\u00f6kum\u0259t binas\u0131 qar\u015f\u0131s\u0131nda ke\u00e7iril\u0259n etiraz aksiyalar\u0131 davam edir. Yerli sakinl\u0259r \u00f6lk\u0259nin haz\u0131rk\u0131 ba\u015f naziri&hellip;<\/p>\n","protected":false},"author":2,"featured_media":722459,"comment_status":"closed","ping_status":"closed","sticky":false,"template":"","format":"standard","meta":{"om_disable_all_campaigns":false,"_monsterinsights_skip_tracking":false,"_monsterinsights_sitenote_active":false,"_monsterinsights_sitenote_note":"","_monsterinsights_sitenote_category":0},"categories":[7],"tags":[],"aioseo_notices":[],"gutentor_comment":0,"rttpg_featured_image_url":{"full":["https:\/\/arantv.az\/wp-content\/uploads\/2024\/05\/FotoJet-2024-05-16T120911.362.jpg",620,413,false],"landscape":["https:\/\/arantv.az\/wp-content\/uploads\/2024\/05\/FotoJet-2024-05-16T120911.362.jpg",620,413,false],"portraits":["https:\/\/arantv.az\/wp-content\/uploads\/2024\/05\/FotoJet-2024-05-16T120911.362.jpg",620,413,false],"thumbnail":["https:\/\/arantv.az\/wp-content\/uploads\/2024\/05\/FotoJet-2024-05-16T120911.362-500x280.jpg",500,280,true],"medium":["https:\/\/arantv.az\/wp-content\/uploads\/2024\/05\/FotoJet-2024-05-16T120911.362-548x365.jpg",548,365,true],"large":["https:\/\/arantv.az\/wp-content\/uploads\/2024\/05\/FotoJet-2024-05-16T120911.362.jpg",620,413,false],"1536x1536":["https:\/\/arantv.az\/wp-content\/uploads\/2024\/05\/FotoJet-2024-05-16T120911.362.jpg",620,413,false],"2048x2048":["https:\/\/arantv.az\/wp-content\/uploads\/2024\/05\/FotoJet-2024-05-16T120911.362.jpg",620,413,false],"post-thumbnail":["https:\/\/arantv.az\/wp-content\/uploads\/2024\/05\/FotoJet-2024-05-16T120911.362-240x172.jpg",240,172,true],"advps-thumb-one":["https:\/\/arantv.az\/wp-content\/uploads\/2024\/05\/FotoJet-2024-05-16T120911.362.jpg",620,413,false]},"rttpg_author":{"display_name":"V\u00fcsal Rafiqo\u011flu","author_link":"https:\/\/arantv.az\/?author=2"},"rttpg_comment":0,"rttpg_category":"<a href=\"https:\/\/arantv.az\/?cat=7\" rel=\"category\">D\u00fcnya<\/a>","rttpg_excerpt":"\u0130r\u0259vanda h\u00fcquq-m\u00fchafiz\u0259 orqanlar\u0131 ba\u015f nazir Nikol Pa\u015finyan\u0131n istefas\u0131n\u0131 t\u0259l\u0259b ed\u0259n etiraz\u00e7\u0131lar\u0131n saxlan\u0131lmas\u0131na ba\u015flay\u0131b. Bununla ba\u011fl\u0131 \u201cTelegram\u201d\u0131n\u00a0Erm\u0259nistan seqmentind\u0259ki kanallarda videog\u00f6r\u00fcnt\u00fcl\u0259r yay\u0131l\u0131b. M\u0259lumata g\u00f6r\u0259, \u015f\u0259h\u0259rin m\u0259rk\u0259zind\u0259 ke\u00e7iril\u0259n aksiyada n\u00fcmayi\u015f\u00e7il\u0259r polis q\u00fcvv\u0259l\u0259ri t\u0259r\u0259find\u0259n saxlan\u0131l\u0131r v\u0259 ma\u015f\u0131nlara mindiril\u0259r\u0259k apar\u0131l\u0131rlar. Qeyd ed\u0259k ki, \u0259raziy\u0259 daha \u0259vv\u0259l polis v\u0259 x\u00fcsusi t\u0259yinatl\u0131lardan ibar\u0259t \u0259lav\u0259 q\u00fcvv\u0259l\u0259r yerl\u0259\u015fdirilmi\u015fdi. Pa\u015finyan\u0131n siyas\u0259tini q\u0259bul etm\u0259k ist\u0259m\u0259y\u0259nl\u0259rl\u0259 s\u0259rt&hellip;","_links":{"self":[{"href":"https:\/\/arantv.az\/index.php?rest_route=\/wp\/v2\/posts\/722458"}],"collection":[{"href":"https:\/\/arantv.az\/index.php?rest_route=\/wp\/v2\/posts"}],"about":[{"href":"https:\/\/arantv.az\/index.php?rest_route=\/wp\/v2\/types\/post"}],"author":[{"embeddable":true,"href":"https:\/\/arantv.az\/index.php?rest_route=\/wp\/v2\/users\/2"}],"replies":[{"embeddable":true,"href":"https:\/\/arantv.az\/index.php?rest_route=%2Fwp%2Fv2%2Fcomments&post=722458"}],"version-history":[{"count":0,"href":"https:\/\/arantv.az\/index.php?rest_route=\/wp\/v2\/posts\/722458\/revisions"}],"wp:featuredmedia":[{"embeddable":true,"href":"https:\/\/arantv.az\/index.php?rest_route=\/wp\/v2\/media\/722459"}],"wp:attachment":[{"href":"https:\/\/arantv.az\/index.php?rest_route=%2Fwp%2Fv2%2Fmedia&parent=722458"}],"wp:term":[{"taxonomy":"category","embeddable":true,"href":"https:\/\/arantv.az\/index.php?rest_route=%2Fwp%2Fv2%2Fcategories&post=722458"},{"taxonomy":"post_tag","embeddable":true,"href":"https:\/\/arantv.az\/index.php?rest_route=%2Fwp%2Fv2%2Ftags&post=722458"}],"curies":[{"name":"wp","href":"https:\/\/api.w.org\/{rel}","templated":true}]}}