{"id":722468,"date":"2024-05-16T12:39:20","date_gmt":"2024-05-16T08:39:20","guid":{"rendered":"https:\/\/arantv.az\/?p=722468"},"modified":"2024-05-16T12:39:20","modified_gmt":"2024-05-16T08:39:20","slug":"az%c9%99rbaycan-minsk-qrupundan-faktiki-imtina-edib-r%c9%99smi-b%c9%99yanat-is%c9%99","status":"publish","type":"post","link":"https:\/\/arantv.az\/?p=722468","title":{"rendered":"Az\u0259rbaycan Minsk Qrupundan faktiki imtina edib &#8211; r\u0259smi b\u0259yanat is\u0259&#8230;"},"content":{"rendered":"<p><strong>Murad Sad\u0259ddinov: \u201cPrezident \u018fliyev fikirl\u0259rini el\u0259 tutarl\u0131 arqumentl\u0259rl\u0259 \u0259sasland\u0131rd\u0131 ki, art\u0131q&#8230;\u201d<\/strong><\/p>\n<p>Prezident \u0130lham \u018fliyev AT\u018fT-in f\u0259aliyy\u0259td\u0259 olan s\u0259dri, Malta Respublikas\u0131n\u0131n xarici, Avropa i\u015fl\u0259ri v\u0259 ticar\u0259t naziri \u0130an Borqun ba\u015f\u00e7\u0131l\u0131q etdiyi n\u00fcmay\u0259nd\u0259 hey\u0259tini q\u0259bul edib. G\u00f6r\u00fc\u015f \u0259snas\u0131nda Prezident AT\u018fT-in f\u0259aliyy\u0259ti il\u0259 ba\u011fl\u0131 deyib ki, AT\u018fT-in Minsk Qrupu v\u0259 onunla \u0259laq\u0259dar olan b\u00fct\u00fcn t\u0259sisatlar\u0131n l\u0259\u011fv edilm\u0259sinin vaxt\u0131d\u0131r. \u00d6lk\u0259 ba\u015f\u00e7\u0131s\u0131 Az\u0259rbaycan t\u0259r\u0259finin bu m\u0259s\u0259l\u0259ni qald\u0131rd\u0131\u011f\u0131n\u0131 v\u0259 Erm\u0259nistan t\u0259r\u0259finin d\u0259 buna raz\u0131 olmamas\u0131 \u00fc\u00e7\u00fcn h\u0259r hans\u0131 bir s\u0259b\u0259b g\u00f6rm\u0259diyini qeyd edib.<\/p>\n<p><em>\u201cMinsk qrupu 30 illik f\u0259aliyy\u0259tind\u0259 Az\u0259rbaycan-Erm\u0259nistan m\u00fcnaqi\u015f\u0259sinin h\u0259llin\u0259 he\u00e7 bir fayda verm\u0259yib\u201d.<\/em><\/p>\n<p>Bunu is\u0259 xarici i\u015fl\u0259r naziri Ceyhun Bayramov AT\u018fT-in f\u0259aliyy\u0259td\u0259 olan s\u0259dri Yan Borqla birg\u0259 m\u0259tbuat konfrans\u0131nda deyib: \u201cHesab edirik ki, art\u0131q mandatlar\u0131 t\u00fck\u0259nmi\u015f, funksional qabiliyy\u0259tini itirmi\u015f, arxaik xarakter da\u015f\u0131yan bu qurumlar\u0131n saxlan\u0131lmas\u0131na he\u00e7 bir ehtiyac yoxdur. El\u0259c\u0259 d\u0259 AT\u018fT-in m\u0259hdud b\u00fcdc\u0259sini n\u0259z\u0259r\u0259 alaraq dey\u0259 bil\u0259rik ki, bunun \u00fc\u00e7\u00fcn \u0259lav\u0259 maliyy\u0259nin x\u0259rcl\u0259nm\u0259sin\u0259 d\u0259 l\u00fczum yoxdur. Bel\u0259 olan t\u0259qdird\u0259 bu t\u0259sisatlara istinadlar\u0131n edilm\u0259si v\u0259ziyy\u0259ti yax\u015f\u0131la\u015fd\u0131rm\u0131r, \u0259ksin\u0259 ona x\u0259l\u0259l yetirir\u201d.<\/p>\n<p>M\u00f6vzuya dair \u015f\u0259rh ver\u0259n deputat, AT\u018fT PA-n\u0131n komit\u0259 s\u0259dri Azay Quliyev is\u0259 bildirib ki, Az\u0259rbaycan a\u00e7\u0131q m\u0259ktubla Minsk Qrupundan \u00e7\u0131xd\u0131\u011f\u0131n\u0131 b\u0259yan etm\u0259lidir.<\/p>\n<p><strong>A.Quliyev xat\u0131rlad\u0131b ki, \u0130kinci Qaraba\u011f m\u00fcharib\u0259sind\u0259n sonra c\u0259nab Prezident birm\u0259nal\u0131 \u015f\u0259kild\u0259 AT\u018fT-l\u0259 ba\u011fl\u0131 m\u00f6vqeyini ifad\u0259 etdi v\u0259 bu m\u00f6vqe d\u0259yi\u015film\u0259yib:<\/strong>\u00a0\u201cBu m\u00f6vqe ondan ibar\u0259tdir ki, AT\u018fT v\u0259 x\u00fcsusil\u0259\u00a0 onun yaratd\u0131\u011f\u0131 b\u0259dnam Minsk Qrupu son 28 ild\u0259 n\u0259inki, ke\u00e7mi\u015f m\u00fcnaqi\u015f\u0259nin h\u0259ll olunmas\u0131na k\u00f6m\u0259k etm\u0259di, \u0259ksin\u0259 Az\u0259rbaycan\u0131n i\u015f\u011fal alt\u0131nda olan \u0259razil\u0259rinin legitiml\u0259\u015fdirilm\u0259sin\u0259 \u00e7al\u0131\u015fd\u0131. Bu da t\u0259\u0259ss\u00fcf hissi do\u011fururdu. Ona g\u00f6r\u0259 d\u0259 bizim AT\u018fT-in bu strukturlar\u0131 il\u0259 h\u0259r hans\u0131 formada \u0259m\u0259kda\u015fl\u0131\u011f\u0131m\u0131z ola bilm\u0259z v\u0259 onlar birm\u0259nal\u0131 \u015f\u0259kild\u0259 l\u0259\u011fv olunmal\u0131d\u0131r\u201d.<\/p>\n<p>Mill\u0259t v\u0259kili qeyd edib ki, Az\u0259rbaycan ke\u00e7mi\u015f Minsk Qrupundak\u0131 12 \u00f6lk\u0259d\u0259n biridir, a\u00e7\u0131q m\u0259ktubla bu t\u0259sisatdan \u00e7\u0131xd\u0131\u011f\u0131n\u0131 b\u0259yan etm\u0259lidir.<\/p>\n<p>Minsk Qrupu 30 il \u00f6nc\u0259 Qaraba\u011f m\u00fcnaqi\u015f\u0259sinin h\u0259llind\u0259 vasit\u0259\u00e7ilik \u00fc\u00e7\u00fcn yarad\u0131lm\u0131\u015fd\u0131. 30 il \u0259rzind\u0259 he\u00e7 bir fayda verm\u0259di v\u0259 onun missiyas\u0131n\u0131 Az\u0259rbaycan t\u0259kba\u015f\u0131na &#8211; h\u0259rbi v\u0259 diplomatik yolla yerin\u0259 yetirdi, Qaraba\u011f i\u015f\u011faldan azad edildi, separatizm\u0259 son qoyuldu. Faktiki Qaraba\u011f m\u00fcnaqi\u015f\u0259si \u00e7oxdan h\u0259ll olunub. Ona g\u00f6r\u0259 d\u0259 bu laz\u0131ms\u0131z qurumu \u00e7oxdan buraxmaq laz\u0131md\u0131r. Az\u0259rbaycan\u0131n Minsk Qrupundan \u00e7\u0131xmas\u0131 \u00fc\u00e7\u00fcn hans\u0131 h\u00fcquqi prosedur yerin\u0259 yetirilm\u0259lidir? Xarici \u0130\u015fl\u0259r Nazirliyinin\u00a0 b\u0259yanat\u0131 kifay\u0259t edirmi?<\/p>\n<p><img loading=\"lazy\" src=\"https:\/\/cdn.musavat.com\/news\/thumbnails\/75058b3be3c7ef0407638c5fa64d0e56.jpg\" alt=\"AB\u015e v\u0259 Rusiyaya C\u0259nubi Qafqazda s\u00fclh, yoxsa konflikt laz\u0131md\u0131r - r\u0259yl\u0259r\" width=\"733\" height=\"765\" \/><\/p>\n<p><strong>Murad Sad\u0259ddinov\u00a0<\/strong><\/p>\n<p><strong>Politoloq Murad Sad\u0259ddinov \u201cYeni M\u00fcsavat\u201da bildirdi ki, AT\u018fT-in Minsk Qrupu il\u0259 ba\u011fl\u0131 Az\u0259rbaycan Prezidentinin m\u0259hz AT\u018fT s\u0259dri il\u0259 g\u00f6r\u00fc\u015fd\u0259 verdiyi b\u0259yanat birm\u0259nal\u0131 olaraq siyasi v\u0259 h\u00fcquqi bax\u0131mdan reall\u0131\u011f\u0131 \u0259ks etdirir: \u201c Ona g\u00f6r\u0259 ki, Minsk Qrupunun yarad\u0131lmas\u0131na s\u0259b\u0259b olan Qaraba\u011f m\u00fcnaqi\u015f\u0259si m\u00f6vcud deyil. Prezident \u018fliyev fikirl\u0259rini el\u0259 tutarl\u0131 arqumentl\u0259rl\u0259 \u0259sasland\u0131rd\u0131 ki, art\u0131q bu b\u0259yanat\u0131n qar\u015f\u0131s\u0131nda kimins\u0259 \u201dMinsk Qrupuna ehtiyac var&#8221; kimi cavab verm\u0259si m\u00fcmk\u00fcn deyil. Diqq\u0259t etdinizs\u0259, AT\u018fT s\u0259dri Az\u0259rbaycan liderinin qald\u0131rd\u0131\u011f\u0131 m\u0259s\u0259l\u0259 il\u0259 ba\u011fl\u0131 faktiki olaraq dem\u0259y\u0259 s\u00f6z tapmad\u0131. \u00c7\u00fcnki AT\u018fT s\u0259dri d\u0259 g\u00f6r\u00fcr ki, \u0130lham \u018fliyev \u00e7ox d\u00fczg\u00fcn olaraq Minsk Qrupunun burax\u0131lmas\u0131n\u0131n vaxt\u0131n\u0131n \u00e7atd\u0131\u011f\u0131n\u0131 dil\u0259 g\u0259tirir, reall\u0131qlar\u0131n t\u0259l\u0259b etdiyi add\u0131m\u0131n at\u0131lmal\u0131 oldu\u011funu bildirir.\u00a0<\/strong><\/p>\n<p>Minsk Qrupu Qaraba\u011f m\u00fcnaqi\u015f\u0259si d\u00f6vr\u00fcnd\u0259 d\u0259 \u0259slind\u0259 m\u00fcnaqi\u015f\u0259nin h\u0259lli \u00fc\u00e7\u00fcn real add\u0131mlar atmam\u0131\u015fd\u0131, formal bir t\u0259sisat kimi m\u00f6vcud idi. F\u0259aliyy\u0259tin imitasiyas\u0131 var idi. Bu f\u0259aliyy\u0259t is\u0259 \u0259slind\u0259, erm\u0259nil\u0259rin Az\u0259rbaycan \u0259razil\u0259rini i\u015f\u011falda saxlamas\u0131 fakt\u0131n\u0131 m\u00fcmk\u00fcn q\u0259d\u0259r uzatma\u011fa y\u00f6n\u0259lmi\u015fdi. Ona g\u00f6r\u0259 d\u0259 Az\u0259rbaycan problemi \u00f6z\u00fc h\u0259ll etm\u0259li oldu. \u0130ndi d\u0259 Az\u0259rbaycan tamamil\u0259 haql\u0131 olaraq Minsk Qrupunun m\u00f6vcud olmas\u0131 \u00fc\u00e7\u00fcn he\u00e7 bir \u0259sas qalmad\u0131\u011f\u0131n\u0131 b\u0259yan edir v\u0259 bu t\u0259sisat\u0131n burax\u0131lmas\u0131n\u0131n z\u0259ruriliyini t\u0259l\u0259b el\u0259yir. Bununla faktiki olaraq Az\u0259rbaycan Minsk Qrupundan r\u0259smi imtina etmi\u015f oldu. Ona g\u00f6r\u0259 d\u0259 AT\u018fT Minsk Qrupunun m\u00f6vcudlu\u011funun r\u0259smi sona \u00e7atd\u0131\u011f\u0131 bar\u0259d\u0259 q\u0259rar q\u0259bul etm\u0259lidir.<\/p>\n<p>Minsk Qrupunun formal olaraq saxlanmas\u0131 revan\u015f hissl\u0259ri il\u0259 ya\u015fayan erm\u0259nil\u0259rd\u0259 revan\u015fizm \u0259hval\u0131n\u0131 bir q\u0259d\u0259r g\u00fccl\u0259ndir\u0259n amill\u0259rd\u0259n biri rolunda \u00e7\u0131x\u0131\u015f edir. Ona g\u00f6r\u0259 d\u0259 \u0259g\u0259r AT\u018fT s\u0259dri Az\u0259rbaycanla Erm\u0259nistan aras\u0131nda s\u00fclh sazi\u015finin imzalanmas\u0131nda maraql\u0131 olduqlar\u0131 bar\u0259d\u0259 dedikl\u0259rind\u0259 s\u0259mimidirs\u0259, bu n\u00fcans\u0131 da n\u0259z\u0259r\u0259 almal\u0131 v\u0259 Minsk Qrupunun burax\u0131lmas\u0131 \u00fc\u00e7\u00fcn g\u0259r\u0259k\u0259n h\u00fcquqi add\u0131mlar\u0131 atmal\u0131d\u0131r&#8221;.<\/p>\n<p><strong>M.Sad\u0259ddinov Az\u0259rbaycan Xarici \u0130\u015fl\u0259r Nazirliyinin b\u0259yanat\u0131n\u0131n Minsk Qrupunun burax\u0131lmas\u0131 \u00fc\u00e7\u00fcn kifay\u0259t edib-etm\u0259y\u0259c\u0259yini d\u0259qiq dey\u0259 bilm\u0259y\u0259c\u0259yini s\u00f6yl\u0259di:<\/strong>\u00a0\u201cAz\u0259rbaycan\u0131n m\u00fcvafiq qurumlar\u0131 r\u0259smi yaz\u0131l\u0131 \u015f\u0259kild\u0259 AT\u018fT-in Minsk Qrupundan imtina v\u0259 onun burax\u0131lmas\u0131 m\u0259s\u0259l\u0259sinin qoyuldu\u011fu s\u0259n\u0259di AT\u018fT-in ba\u015f ofisin\u0259, AT\u018fT \u015euras\u0131na t\u0259qdim etm\u0259lidir. \u015euraya AT\u018fT \u00f6lk\u0259l\u0259rinin xarici i\u015fl\u0259r nazirl\u0259ri daxildir. M\u0259s\u0259l\u0259 \u015furada qald\u0131r\u0131lmal\u0131d\u0131r. M\u0259s\u0259l\u0259 r\u0259smi \u015f\u0259kild\u0259 bel\u0259 \u0259sasland\u0131r\u0131lmal\u0131d\u0131r ki, olmayan bir m\u00fcnaqi\u015f\u0259 il\u0259 \u201dm\u0259\u015f\u011ful&#8221; olan bir t\u0259sisat\u0131n qorunub saxlan\u0131lmas\u0131 h\u00fcquqi v\u0259 siyasi c\u0259h\u0259td\u0259n do\u011fru deyil. H\u0259m Minsk Qrupunun, h\u0259m d\u0259 AT\u018fT-in f\u0259aliyy\u0259td\u0259 olan s\u0259drinin x\u00fcsusi n\u00fcmay\u0259nd\u0259sinin varl\u0131\u011f\u0131 t\u0259\u015fkilata ayr\u0131lan v\u0259saitl\u0259rin havaya sovrulmas\u0131d\u0131r. Ona g\u00f6r\u0259 d\u0259 buna son qoyulmal\u0131d\u0131r&#8221;.<\/p>\n","protected":false},"excerpt":{"rendered":"<p>Murad Sad\u0259ddinov: \u201cPrezident \u018fliyev fikirl\u0259rini el\u0259 tutarl\u0131 arqumentl\u0259rl\u0259 \u0259sasland\u0131rd\u0131 ki, art\u0131q&#8230;\u201d Prezident \u0130lham \u018fliyev AT\u018fT-in f\u0259aliyy\u0259td\u0259 olan s\u0259dri, Malta Respublikas\u0131n\u0131n xarici, Avropa i\u015fl\u0259ri v\u0259 ticar\u0259t naziri \u0130an Borqun ba\u015f\u00e7\u0131l\u0131q etdiyi n\u00fcmay\u0259nd\u0259 hey\u0259tini q\u0259bul edib. G\u00f6r\u00fc\u015f \u0259snas\u0131nda Prezident AT\u018fT-in f\u0259aliyy\u0259ti il\u0259 ba\u011fl\u0131 deyib ki, AT\u018fT-in Minsk Qrupu v\u0259 onunla \u0259laq\u0259dar olan b\u00fct\u00fcn t\u0259sisatlar\u0131n l\u0259\u011fv edilm\u0259sinin vaxt\u0131d\u0131r. \u00d6lk\u0259 ba\u015f\u00e7\u0131s\u0131 Az\u0259rbaycan t\u0259r\u0259finin bu m\u0259s\u0259l\u0259ni qald\u0131rd\u0131\u011f\u0131n\u0131 v\u0259 Erm\u0259nistan t\u0259r\u0259finin d\u0259 buna raz\u0131 olmamas\u0131 \u00fc\u00e7\u00fcn h\u0259r hans\u0131 bir s\u0259b\u0259b g\u00f6rm\u0259diyini qeyd edib. \u201cMinsk qrupu 30 illik f\u0259aliyy\u0259tind\u0259 Az\u0259rbaycan-Erm\u0259nistan m\u00fcnaqi\u015f\u0259sinin h\u0259llin\u0259 he\u00e7 bir fayda verm\u0259yib\u201d. Bunu&hellip;<\/p>\n","protected":false},"author":2,"featured_media":722469,"comment_status":"closed","ping_status":"closed","sticky":false,"template":"","format":"standard","meta":{"om_disable_all_campaigns":false,"_monsterinsights_skip_tracking":false,"_monsterinsights_sitenote_active":false,"_monsterinsights_sitenote_note":"","_monsterinsights_sitenote_category":0},"categories":[19],"tags":[],"aioseo_notices":[],"gutentor_comment":0,"rttpg_featured_image_url":{"full":["https:\/\/arantv.az\/wp-content\/uploads\/2024\/05\/735caf34f1d115c615754448754cd2e5.jpg",800,450,false],"landscape":["https:\/\/arantv.az\/wp-content\/uploads\/2024\/05\/735caf34f1d115c615754448754cd2e5.jpg",800,450,false],"portraits":["https:\/\/arantv.az\/wp-content\/uploads\/2024\/05\/735caf34f1d115c615754448754cd2e5.jpg",800,450,false],"thumbnail":["https:\/\/arantv.az\/wp-content\/uploads\/2024\/05\/735caf34f1d115c615754448754cd2e5-500x280.jpg",500,280,true],"medium":["https:\/\/arantv.az\/wp-content\/uploads\/2024\/05\/735caf34f1d115c615754448754cd2e5-649x365.jpg",649,365,true],"large":["https:\/\/arantv.az\/wp-content\/uploads\/2024\/05\/735caf34f1d115c615754448754cd2e5.jpg",640,360,false],"1536x1536":["https:\/\/arantv.az\/wp-content\/uploads\/2024\/05\/735caf34f1d115c615754448754cd2e5.jpg",800,450,false],"2048x2048":["https:\/\/arantv.az\/wp-content\/uploads\/2024\/05\/735caf34f1d115c615754448754cd2e5.jpg",800,450,false],"post-thumbnail":["https:\/\/arantv.az\/wp-content\/uploads\/2024\/05\/735caf34f1d115c615754448754cd2e5-240x172.jpg",240,172,true],"advps-thumb-one":["https:\/\/arantv.az\/wp-content\/uploads\/2024\/05\/735caf34f1d115c615754448754cd2e5.jpg",800,450,false]},"rttpg_author":{"display_name":"V\u00fcsal Rafiqo\u011flu","author_link":"https:\/\/arantv.az\/?author=2"},"rttpg_comment":0,"rttpg_category":"<a href=\"https:\/\/arantv.az\/?cat=19\" rel=\"category\">G\u00fcnd\u0259m<\/a>","rttpg_excerpt":"Murad Sad\u0259ddinov: \u201cPrezident \u018fliyev fikirl\u0259rini el\u0259 tutarl\u0131 arqumentl\u0259rl\u0259 \u0259sasland\u0131rd\u0131 ki, art\u0131q&#8230;\u201d Prezident \u0130lham \u018fliyev AT\u018fT-in f\u0259aliyy\u0259td\u0259 olan s\u0259dri, Malta Respublikas\u0131n\u0131n xarici, Avropa i\u015fl\u0259ri v\u0259 ticar\u0259t naziri \u0130an Borqun ba\u015f\u00e7\u0131l\u0131q etdiyi n\u00fcmay\u0259nd\u0259 hey\u0259tini q\u0259bul edib. G\u00f6r\u00fc\u015f \u0259snas\u0131nda Prezident AT\u018fT-in f\u0259aliyy\u0259ti il\u0259 ba\u011fl\u0131 deyib ki, AT\u018fT-in Minsk Qrupu v\u0259 onunla \u0259laq\u0259dar olan b\u00fct\u00fcn t\u0259sisatlar\u0131n l\u0259\u011fv edilm\u0259sinin vaxt\u0131d\u0131r.&hellip;","_links":{"self":[{"href":"https:\/\/arantv.az\/index.php?rest_route=\/wp\/v2\/posts\/722468"}],"collection":[{"href":"https:\/\/arantv.az\/index.php?rest_route=\/wp\/v2\/posts"}],"about":[{"href":"https:\/\/arantv.az\/index.php?rest_route=\/wp\/v2\/types\/post"}],"author":[{"embeddable":true,"href":"https:\/\/arantv.az\/index.php?rest_route=\/wp\/v2\/users\/2"}],"replies":[{"embeddable":true,"href":"https:\/\/arantv.az\/index.php?rest_route=%2Fwp%2Fv2%2Fcomments&post=722468"}],"version-history":[{"count":0,"href":"https:\/\/arantv.az\/index.php?rest_route=\/wp\/v2\/posts\/722468\/revisions"}],"wp:featuredmedia":[{"embeddable":true,"href":"https:\/\/arantv.az\/index.php?rest_route=\/wp\/v2\/media\/722469"}],"wp:attachment":[{"href":"https:\/\/arantv.az\/index.php?rest_route=%2Fwp%2Fv2%2Fmedia&parent=722468"}],"wp:term":[{"taxonomy":"category","embeddable":true,"href":"https:\/\/arantv.az\/index.php?rest_route=%2Fwp%2Fv2%2Fcategories&post=722468"},{"taxonomy":"post_tag","embeddable":true,"href":"https:\/\/arantv.az\/index.php?rest_route=%2Fwp%2Fv2%2Ftags&post=722468"}],"curies":[{"name":"wp","href":"https:\/\/api.w.org\/{rel}","templated":true}]}}