{"id":722475,"date":"2024-05-16T12:40:59","date_gmt":"2024-05-16T08:40:59","guid":{"rendered":"https:\/\/arantv.az\/?p=722475"},"modified":"2024-05-16T12:40:59","modified_gmt":"2024-05-16T08:40:59","slug":"sulh-ucun-parlament-v%c9%99-xalq-diplomatiyasi-t%c9%99crub%c9%99","status":"publish","type":"post","link":"https:\/\/arantv.az\/?p=722475","title":{"rendered":"S\u00fclh \u00fc\u00e7\u00fcn parlament v\u0259 xalq diplomatiyas\u0131 &#8211; t\u0259cr\u00fcb\u0259&#8230;"},"content":{"rendered":"<h3><strong>Az\u0259r Badamov: \u201cDeputatlar xalq\u0131n el\u00e7il\u0259ridir, onlar\u0131n t\u0259maslar\u0131n\u0131n yaranmas\u0131 xalqlar\u0131n yax\u0131nla\u015fmas\u0131na v\u0259 d\u00fc\u015fm\u0259n\u00e7iliyin aradan qalxmas\u0131na xidm\u0259t ed\u0259c\u0259k\u201d<\/strong><\/h3>\n<p>Az\u0259rbaycanla Erm\u0259nistan aras\u0131nda s\u00fclh dan\u0131\u015f\u0131qlar\u0131 intensivl\u0259\u015fib. Sazi\u015fl\u0259 yana\u015f\u0131, Erm\u0259nistanla kommunikasiyalar\u0131n a\u00e7\u0131lmas\u0131, normal qon\u015fuluq siyas\u0259tin\u0259 ke\u00e7id m\u00fczakir\u0259 m\u00f6vzusudur. Onillikl\u0259r boyunca d\u00fc\u015fm\u0259n olmu\u015f d\u00f6vl\u0259tl\u0259rin, xalqlar\u0131n normal qon\u015fulu\u011fa ke\u00e7idi he\u00e7 d\u0259 asan deyil v\u0259 bu zaman b\u00f6y\u00fck \u0259m\u0259k s\u0259rfi t\u0259l\u0259b edilir. Bu prosesd\u0259 t\u0259kc\u0259 siyasi dair\u0259l\u0259r yox, h\u0259m d\u0259 parlament v\u0259 xalq diplomatiyas\u0131n\u0131n da rolu olmal\u0131d\u0131r.<\/p>\n<p>G\u00f6r\u00fcn\u0259n budur ki, art\u0131q parlament r\u0259hb\u0259rliyi s\u0259viyy\u0259sind\u0259 d\u0259 proses\u0259 start verilir. Bel\u0259 ki, Az\u0259rbaycan v\u0259 Erm\u0259nistan parlamentl\u0259rinin s\u0259drl\u0259ri &#8211; Sahib\u0259 Qafarova v\u0259 Alen Simonyan aras\u0131nda g\u00f6r\u00fc\u015f may\u0131n 16-da Cenevr\u0259d\u0259 ke\u00e7iril\u0259c\u0259k.<\/p>\n<p>M\u00fcmk\u00fcnd\u00fcrm\u00fc bundan sonra deputatlar\u0131n t\u0259maslar\u0131 arts\u0131n? Eyni zamanda xalq diplomatiyas\u0131na da ba\u015flamaq effektiv say\u0131la bil\u0259rmi? Bunun \u00fc\u00e7\u00fcn n\u0259 edilm\u0259lidir? Kiml\u0259r\u0259 bu mandat veril\u0259 bil\u0259r?<\/p>\n<p><img loading=\"lazy\" src=\"https:\/\/www.e-huquq.az\/media\/2021\/06\/21\/azer-badamovjpg-1582118164.jpg\" alt=\"Az\u0259r Badamov: &quot;Davosda ke\u00e7iril\u0259n g\u00f6r\u00fc\u015fl\u0259r bir daha g\u00f6st\u0259rdi ki, \u00f6lk\u0259miz\u0259  b\u00f6y\u00fck maraq var&quot;\" width=\"958\" height=\"539\" \/><\/p>\n<p><strong>\u00a0Az\u0259r Badamov<\/strong><\/p>\n<p><strong>Deputat Az\u0259r Badamov parlamentl\u0259raras\u0131 \u0259m\u0259kda\u015fl\u0131\u011f\u0131n qurulmas\u0131ndan dan\u0131\u015fma\u011f\u0131n erk\u0259n oldu\u011funu s\u00f6yl\u0259di:<\/strong>\u00a0\u201cQon\u015fu d\u00f6vl\u0259tl\u0259r aras\u0131nda m\u00fcharib\u0259 v\u0259 d\u00fc\u015fm\u0259n\u00e7ilik \u0259b\u0259di davam ed\u0259 bilm\u0259z. Bel\u0259 ki, m\u00fcharib\u0259nin d\u00f6y\u00fc\u015f meydan\u0131nda ba\u015fa \u00e7atmas\u0131 \u00f6lk\u0259l\u0259r aras\u0131nda m\u00fcnasib\u0259tl\u0259rin yenid\u0259n formala\u015fmas\u0131na f\u00fcrs\u0259t a\u00e7\u0131r. Bu bax\u0131mdan, uzun \u00e7\u0259k\u0259n Az\u0259rbaycan-Erm\u0259nistan m\u00fcharib\u0259sinin ba\u015fa \u00e7atmas\u0131 \u00f6lk\u0259l\u0259raras\u0131 m\u00fcnasib\u0259tl\u0259rin normalla\u015fd\u0131r\u0131lmas\u0131 \u00fc\u00e7\u00fcn yeni imkanlar yarad\u0131b. Bu imkanlar vasit\u0259\u00e7isiz ikit\u0259r\u0259fli dan\u0131\u015f\u0131qlar apar\u0131lmaqla uzun ill\u0259r h\u0259ll olunmayaraq qalm\u0131\u015f m\u0259s\u0259l\u0259l\u0259rin h\u0259ll olunmas\u0131na yol a\u00e7\u0131r. Bu bax\u0131mdan, Az\u0259rbaycanla Erm\u0259nistan aras\u0131nda son zamanlar ba\u015f ver\u0259n prosesl\u0259r \u00f6lk\u0259l\u0259raras\u0131 m\u00fcnasib\u0259tl\u0259rin pozitiv ruhda inki\u015faf etdiyini g\u00f6st\u0259rir. Bu prosesin daha da s\u00fcr\u0259tl\u0259nm\u0259si v\u0259 geni\u015fl\u0259ndirilm\u0259si \u00fc\u00e7\u00fcn parlamentl\u0259r s\u0259viyy\u0259sind\u0259 \u0259m\u0259kda\u015fl\u0131\u011f\u0131n inki\u015faf etdirilm\u0259sin\u0259 v\u0259 xalq diplomatiyas\u0131n\u0131n i\u015f\u0259 sal\u0131nmas\u0131na ehtiyac var. 16 sentyabrda Cenevr\u0259d\u0259 parlament s\u0259drl\u0259ri Sahib\u0259 Qafarova v\u0259 Alen Simonyan aras\u0131nda ke\u00e7irilm\u0259si n\u0259z\u0259rd\u0259 tutulmu\u015f g\u00f6r\u00fc\u015f m\u00fcnasib\u0259tl\u0259rin normalla\u015fmas\u0131 prosesin\u0259 yeni bir impuls ver\u0259c\u0259kdir. Biz Az\u0259rbaycanla Erm\u0259nistan aras\u0131nda davam ed\u0259n m\u00fcnaqi\u015f\u0259nin v\u0259 d\u00fc\u015fm\u0259n\u00e7iliyin tarixin\u0259 baxsaq g\u00f6r\u0259rik ki, bu d\u00fc\u015fm\u0259n\u00e7ilk erm\u0259nil\u0259r t\u0259r\u0259find\u0259n mifl\u0259r \u00fcz\u0259rind\u0259 x\u0259yallar qurulmas\u0131 n\u0259tic\u0259sind\u0259 ba\u015f verib. XXI \u0259sr is\u0259 mifl\u0259r v\u0259 x\u0259yallar d\u00f6vr\u00fc deyil. \u0130ndi h\u0259yata real bax\u0131lan zamand\u0131r. Ona g\u00f6r\u0259 d\u0259 m\u00f6vcud reall\u0131\u011f\u0131 d\u0259y\u0259rl\u0259ndir\u0259r\u0259k \u00f6lk\u0259l\u0259raras\u0131 m\u00fcnasib\u0259tl\u0259rin normalla\u015fd\u0131r\u0131lmas\u0131 prosesin\u0259 \u0259dal\u0259tli prizmadan bax\u0131lmal\u0131 v\u0259 b\u00fct\u00fcn m\u00fcmk\u00fcn imkanlardan istifad\u0259 edilm\u0259kl\u0259 prosesin s\u00fcr\u0259tl\u0259nm\u0259sin\u0259 t\u00f6hf\u0259 verilm\u0259lidir. Parlamentl\u0259rin s\u0259drl\u0259ri aras\u0131nda ke\u00e7iril\u0259n g\u00f6r\u00fc\u015fl\u0259r parlamentl\u0259raras\u0131 \u0259m\u0259kda\u015fl\u0131\u011f\u0131n formala\u015fd\u0131r\u0131lmas\u0131 \u00fc\u00e7\u00fcn g\u0259l\u0259c\u0259kd\u0259 yeni imkanlar a\u00e7acaqd\u0131r. Amma parlamenl\u0259raras\u0131 \u0259m\u0259kda\u015fl\u0131\u011f\u0131n yarad\u0131lmas\u0131 v\u0259 parlamentl\u0259raras\u0131 i\u015f\u00e7i qruplar\u0131n\u0131n formala\u015fd\u0131r\u0131lmas\u0131 \u00fc\u00e7\u00fcn ilk n\u00f6vb\u0259d\u0259 d\u00f6vl\u0259tl\u0259raras\u0131nda s\u00fclh m\u00fcqavil\u0259si r\u0259smi olaraq imzalanmal\u0131d\u0131r. \u00c7\u00fcnki d\u00f6vl\u0259tl\u0259raras\u0131 r\u0259smi s\u00fclh yoxdursa, parlamentl\u0259raras\u0131 \u0259m\u0259kda\u015fl\u0131\u011f\u0131n qurulmas\u0131ndan dan\u0131\u015fmaq h\u0259l\u0259 tezdir. Amma biz, deputatlar olaraq xarici s\u0259f\u0259rl\u0259rimiz zaman\u0131 Erm\u0259nistandan olan h\u0259mkarlarla g\u00f6r\u00fc\u015fl\u0259r ke\u00e7irm\u0259li v\u0259 \u00f6lk\u0259l\u0259raras\u0131 m\u00fcnasib\u0259tl\u0259rin normala\u015fd\u0131r\u0131lmas\u0131 prosesin\u0259 parlament s\u0259viyy\u0259sind\u0259 d\u0259st\u0259k verm\u0259liyik. \u00c7\u00fcnki deputatlar xalq\u0131n el\u00e7il\u0259ridir, onlar\u0131n t\u0259maslar\u0131n\u0131n yaranmas\u0131 xalqlar\u0131n yax\u0131nla\u015fmas\u0131na v\u0259 d\u00fc\u015fm\u0259n\u00e7iliyin aradan qalxmas\u0131na xidm\u0259t ed\u0259c\u0259k.<\/p>\n<p>C\u0259nubi Qafqaz tarix\u0259n m\u00fcnaqi\u015f\u0259l\u0259rin v\u0259 m\u00fcharib\u0259l\u0259rin ba\u015f verdiyi region olub. \u0130ndi is\u0259 g\u00f6rd\u00fcl\u0259r ki, m\u00fcharib\u0259l\u0259r v\u0259 m\u00fcnaqi\u015f\u0259l\u0259r he\u00e7 kim\u0259 xeyir vermir. Ona g\u00f6r\u0259 d\u0259, bu m\u00fcnaqi\u015f\u0259l\u0259rin davam etm\u0259m\u0259si \u00fc\u00e7\u00fcn b\u00fct\u00fcn imkanlar s\u0259f\u0259rb\u0259r olunmal\u0131 v\u0259 C\u0259nubi Qafqaz regionuna \u0259dal\u0259tli s\u00fclh\u00fcn g\u0259lm\u0259si \u00fc\u00e7\u00fcn daha \u00e7ox i\u015fl\u0259m\u0259liyik&#8221;.<\/p>\n<p><img loading=\"lazy\" src=\"https:\/\/cebheinfo.az\/uploads\/images\/2024\/04\/720x400\/1714208027452234089662cbd1b593d2.jpg\" alt=\"Elxan \u015eahino\u011flu: \u201cPa\u015finyan etirazlar\u0131 yat\u0131rtma\u011fa \u00e7al\u0131\u015fmal\u0131d\u0131r\u201d\" width=\"731\" height=\"487\" \/><\/p>\n<p><strong>Elxan \u015eahino\u011flu<\/strong><\/p>\n<p><strong>\u201cAtlas\u201d Ara\u015fd\u0131rmalar M\u0259rk\u0259zinin r\u0259hb\u0259ri Elxan \u015eahino\u011flunun fikrinc\u0259, Az\u0259rbaycanla Erm\u0259nistan aras\u0131nda dialoq m\u00fcxt\u0259lif s\u0259viyy\u0259l\u0259rd\u0259 intensivl\u0259\u015fib:<\/strong>\u00a0\u201c\u0130ki \u00f6lk\u0259nin lideri &#8211; prezident \u0130lham \u018fliyevl\u0259 ba\u015f nazir Nikol Pa\u015finyan aras\u0131nda, o c\u00fcml\u0259d\u0259n xarici i\u015fl\u0259r nazirl\u0259ri Ceyhun Bayramovla Ararat Mirzoyanla yana\u015f\u0131, parlament s\u0259drl\u0259rinin g\u00f6r\u00fc\u015fl\u0259ri d\u0259 artmaqdad\u0131r. Az\u0259rbaycan v\u0259 Erm\u0259nistan parlamentl\u0259rinin s\u0259drl\u0259ri Sahib\u0259 Qafarova il\u0259 Alen Simonyan aras\u0131nda n\u00f6vb\u0259ti g\u00f6r\u00fc\u015f may\u0131n 16-da Cenevr\u0259d\u0259 ger\u00e7\u0259kl\u0259\u015f\u0259c\u0259k. Bundan \u0259vv\u0259l, parlament s\u0259drl\u0259ri mart\u0131n 22-d\u0259 eyni \u015f\u0259h\u0259rd\u0259 g\u00f6r\u00fc\u015fm\u00fc\u015fd\u00fcl\u0259r. Bu g\u00f6r\u00fc\u015fl\u0259r s\u00fclh v\u0259 \u00e7\u0259r\u00e7iv\u0259 sazi\u015finin imzalanmas\u0131 tarixini yax\u0131nla\u015fd\u0131r\u0131r. G\u00f6r\u00fc\u015fl\u0259rin intensivl\u0259\u015fm\u0259sinin ba\u015fqa bir \u0259h\u0259miyy\u0259ti d\u0259 var, ortam yum\u015fal\u0131r, t\u0259r\u0259fl\u0259r bir-birl\u0259rin\u0259 qar\u015f\u0131 s\u0259rt ritorikadan \u00e7\u0259kinm\u0259y\u0259 ba\u015flay\u0131blar. Qar\u015f\u0131m\u0131zda T\u00fcrkiy\u0259-Yunan\u0131stan m\u00fcnasib\u0259tl\u0259ri \u00f6rn\u0259yi var. \u0130ki \u00f6lk\u0259 aras\u0131nda m\u00fcbahis\u0259 yaradan m\u00f6vzulara baxmayaraq, Ankara il\u0259 Atina m\u00fcbahis\u0259l\u0259ri d\u0259rinl\u0259\u015fdirm\u0259k v\u0259 bununla qar\u015f\u0131durman\u0131 g\u00fccl\u0259ndirm\u0259k \u0259v\u0259zin\u0259, ortaq n\u00f6qt\u0259l\u0259r tapma\u011fa imkan ver\u0259n siyas\u0259t\u0259 \u00fcst\u00fcnl\u00fck verm\u0259y\u0259 ba\u015flay\u0131blar. Az\u0259rbaycanla Erm\u0259nistan aras\u0131ndak\u0131 dialoqa jurnalistl\u0259rin v\u0259 ictimaiyy\u0259t n\u00fcmay\u0259nd\u0259l\u0259rinin qat\u0131lmas\u0131 da faydal\u0131 olar. Torpaqlar\u0131m\u0131z i\u015f\u011fal alt\u0131nda oldu\u011fu ill\u0259rd\u0259 beyn\u0259lxalq t\u0259\u015fkilatlar iki \u00f6lk\u0259nin siyas\u0259t\u00e7il\u0259ri, ekspertl\u0259ri, jurnalistl\u0259r v\u0259 qeyri-h\u00f6kum\u0259t t\u0259\u015fkilatlar\u0131n\u0131n n\u00fcmay\u0259nd\u0259l\u0259ri aras\u0131nda m\u00fcxt\u0259lif g\u00f6r\u00fc\u015fl\u0259r t\u0259\u015fkil edirdi. M\u0259n d\u0259 t\u0259xmin\u0259n 15 il \u0259rzind\u0259 xalq diplomatiyas\u0131 \u00e7\u0259r\u00e7iv\u0259sind\u0259 qar\u015f\u0131 t\u0259r\u0259fin n\u00fcmay\u0259nd\u0259l\u0259ri il\u0259 m\u00fcxt\u0259lif g\u00f6r\u00fc\u015fl\u0259rd\u0259 i\u015ftirak etmi\u015f\u0259m. M\u00fcnaqi\u015f\u0259nin h\u0259lli \u00fc\u00e7\u00fcn m\u00fczakir\u0259l\u0259r s\u0259rt ke\u00e7irdi, erm\u0259nil\u0259r Az\u0259rbaycanla \u0259laq\u0259l\u0259rin b\u0259rpas\u0131n\u0131 arzulasalar da, bunun Qaraba\u011f\u0131n Az\u0259rbaycan\u0131n n\u0259zar\u0259tin\u0259 ke\u00e7m\u0259sin\u0259 aidiyy\u0259ti olmad\u0131\u011f\u0131n\u0131 s\u00f6yl\u0259yirdil\u0259r. Biz is\u0259 \u0259ksin\u0259, Az\u0259rbaycan\u0131n \u0259razi b\u00fct\u00f6vl\u00fcy\u00fc v\u0259 Qaraba\u011f \u00fcz\u0259rind\u0259 suverenliyi t\u0259min edilm\u0259d\u0259n iki \u00f6lk\u0259 aras\u0131ndak\u0131 m\u00fcnasib\u0259tl\u0259rin normalla\u015fmayaca\u011f\u0131n\u0131 onlara anlad\u0131rd\u0131q. M\u00fczakir\u0259l\u0259rd\u0259 d\u00fcnyada m\u00f6vcud olan y\u00fcks\u0259k muxtariyy\u0259t modell\u0259rini erm\u0259nil\u0259rl\u0259 m\u00fczakir\u0259 etm\u0259y\u0259 \u00e7al\u0131\u015f\u0131rd\u0131q, bundan yay\u0131n\u0131rd\u0131lar. Onlar\u0131n fikrinc\u0259 Qaraba\u011f m\u0259s\u0259l\u0259si art\u0131q onlar\u0131n xeyrin\u0259 h\u0259ll edilmi\u015f v\u0259 bu m\u00f6vzuya qay\u0131tmaq ist\u0259mirdil\u0259r. Biz is\u0259 bu m\u00f6vzu m\u00fczakir\u0259 edilm\u0259d\u0259n b\u00f6lg\u0259d\u0259 s\u00fclh v\u0259 \u0259m\u0259kda\u015fl\u0131\u011f\u0131n m\u00fcmk\u00fcn olmad\u0131\u011f\u0131n\u0131 izah edirdik. Q\u0259bul etm\u0259dil\u0259r v\u0259 biz b\u00fct\u00fcn ist\u0259kl\u0259rimiz\u0259 art\u0131rqlamas\u0131yla nail olduq, y\u00fcks\u0259k muxtariyy\u0259t\u0259 d\u0259 ehtiyac qalmad\u0131. Do\u011frudur, ke\u00e7mi\u015f ill\u0259rd\u0259 xalq diplomatiyas\u0131 m\u00fcnaqi\u015f\u0259nin h\u0259llini yax\u0131nla\u015fd\u0131rmad\u0131, \u0259sas s\u00f6z\u00fc ordumuz dedi. Biz m\u0259s\u0259l\u0259ni \u00f6z xeyrimiz\u0259 h\u0259ll etdiyimizd\u0259n b\u00f6lg\u0259d\u0259 s\u00fclh v\u0259 \u0259m\u0259kda\u015fl\u0131qda maraql\u0131y\u0131q. M\u0259n\u0259 el\u0259 g\u0259lir ki, xalq diplomatiyas\u0131 indi \u00fcmumi i\u015f \u00fc\u00e7\u00fcn daha faydal\u0131 ola bil\u0259r. Sad\u0259c\u0259 qar\u015f\u0131 t\u0259r\u0259fd\u0259n reall\u0131qlar\u0131 anlayanlarla \u00fcnsiyy\u0259t qurulmas\u0131na ehtiyac var. \u00c7\u00fcnki, s\u00fclh \u0259ld\u0259 edil\u0259nd\u0259n sonra onsuz da m\u00fcxt\u0259lif s\u0259viyy\u0259l\u0259rd\u0259 \u00fcnsiyy\u0259t qurulacaq, bu \u00e7al\u0131\u015fmalar\u0131 h\u0259min tarixi g\u00f6zl\u0259m\u0259d\u0259n d\u0259 ba\u015flamaq olar. Az\u0259rbaycan\u0131n xalq diplomatiyas\u0131 il\u0259 ba\u011fl\u0131 t\u0259\u015f\u0259bb\u00fcsl\u0259rinin beyn\u0259lxalq al\u0259m t\u0259r\u0259find\u0259n m\u00fcsb\u0259t qar\u015f\u0131lanaca\u011f\u0131n\u0131 proqnozla\u015fd\u0131rmaq m\u00fcmk\u00fcnd\u00fcr. Bu is\u0259 beyn\u0259lxalq al\u0259md\u0259 anti-Az\u0259rbaycan m\u0259rk\u0259zl\u0259rin m\u00f6vqel\u0259rini z\u0259ifl\u0259d\u0259c\u0259k\u201d.<\/p>\n<p><img src=\"https:\/\/amip.az\/wp-content\/uploads\/2022\/06\/amip_mustafayev_elshan_mansur-oglu_02_540.jpg\" alt=\"Az\u0259rbaycan Milli \u0130stiqlal Partiyas\u0131 s\u0259drinin Beyn\u0259lxalq M\u0259s\u0259l\u0259l\u0259r \u00fczr\u0259  m\u00fcavini - Az\u0259rbaycan Milli \u0130stiqlal Partiyas\u0131\" \/><\/p>\n<p><strong>El\u015f\u0259n Mustafayev\u00a0<\/strong><\/p>\n<p><strong>AM\u0130P s\u0259drinin beyn\u0259lxalq \u0259laq\u0259l\u0259r \u00fczr\u0259 m\u00fcavini El\u015f\u0259n Mustafayev is\u0259 qeyd etdi ki, s\u00fclh dan\u0131\u015f\u0131qlar\u0131n\u0131n gedi\u015fat\u0131nda g\u00f6r\u00fc\u015fl\u0259rin, m\u00fczakir\u0259l\u0259rin ke\u00e7irilm\u0259si normal hald\u0131r v\u0259 bu prosesin inki\u015faf\u0131na d\u0259st\u0259k verir:<\/strong>\u00a0\u201c\u0130ndiy\u0259d\u0259k g\u00f6r\u00fc\u015fl\u0259r Az\u0259rbaycan prezidenti il\u0259 Erm\u0259nistan ba\u015f naziri aras\u0131nda, xarici i\u015fl\u0259r nazirl\u0259ri, ba\u015f nazirin m\u00fcavinl\u0259ri aras\u0131nda m\u00fct\u0259madi olaraq ke\u00e7irilib. Bu g\u00f6r\u00fc\u015fl\u0259rd\u0259 konkret m\u0259s\u0259l\u0259l\u0259r m\u00fczakir\u0259 olunub v\u0259 prosesin gedi\u015fat\u0131nda praktiki olaraq m\u00fcsb\u0259t n\u0259tic\u0259l\u0259r al\u0131nmas\u0131na \u00e7al\u0131\u015f\u0131l\u0131b. Hesab edir\u0259m ki, bu g\u00f6r\u00fc\u015fl\u0259rin olmas\u0131 \u00e7ox vacibdir v\u0259 davam etdirilm\u0259si laz\u0131md\u0131r. Parlament s\u0259drl\u0259ri aras\u0131nda ba\u015f tutan ilk g\u00f6r\u00fc\u015f v\u0259 may ay\u0131n\u0131n 16-da g\u00f6zl\u0259nil\u0259n ikinci g\u00f6r\u00fc\u015f is\u0259 parlamentl\u0259raras\u0131 diplomatiyan\u0131n b\u0259rpas\u0131na xidm\u0259t edir ki, indiki zamanda bu da vacib amildir. Amma hesab edir\u0259m ki, h\u0259l\u0259 bir m\u00fcdd\u0259t bu \u015f\u0259kild\u0259 olacaq g\u00f6r\u00fc\u015fl\u0259r s\u0259drl\u0259r s\u0259viyy\u0259sind\u0259 apar\u0131lacaqd\u0131r. \u00c7\u00fcnki, h\u0259l\u0259 m\u00fcnasib\u0259tl\u0259rd\u0259ki tarazl\u0131q bu g\u00f6r\u00fc\u015fl\u0259rin, h\u0259m\u00e7inin parlament \u00fczvl\u0259ri il\u0259 apar\u0131lmas\u0131na imkan vermir. \u0130ki d\u00f6vl\u0259t aras\u0131nda h\u0259l\u0259 s\u00fclh m\u00fcqavil\u0259si ba\u011flanmam\u0131\u015f parlament \u00fczvl\u0259ri s\u0259viyy\u0259sind\u0259 g\u00f6r\u00fc\u015fl\u0259rin ke\u00e7irilm\u0259sinin el\u0259 bir \u0259h\u0259miyy\u0259tini g\u00f6rm\u00fcr\u0259m. G\u0259l\u0259c\u0259kd\u0259 s\u00fclh m\u00fcqavil\u0259si ba\u011fland\u0131qdan sonra n\u0259inki parlament \u00fczvl\u0259ri, eyni zamanda m\u00fcxt\u0259lif sah\u0259l\u0259rin r\u0259hb\u0259rl\u0259rinin, m\u00fct\u0259x\u0259ssisl\u0259rinin t\u0259r\u0259fl\u0259r aras\u0131nda qar\u015f\u0131l\u0131ql\u0131 maraq do\u011furan m\u0259s\u0259l\u0259l\u0259rl\u0259 ba\u011fl\u0131 g\u00f6r\u00fc\u015fl\u0259ri ola bil\u0259r. Bu g\u00f6r\u00fc\u015fl\u0259rin davam\u0131 olaraq ondan sonrak\u0131 etaplarda t\u0259dric\u0259n xalq diplomatiyas\u0131na ke\u00e7id edil\u0259 bil\u0259r. H\u0259l\u0259lik is\u0259 prosesl\u0259rin h\u0259ssas zaman\u0131nda indiy\u0259d\u0259k m\u00f6vcud olan dan\u0131\u015f\u0131qlar format\u0131n\u0131n qalmas\u0131 d\u00fc\u015f\u00fcn\u00fcr\u0259m ki, daha m\u0259qs\u0259d\u0259uy\u011fun olar\u201d.<\/p>\n","protected":false},"excerpt":{"rendered":"<p>Az\u0259r Badamov: \u201cDeputatlar xalq\u0131n el\u00e7il\u0259ridir, onlar\u0131n t\u0259maslar\u0131n\u0131n yaranmas\u0131 xalqlar\u0131n yax\u0131nla\u015fmas\u0131na v\u0259 d\u00fc\u015fm\u0259n\u00e7iliyin aradan qalxmas\u0131na xidm\u0259t ed\u0259c\u0259k\u201d Az\u0259rbaycanla Erm\u0259nistan aras\u0131nda s\u00fclh dan\u0131\u015f\u0131qlar\u0131 intensivl\u0259\u015fib. Sazi\u015fl\u0259 yana\u015f\u0131, Erm\u0259nistanla kommunikasiyalar\u0131n a\u00e7\u0131lmas\u0131, normal qon\u015fuluq siyas\u0259tin\u0259 ke\u00e7id m\u00fczakir\u0259 m\u00f6vzusudur. Onillikl\u0259r boyunca d\u00fc\u015fm\u0259n olmu\u015f d\u00f6vl\u0259tl\u0259rin, xalqlar\u0131n normal qon\u015fulu\u011fa ke\u00e7idi he\u00e7 d\u0259 asan deyil v\u0259 bu zaman b\u00f6y\u00fck \u0259m\u0259k s\u0259rfi t\u0259l\u0259b edilir. Bu prosesd\u0259 t\u0259kc\u0259 siyasi dair\u0259l\u0259r yox, h\u0259m d\u0259 parlament v\u0259 xalq diplomatiyas\u0131n\u0131n da rolu olmal\u0131d\u0131r. G\u00f6r\u00fcn\u0259n budur ki, art\u0131q parlament r\u0259hb\u0259rliyi s\u0259viyy\u0259sind\u0259 d\u0259 proses\u0259 start verilir. Bel\u0259 ki, Az\u0259rbaycan v\u0259 Erm\u0259nistan parlamentl\u0259rinin s\u0259drl\u0259ri &#8211; Sahib\u0259 Qafarova&hellip;<\/p>\n","protected":false},"author":2,"featured_media":722476,"comment_status":"closed","ping_status":"closed","sticky":false,"template":"","format":"standard","meta":{"om_disable_all_campaigns":false,"_monsterinsights_skip_tracking":false,"_monsterinsights_sitenote_active":false,"_monsterinsights_sitenote_note":"","_monsterinsights_sitenote_category":0},"categories":[4],"tags":[],"aioseo_notices":[],"gutentor_comment":0,"rttpg_featured_image_url":{"full":["https:\/\/arantv.az\/wp-content\/uploads\/2024\/05\/c26d04803a823ca73b86d284587737b8.jpg",870,500,false],"landscape":["https:\/\/arantv.az\/wp-content\/uploads\/2024\/05\/c26d04803a823ca73b86d284587737b8.jpg",870,500,false],"portraits":["https:\/\/arantv.az\/wp-content\/uploads\/2024\/05\/c26d04803a823ca73b86d284587737b8.jpg",870,500,false],"thumbnail":["https:\/\/arantv.az\/wp-content\/uploads\/2024\/05\/c26d04803a823ca73b86d284587737b8-500x280.jpg",500,280,true],"medium":["https:\/\/arantv.az\/wp-content\/uploads\/2024\/05\/c26d04803a823ca73b86d284587737b8-635x365.jpg",635,365,true],"large":["https:\/\/arantv.az\/wp-content\/uploads\/2024\/05\/c26d04803a823ca73b86d284587737b8-840x483.jpg",640,368,true],"1536x1536":["https:\/\/arantv.az\/wp-content\/uploads\/2024\/05\/c26d04803a823ca73b86d284587737b8.jpg",870,500,false],"2048x2048":["https:\/\/arantv.az\/wp-content\/uploads\/2024\/05\/c26d04803a823ca73b86d284587737b8.jpg",870,500,false],"post-thumbnail":["https:\/\/arantv.az\/wp-content\/uploads\/2024\/05\/c26d04803a823ca73b86d284587737b8-240x172.jpg",240,172,true],"advps-thumb-one":["https:\/\/arantv.az\/wp-content\/uploads\/2024\/05\/c26d04803a823ca73b86d284587737b8.jpg",870,500,false]},"rttpg_author":{"display_name":"V\u00fcsal Rafiqo\u011flu","author_link":"https:\/\/arantv.az\/?author=2"},"rttpg_comment":0,"rttpg_category":"<a href=\"https:\/\/arantv.az\/?cat=4\" rel=\"category\">Siyas\u0259t<\/a>","rttpg_excerpt":"Az\u0259r Badamov: \u201cDeputatlar xalq\u0131n el\u00e7il\u0259ridir, onlar\u0131n t\u0259maslar\u0131n\u0131n yaranmas\u0131 xalqlar\u0131n yax\u0131nla\u015fmas\u0131na v\u0259 d\u00fc\u015fm\u0259n\u00e7iliyin aradan qalxmas\u0131na xidm\u0259t ed\u0259c\u0259k\u201d Az\u0259rbaycanla Erm\u0259nistan aras\u0131nda s\u00fclh dan\u0131\u015f\u0131qlar\u0131 intensivl\u0259\u015fib. Sazi\u015fl\u0259 yana\u015f\u0131, Erm\u0259nistanla kommunikasiyalar\u0131n a\u00e7\u0131lmas\u0131, normal qon\u015fuluq siyas\u0259tin\u0259 ke\u00e7id m\u00fczakir\u0259 m\u00f6vzusudur. Onillikl\u0259r boyunca d\u00fc\u015fm\u0259n olmu\u015f d\u00f6vl\u0259tl\u0259rin, xalqlar\u0131n normal qon\u015fulu\u011fa ke\u00e7idi he\u00e7 d\u0259 asan deyil v\u0259 bu zaman b\u00f6y\u00fck \u0259m\u0259k s\u0259rfi t\u0259l\u0259b edilir. Bu&hellip;","_links":{"self":[{"href":"https:\/\/arantv.az\/index.php?rest_route=\/wp\/v2\/posts\/722475"}],"collection":[{"href":"https:\/\/arantv.az\/index.php?rest_route=\/wp\/v2\/posts"}],"about":[{"href":"https:\/\/arantv.az\/index.php?rest_route=\/wp\/v2\/types\/post"}],"author":[{"embeddable":true,"href":"https:\/\/arantv.az\/index.php?rest_route=\/wp\/v2\/users\/2"}],"replies":[{"embeddable":true,"href":"https:\/\/arantv.az\/index.php?rest_route=%2Fwp%2Fv2%2Fcomments&post=722475"}],"version-history":[{"count":0,"href":"https:\/\/arantv.az\/index.php?rest_route=\/wp\/v2\/posts\/722475\/revisions"}],"wp:featuredmedia":[{"embeddable":true,"href":"https:\/\/arantv.az\/index.php?rest_route=\/wp\/v2\/media\/722476"}],"wp:attachment":[{"href":"https:\/\/arantv.az\/index.php?rest_route=%2Fwp%2Fv2%2Fmedia&parent=722475"}],"wp:term":[{"taxonomy":"category","embeddable":true,"href":"https:\/\/arantv.az\/index.php?rest_route=%2Fwp%2Fv2%2Fcategories&post=722475"},{"taxonomy":"post_tag","embeddable":true,"href":"https:\/\/arantv.az\/index.php?rest_route=%2Fwp%2Fv2%2Ftags&post=722475"}],"curies":[{"name":"wp","href":"https:\/\/api.w.org\/{rel}","templated":true}]}}