{"id":722486,"date":"2024-05-16T12:55:16","date_gmt":"2024-05-16T08:55:16","guid":{"rendered":"https:\/\/arantv.az\/?p=722486"},"modified":"2024-05-16T12:55:16","modified_gmt":"2024-05-16T08:55:16","slug":"az%c9%99rbaycan-xin-d%c9%99n-fransali-nazir%c9%99-s%c9%99rt-cavab","status":"publish","type":"post","link":"https:\/\/arantv.az\/?p=722486","title":{"rendered":"Az\u0259rbaycan X\u0130N-d\u0259n fransal\u0131 nazir\u0259 S\u018fRT CAVAB"},"content":{"rendered":"<p>\u201cFransan\u0131n daxili i\u015fl\u0259r naziri Jerar Darmaninin 16 may 2024-c\u00fc il tarixind\u0259 \u201cFrance-2\u201d telekanal\u0131na m\u00fcsahib\u0259sind\u0259 \u00f6lk\u0259miz\u0259 qar\u015f\u0131, el\u0259c\u0259 d\u0259 Az\u0259rbaycanla Yeni Kaledoniyan\u0131n m\u00fcst\u0259qillik liderl\u0259ri aras\u0131nda iddia edil\u0259n m\u00fcnasib\u0259tl\u0259r\u0259 dair s\u0259sl\u0259ndirdiyi n\u00f6vb\u0259ti \u0259sass\u0131z fikirl\u0259ri tamamil\u0259 r\u0259dd edirik\u201d.<\/p>\n<p><strong>ARANTV.AZ\u00a0 <\/strong>x\u0259b\u0259r verir ki, bu bar\u0259d\u0259 Xarici \u0130\u015fl\u0259r Nazirliyinin m\u0259tbuat xidm\u0259tinin r\u0259hb\u0259ri Ayxan Hac\u0131zad\u0259nin Fransan\u0131n daxili i\u015fl\u0259r naziri Jerar Darmaninin \u201cFrance-2\u201d telekanal\u0131na m\u00fcsahib\u0259sind\u0259 Az\u0259rbaycana qar\u015f\u0131 s\u0259sl\u0259ndirdiyi iddialara dair \u015f\u0259rhind\u0259 bildirilib.<\/p>\n<p>\u201c\u0130lk n\u00f6vb\u0259d\u0259, Fransa t\u0259r\u0259finin Az\u0259rbaycana qar\u015f\u0131 t\u0259hqiramiz ifad\u0259l\u0259rini bir daha q\u0259tiyy\u0259tl\u0259 pisl\u0259yir v\u0259 erm\u0259nil\u0259rin k\u00fctl\u0259vi \u015f\u0259kild\u0259 q\u0259tl\u0259 yetirilm\u0259si kimi q\u0259buledilm\u0259z ittihamlarla Az\u0259rbaycana qar\u015f\u0131 apard\u0131\u011f\u0131 qarayaxma kampaniyas\u0131n\u0131 dayand\u0131rma\u011f\u0131 t\u0259l\u0259b edirik.<\/p>\n<p>Fransa daxili i\u015fl\u0259r nazirinin \u00f6z \u00f6lk\u0259sinin uzun ill\u0259r h\u0259yata ke\u00e7irdiyi m\u00fcst\u0259ml\u0259k\u0259\u00e7ilik siyas\u0259tinin t\u0259rkib hiss\u0259si kimi yerli xalqlara qar\u015f\u0131 insanl\u0131q \u0259leyhin\u0259 cinay\u0259tl\u0259r t\u00f6r\u0259tm\u0259sini, milyonlarla g\u00fcnahs\u0131z insan\u0131n v\u0259h\u015fic\u0259sin\u0259 q\u0259tl\u0259 yetirilm\u0259si tarixini xat\u0131rlamas\u0131 daha m\u00fcnasib olard\u0131.<\/p>\n<p>Bununla yana\u015f\u0131, Fransan\u0131n daxili i\u015fl\u0259r naziri Az\u0259rbaycan\u0131 Yeni Kaledoniyada m\u00fcst\u0259qillik t\u0259r\u0259fdar\u0131 etirazlar\u0131 d\u0259st\u0259kl\u0259m\u0259kd\u0259 ittiham etm\u0259k \u0259v\u0259zin\u0259, \u00f6lk\u0259sinin bu c\u00fcr etirazlara s\u0259b\u0259b olan d\u0259niza\u015f\u0131r\u0131 b\u00f6lg\u0259l\u0259ri il\u0259 ba\u011fl\u0131 u\u011fursuz siyas\u0259tin\u0259 diqq\u0259t y\u00f6n\u0259ltm\u0259lidir.<\/p>\n<p>Biz bir daha Fransan\u0131 \u00f6lk\u0259miz\u0259 qar\u015f\u0131 \u0259sass\u0131z iddialar\u0131 dayand\u0131rma\u011fa \u00e7a\u011f\u0131r\u0131r\u0131q\u201d, &#8211; X\u0130N r\u0259smisi qeyd edib.<\/p>\n","protected":false},"excerpt":{"rendered":"<p>\u201cFransan\u0131n daxili i\u015fl\u0259r naziri Jerar Darmaninin 16 may 2024-c\u00fc il tarixind\u0259 \u201cFrance-2\u201d telekanal\u0131na m\u00fcsahib\u0259sind\u0259 \u00f6lk\u0259miz\u0259 qar\u015f\u0131, el\u0259c\u0259 d\u0259 Az\u0259rbaycanla Yeni Kaledoniyan\u0131n m\u00fcst\u0259qillik liderl\u0259ri aras\u0131nda iddia edil\u0259n m\u00fcnasib\u0259tl\u0259r\u0259 dair s\u0259sl\u0259ndirdiyi n\u00f6vb\u0259ti \u0259sass\u0131z fikirl\u0259ri tamamil\u0259 r\u0259dd edirik\u201d. ARANTV.AZ\u00a0 x\u0259b\u0259r verir ki, bu bar\u0259d\u0259 Xarici \u0130\u015fl\u0259r Nazirliyinin m\u0259tbuat xidm\u0259tinin r\u0259hb\u0259ri Ayxan Hac\u0131zad\u0259nin Fransan\u0131n daxili i\u015fl\u0259r naziri Jerar Darmaninin \u201cFrance-2\u201d telekanal\u0131na m\u00fcsahib\u0259sind\u0259 Az\u0259rbaycana qar\u015f\u0131 s\u0259sl\u0259ndirdiyi iddialara dair \u015f\u0259rhind\u0259 bildirilib. \u201c\u0130lk n\u00f6vb\u0259d\u0259, Fransa t\u0259r\u0259finin Az\u0259rbaycana qar\u015f\u0131 t\u0259hqiramiz ifad\u0259l\u0259rini bir daha q\u0259tiyy\u0259tl\u0259 pisl\u0259yir v\u0259 erm\u0259nil\u0259rin k\u00fctl\u0259vi \u015f\u0259kild\u0259 q\u0259tl\u0259 yetirilm\u0259si kimi q\u0259buledilm\u0259z ittihamlarla Az\u0259rbaycana qar\u015f\u0131 apard\u0131\u011f\u0131 qarayaxma&hellip;<\/p>\n","protected":false},"author":2,"featured_media":557829,"comment_status":"closed","ping_status":"closed","sticky":false,"template":"","format":"standard","meta":{"om_disable_all_campaigns":false,"_monsterinsights_skip_tracking":false,"_monsterinsights_sitenote_active":false,"_monsterinsights_sitenote_note":"","_monsterinsights_sitenote_category":0},"categories":[4],"tags":[],"aioseo_notices":[],"gutentor_comment":0,"rttpg_featured_image_url":{"full":["https:\/\/arantv.az\/wp-content\/uploads\/2023\/01\/XIN.jpg",975,540,false],"landscape":["https:\/\/arantv.az\/wp-content\/uploads\/2023\/01\/XIN.jpg",975,540,false],"portraits":["https:\/\/arantv.az\/wp-content\/uploads\/2023\/01\/XIN.jpg",975,540,false],"thumbnail":["https:\/\/arantv.az\/wp-content\/uploads\/2023\/01\/XIN-500x280.jpg",500,280,true],"medium":["https:\/\/arantv.az\/wp-content\/uploads\/2023\/01\/XIN-660x365.jpg",660,365,true],"large":["https:\/\/arantv.az\/wp-content\/uploads\/2023\/01\/XIN-840x465.jpg",640,354,true],"1536x1536":["https:\/\/arantv.az\/wp-content\/uploads\/2023\/01\/XIN.jpg",975,540,false],"2048x2048":["https:\/\/arantv.az\/wp-content\/uploads\/2023\/01\/XIN.jpg",975,540,false],"post-thumbnail":["https:\/\/arantv.az\/wp-content\/uploads\/2023\/01\/XIN-240x172.jpg",240,172,true],"advps-thumb-one":["https:\/\/arantv.az\/wp-content\/uploads\/2023\/01\/XIN.jpg",975,540,false]},"rttpg_author":{"display_name":"V\u00fcsal Rafiqo\u011flu","author_link":"https:\/\/arantv.az\/?author=2"},"rttpg_comment":0,"rttpg_category":"<a href=\"https:\/\/arantv.az\/?cat=4\" rel=\"category\">Siyas\u0259t<\/a>","rttpg_excerpt":"\u201cFransan\u0131n daxili i\u015fl\u0259r naziri Jerar Darmaninin 16 may 2024-c\u00fc il tarixind\u0259 \u201cFrance-2\u201d telekanal\u0131na m\u00fcsahib\u0259sind\u0259 \u00f6lk\u0259miz\u0259 qar\u015f\u0131, el\u0259c\u0259 d\u0259 Az\u0259rbaycanla Yeni Kaledoniyan\u0131n m\u00fcst\u0259qillik liderl\u0259ri aras\u0131nda iddia edil\u0259n m\u00fcnasib\u0259tl\u0259r\u0259 dair s\u0259sl\u0259ndirdiyi n\u00f6vb\u0259ti \u0259sass\u0131z fikirl\u0259ri tamamil\u0259 r\u0259dd edirik\u201d. ARANTV.AZ\u00a0 x\u0259b\u0259r verir ki, bu bar\u0259d\u0259 Xarici \u0130\u015fl\u0259r Nazirliyinin m\u0259tbuat xidm\u0259tinin r\u0259hb\u0259ri Ayxan Hac\u0131zad\u0259nin Fransan\u0131n daxili i\u015fl\u0259r naziri Jerar Darmaninin&hellip;","_links":{"self":[{"href":"https:\/\/arantv.az\/index.php?rest_route=\/wp\/v2\/posts\/722486"}],"collection":[{"href":"https:\/\/arantv.az\/index.php?rest_route=\/wp\/v2\/posts"}],"about":[{"href":"https:\/\/arantv.az\/index.php?rest_route=\/wp\/v2\/types\/post"}],"author":[{"embeddable":true,"href":"https:\/\/arantv.az\/index.php?rest_route=\/wp\/v2\/users\/2"}],"replies":[{"embeddable":true,"href":"https:\/\/arantv.az\/index.php?rest_route=%2Fwp%2Fv2%2Fcomments&post=722486"}],"version-history":[{"count":0,"href":"https:\/\/arantv.az\/index.php?rest_route=\/wp\/v2\/posts\/722486\/revisions"}],"wp:featuredmedia":[{"embeddable":true,"href":"https:\/\/arantv.az\/index.php?rest_route=\/wp\/v2\/media\/557829"}],"wp:attachment":[{"href":"https:\/\/arantv.az\/index.php?rest_route=%2Fwp%2Fv2%2Fmedia&parent=722486"}],"wp:term":[{"taxonomy":"category","embeddable":true,"href":"https:\/\/arantv.az\/index.php?rest_route=%2Fwp%2Fv2%2Fcategories&post=722486"},{"taxonomy":"post_tag","embeddable":true,"href":"https:\/\/arantv.az\/index.php?rest_route=%2Fwp%2Fv2%2Ftags&post=722486"}],"curies":[{"name":"wp","href":"https:\/\/api.w.org\/{rel}","templated":true}]}}