{"id":722511,"date":"2024-05-16T14:12:56","date_gmt":"2024-05-16T10:12:56","guid":{"rendered":"https:\/\/arantv.az\/?p=722511"},"modified":"2024-05-16T14:12:56","modified_gmt":"2024-05-16T10:12:56","slug":"slovakiya-din-olk%c9%99-v%c9%99t%c9%99ndas-muharib%c9%99sinin-astanasindadir","status":"publish","type":"post","link":"https:\/\/arantv.az\/?p=722511","title":{"rendered":"Slovakiya D\u0130N: \u201c\u00d6lk\u0259 v\u0259t\u0259nda\u015f m\u00fcharib\u0259sinin astanas\u0131ndad\u0131r\u201d"},"content":{"rendered":"<p>\u201cSlovakiyan\u0131n Ba\u015f naziri Robert Fitsoya qar\u015f\u0131 t\u0259\u015fkil olunan sui-q\u0259sdl\u0259 \u0259laq\u0259dar \u00f6lk\u0259 v\u0259t\u0259nda\u015f m\u00fcharib\u0259sinin astanas\u0131ndad\u0131r\u201d.<\/p>\n<p>Bu bar\u0259d\u0259 Slovakiya Daxili \u0130\u015fl\u0259r Nazirliyinin yayd\u0131\u011f\u0131 b\u0259yanat\u0131na qeyd olunur.<\/p>\n<p>Bildirilib ki, siyas\u0259t\u00e7iy\u0259 qar\u015f\u0131 sui-q\u0259sd siyasi motivl\u0259rl\u0259 h\u0259yata ke\u00e7irilib.<\/p>\n<p>Xat\u0131rladaq ki, R.Fitsoya h\u00fccum may\u0131n 15-d\u0259 h\u00f6kum\u0259t iclas\u0131n\u0131n ke\u00e7irildiyi binadan \u00e7\u0131xark\u0259n ba\u015f verib. Cinay\u0259tkar bir ne\u00e7\u0259 d\u0259f\u0259 ona at\u0259\u015f a\u00e7\u0131b, n\u0259tic\u0259d\u0259 Slovakiyan\u0131n ba\u015f naziri a\u011f\u0131r yaralan\u0131b.<\/p>\n<p>M\u0259lum olub ki, at\u0259\u015f a\u00e7an \u015f\u0259xs m\u00fcxalif \u201cProqressiv Slovakiya\u201d partiyas\u0131n\u0131n t\u0259r\u0259fdar\u0131 olan 71 ya\u015fl\u0131 yaz\u0131\u00e7\u0131 Yuray Sintulad\u0131r.<\/p>\n","protected":false},"excerpt":{"rendered":"<p>\u201cSlovakiyan\u0131n Ba\u015f naziri Robert Fitsoya qar\u015f\u0131 t\u0259\u015fkil olunan sui-q\u0259sdl\u0259 \u0259laq\u0259dar \u00f6lk\u0259 v\u0259t\u0259nda\u015f m\u00fcharib\u0259sinin astanas\u0131ndad\u0131r\u201d. Bu bar\u0259d\u0259 Slovakiya Daxili \u0130\u015fl\u0259r Nazirliyinin yayd\u0131\u011f\u0131 b\u0259yanat\u0131na qeyd olunur. Bildirilib ki, siyas\u0259t\u00e7iy\u0259 qar\u015f\u0131 sui-q\u0259sd siyasi motivl\u0259rl\u0259 h\u0259yata ke\u00e7irilib. Xat\u0131rladaq ki, R.Fitsoya h\u00fccum may\u0131n 15-d\u0259 h\u00f6kum\u0259t iclas\u0131n\u0131n ke\u00e7irildiyi binadan \u00e7\u0131xark\u0259n ba\u015f verib. Cinay\u0259tkar bir ne\u00e7\u0259 d\u0259f\u0259 ona at\u0259\u015f a\u00e7\u0131b, n\u0259tic\u0259d\u0259 Slovakiyan\u0131n ba\u015f naziri a\u011f\u0131r yaralan\u0131b. M\u0259lum olub ki, at\u0259\u015f a\u00e7an \u015f\u0259xs m\u00fcxalif \u201cProqressiv Slovakiya\u201d partiyas\u0131n\u0131n t\u0259r\u0259fdar\u0131 olan 71 ya\u015fl\u0131 yaz\u0131\u00e7\u0131 Yuray Sintulad\u0131r.<\/p>\n","protected":false},"author":2,"featured_media":722512,"comment_status":"closed","ping_status":"closed","sticky":false,"template":"","format":"standard","meta":{"om_disable_all_campaigns":false,"_monsterinsights_skip_tracking":false,"_monsterinsights_sitenote_active":false,"_monsterinsights_sitenote_note":"","_monsterinsights_sitenote_category":0},"categories":[7],"tags":[],"aioseo_notices":[],"gutentor_comment":0,"rttpg_featured_image_url":{"full":["https:\/\/arantv.az\/wp-content\/uploads\/2024\/05\/FotoJet-2024-05-16T125654.857.jpg",620,413,false],"landscape":["https:\/\/arantv.az\/wp-content\/uploads\/2024\/05\/FotoJet-2024-05-16T125654.857.jpg",620,413,false],"portraits":["https:\/\/arantv.az\/wp-content\/uploads\/2024\/05\/FotoJet-2024-05-16T125654.857.jpg",620,413,false],"thumbnail":["https:\/\/arantv.az\/wp-content\/uploads\/2024\/05\/FotoJet-2024-05-16T125654.857-500x280.jpg",500,280,true],"medium":["https:\/\/arantv.az\/wp-content\/uploads\/2024\/05\/FotoJet-2024-05-16T125654.857-548x365.jpg",548,365,true],"large":["https:\/\/arantv.az\/wp-content\/uploads\/2024\/05\/FotoJet-2024-05-16T125654.857.jpg",620,413,false],"1536x1536":["https:\/\/arantv.az\/wp-content\/uploads\/2024\/05\/FotoJet-2024-05-16T125654.857.jpg",620,413,false],"2048x2048":["https:\/\/arantv.az\/wp-content\/uploads\/2024\/05\/FotoJet-2024-05-16T125654.857.jpg",620,413,false],"post-thumbnail":["https:\/\/arantv.az\/wp-content\/uploads\/2024\/05\/FotoJet-2024-05-16T125654.857-240x172.jpg",240,172,true],"advps-thumb-one":["https:\/\/arantv.az\/wp-content\/uploads\/2024\/05\/FotoJet-2024-05-16T125654.857.jpg",620,413,false]},"rttpg_author":{"display_name":"V\u00fcsal Rafiqo\u011flu","author_link":"https:\/\/arantv.az\/?author=2"},"rttpg_comment":0,"rttpg_category":"<a href=\"https:\/\/arantv.az\/?cat=7\" rel=\"category\">D\u00fcnya<\/a>","rttpg_excerpt":"\u201cSlovakiyan\u0131n Ba\u015f naziri Robert Fitsoya qar\u015f\u0131 t\u0259\u015fkil olunan sui-q\u0259sdl\u0259 \u0259laq\u0259dar \u00f6lk\u0259 v\u0259t\u0259nda\u015f m\u00fcharib\u0259sinin astanas\u0131ndad\u0131r\u201d. Bu bar\u0259d\u0259 Slovakiya Daxili \u0130\u015fl\u0259r Nazirliyinin yayd\u0131\u011f\u0131 b\u0259yanat\u0131na qeyd olunur. Bildirilib ki, siyas\u0259t\u00e7iy\u0259 qar\u015f\u0131 sui-q\u0259sd siyasi motivl\u0259rl\u0259 h\u0259yata ke\u00e7irilib. Xat\u0131rladaq ki, R.Fitsoya h\u00fccum may\u0131n 15-d\u0259 h\u00f6kum\u0259t iclas\u0131n\u0131n ke\u00e7irildiyi binadan \u00e7\u0131xark\u0259n ba\u015f verib. Cinay\u0259tkar bir ne\u00e7\u0259 d\u0259f\u0259 ona at\u0259\u015f a\u00e7\u0131b, n\u0259tic\u0259d\u0259 Slovakiyan\u0131n&hellip;","_links":{"self":[{"href":"https:\/\/arantv.az\/index.php?rest_route=\/wp\/v2\/posts\/722511"}],"collection":[{"href":"https:\/\/arantv.az\/index.php?rest_route=\/wp\/v2\/posts"}],"about":[{"href":"https:\/\/arantv.az\/index.php?rest_route=\/wp\/v2\/types\/post"}],"author":[{"embeddable":true,"href":"https:\/\/arantv.az\/index.php?rest_route=\/wp\/v2\/users\/2"}],"replies":[{"embeddable":true,"href":"https:\/\/arantv.az\/index.php?rest_route=%2Fwp%2Fv2%2Fcomments&post=722511"}],"version-history":[{"count":0,"href":"https:\/\/arantv.az\/index.php?rest_route=\/wp\/v2\/posts\/722511\/revisions"}],"wp:featuredmedia":[{"embeddable":true,"href":"https:\/\/arantv.az\/index.php?rest_route=\/wp\/v2\/media\/722512"}],"wp:attachment":[{"href":"https:\/\/arantv.az\/index.php?rest_route=%2Fwp%2Fv2%2Fmedia&parent=722511"}],"wp:term":[{"taxonomy":"category","embeddable":true,"href":"https:\/\/arantv.az\/index.php?rest_route=%2Fwp%2Fv2%2Fcategories&post=722511"},{"taxonomy":"post_tag","embeddable":true,"href":"https:\/\/arantv.az\/index.php?rest_route=%2Fwp%2Fv2%2Ftags&post=722511"}],"curies":[{"name":"wp","href":"https:\/\/api.w.org\/{rel}","templated":true}]}}