{"id":722779,"date":"2024-05-17T10:52:07","date_gmt":"2024-05-17T06:52:07","guid":{"rendered":"https:\/\/arantv.az\/?p=722779"},"modified":"2024-05-17T10:52:07","modified_gmt":"2024-05-17T06:52:07","slug":"az%c9%99rbaycanin-irandaki-s%c9%99firliyi-il%c9%99-bagli-yeni-q%c9%99rar","status":"publish","type":"post","link":"https:\/\/arantv.az\/?p=722779","title":{"rendered":"Az\u0259rbaycan\u0131n \u0130randak\u0131 s\u0259firliyi il\u0259 ba\u011fl\u0131 YEN\u0130 Q\u018fRAR"},"content":{"rendered":"<p>\u00d6t\u0259n ilin yanvar ay\u0131nda s\u0259firliyimiz\u0259 qar\u015f\u0131 t\u00f6r\u0259dilmi\u015f terror h\u00fccumundan sonra \u0130ran t\u0259r\u0259fi il\u0259 dan\u0131\u015f\u0131qlar\u0131n \u0259sas istiqam\u0259tl\u0259rind\u0259n biri s\u0259firliyin t\u0259hl\u00fck\u0259sizliyin\u0259 tam t\u0259minat\u0131n verilm\u0259si m\u0259s\u0259l\u0259si \u0259traf\u0131nda olub.<\/p>\n<p><b>ARANTV.AZ <\/b>x\u0259b\u0259r verir ki, bu bar\u0259d\u0259 Az\u0259rbaycan\u0131n Xarici \u0130\u015fl\u0259r Nazirliyi m\u0259lumat yay\u0131b.<\/p>\n<p>Bildirilib ki, son bir ne\u00e7\u0259 ay \u0259rzind\u0259 iki \u00f6lk\u0259nin r\u0259smi \u015f\u0259xsl\u0259ri v\u0259 aidiyy\u0259ti qurumlar\u0131 aras\u0131nda t\u0259maslar v\u0259 dan\u0131\u015f\u0131qlar \u00e7\u0259r\u00e7iv\u0259sind\u0259 \u00f6lk\u0259mizin g\u00f6zl\u0259ntil\u0259ri qar\u015f\u0131 t\u0259r\u0259f\u0259 \u00e7atd\u0131r\u0131l\u0131b, s\u0259firliyimizin daha t\u0259hl\u00fck\u0259siz v\u0259 s\u0259firlik \u00fc\u00e7\u00fcn z\u0259ruri olan b\u00fct\u00fcn t\u0259l\u0259bl\u0259r\u0259 cavab ver\u0259n yeni m\u0259kana k\u00f6\u00e7\u00fcr\u00fclm\u0259si istiqam\u0259tind\u0259 \u0130ran t\u0259r\u0259fi il\u0259 m\u00fcvafiq i\u015f apar\u0131l\u0131b.<\/p>\n<p>Apar\u0131lm\u0131\u015f i\u015f n\u0259tic\u0259sind\u0259, s\u0259firliyin yeni m\u0259kan\u0131 art\u0131q m\u00fc\u0259yy\u0259n edilib. Hal-haz\u0131rda qeyd edil\u0259n m\u0259kan v\u0259 binada s\u0259firlik \u00fc\u00e7\u00fcn z\u0259ruri \u015f\u0259raitin yarad\u0131lmas\u0131 m\u0259qs\u0259dil\u0259 m\u00fcvafiq t\u0259dbirl\u0259r g\u00f6r\u00fcl\u00fcr. Qeyd edil\u0259n i\u015fl\u0259r yekunla\u015fandan sonra s\u0259firliyin yeni m\u0259kanda f\u0259aliyy\u0259tinin b\u0259rpa edilm\u0259si planla\u015fd\u0131r\u0131l\u0131r.<\/p>\n","protected":false},"excerpt":{"rendered":"<p>\u00d6t\u0259n ilin yanvar ay\u0131nda s\u0259firliyimiz\u0259 qar\u015f\u0131 t\u00f6r\u0259dilmi\u015f terror h\u00fccumundan sonra \u0130ran t\u0259r\u0259fi il\u0259 dan\u0131\u015f\u0131qlar\u0131n \u0259sas istiqam\u0259tl\u0259rind\u0259n biri s\u0259firliyin t\u0259hl\u00fck\u0259sizliyin\u0259 tam t\u0259minat\u0131n verilm\u0259si m\u0259s\u0259l\u0259si \u0259traf\u0131nda olub. ARANTV.AZ x\u0259b\u0259r verir ki, bu bar\u0259d\u0259 Az\u0259rbaycan\u0131n Xarici \u0130\u015fl\u0259r Nazirliyi m\u0259lumat yay\u0131b. Bildirilib ki, son bir ne\u00e7\u0259 ay \u0259rzind\u0259 iki \u00f6lk\u0259nin r\u0259smi \u015f\u0259xsl\u0259ri v\u0259 aidiyy\u0259ti qurumlar\u0131 aras\u0131nda t\u0259maslar v\u0259 dan\u0131\u015f\u0131qlar \u00e7\u0259r\u00e7iv\u0259sind\u0259 \u00f6lk\u0259mizin g\u00f6zl\u0259ntil\u0259ri qar\u015f\u0131 t\u0259r\u0259f\u0259 \u00e7atd\u0131r\u0131l\u0131b, s\u0259firliyimizin daha t\u0259hl\u00fck\u0259siz v\u0259 s\u0259firlik \u00fc\u00e7\u00fcn z\u0259ruri olan b\u00fct\u00fcn t\u0259l\u0259bl\u0259r\u0259 cavab ver\u0259n yeni m\u0259kana k\u00f6\u00e7\u00fcr\u00fclm\u0259si istiqam\u0259tind\u0259 \u0130ran t\u0259r\u0259fi il\u0259 m\u00fcvafiq i\u015f apar\u0131l\u0131b. Apar\u0131lm\u0131\u015f i\u015f n\u0259tic\u0259sind\u0259, s\u0259firliyin yeni m\u0259kan\u0131 art\u0131q&hellip;<\/p>\n","protected":false},"author":2,"featured_media":722780,"comment_status":"closed","ping_status":"closed","sticky":false,"template":"","format":"standard","meta":{"om_disable_all_campaigns":false,"_monsterinsights_skip_tracking":false,"_monsterinsights_sitenote_active":false,"_monsterinsights_sitenote_note":"","_monsterinsights_sitenote_category":0},"categories":[4],"tags":[],"aioseo_notices":[],"gutentor_comment":0,"rttpg_featured_image_url":{"full":["https:\/\/arantv.az\/wp-content\/uploads\/2024\/05\/63d6b988b083763d6b988b0838167501658463d6b988b083363d6b988b0835.jpg",620,413,false],"landscape":["https:\/\/arantv.az\/wp-content\/uploads\/2024\/05\/63d6b988b083763d6b988b0838167501658463d6b988b083363d6b988b0835.jpg",620,413,false],"portraits":["https:\/\/arantv.az\/wp-content\/uploads\/2024\/05\/63d6b988b083763d6b988b0838167501658463d6b988b083363d6b988b0835.jpg",620,413,false],"thumbnail":["https:\/\/arantv.az\/wp-content\/uploads\/2024\/05\/63d6b988b083763d6b988b0838167501658463d6b988b083363d6b988b0835-500x280.jpg",500,280,true],"medium":["https:\/\/arantv.az\/wp-content\/uploads\/2024\/05\/63d6b988b083763d6b988b0838167501658463d6b988b083363d6b988b0835-548x365.jpg",548,365,true],"large":["https:\/\/arantv.az\/wp-content\/uploads\/2024\/05\/63d6b988b083763d6b988b0838167501658463d6b988b083363d6b988b0835.jpg",620,413,false],"1536x1536":["https:\/\/arantv.az\/wp-content\/uploads\/2024\/05\/63d6b988b083763d6b988b0838167501658463d6b988b083363d6b988b0835.jpg",620,413,false],"2048x2048":["https:\/\/arantv.az\/wp-content\/uploads\/2024\/05\/63d6b988b083763d6b988b0838167501658463d6b988b083363d6b988b0835.jpg",620,413,false],"post-thumbnail":["https:\/\/arantv.az\/wp-content\/uploads\/2024\/05\/63d6b988b083763d6b988b0838167501658463d6b988b083363d6b988b0835-240x172.jpg",240,172,true],"advps-thumb-one":["https:\/\/arantv.az\/wp-content\/uploads\/2024\/05\/63d6b988b083763d6b988b0838167501658463d6b988b083363d6b988b0835.jpg",620,413,false]},"rttpg_author":{"display_name":"V\u00fcsal Rafiqo\u011flu","author_link":"https:\/\/arantv.az\/?author=2"},"rttpg_comment":0,"rttpg_category":"<a href=\"https:\/\/arantv.az\/?cat=4\" rel=\"category\">Siyas\u0259t<\/a>","rttpg_excerpt":"\u00d6t\u0259n ilin yanvar ay\u0131nda s\u0259firliyimiz\u0259 qar\u015f\u0131 t\u00f6r\u0259dilmi\u015f terror h\u00fccumundan sonra \u0130ran t\u0259r\u0259fi il\u0259 dan\u0131\u015f\u0131qlar\u0131n \u0259sas istiqam\u0259tl\u0259rind\u0259n biri s\u0259firliyin t\u0259hl\u00fck\u0259sizliyin\u0259 tam t\u0259minat\u0131n verilm\u0259si m\u0259s\u0259l\u0259si \u0259traf\u0131nda olub. ARANTV.AZ x\u0259b\u0259r verir ki, bu bar\u0259d\u0259 Az\u0259rbaycan\u0131n Xarici \u0130\u015fl\u0259r Nazirliyi m\u0259lumat yay\u0131b. Bildirilib ki, son bir ne\u00e7\u0259 ay \u0259rzind\u0259 iki \u00f6lk\u0259nin r\u0259smi \u015f\u0259xsl\u0259ri v\u0259 aidiyy\u0259ti qurumlar\u0131 aras\u0131nda t\u0259maslar v\u0259 dan\u0131\u015f\u0131qlar&hellip;","_links":{"self":[{"href":"https:\/\/arantv.az\/index.php?rest_route=\/wp\/v2\/posts\/722779"}],"collection":[{"href":"https:\/\/arantv.az\/index.php?rest_route=\/wp\/v2\/posts"}],"about":[{"href":"https:\/\/arantv.az\/index.php?rest_route=\/wp\/v2\/types\/post"}],"author":[{"embeddable":true,"href":"https:\/\/arantv.az\/index.php?rest_route=\/wp\/v2\/users\/2"}],"replies":[{"embeddable":true,"href":"https:\/\/arantv.az\/index.php?rest_route=%2Fwp%2Fv2%2Fcomments&post=722779"}],"version-history":[{"count":0,"href":"https:\/\/arantv.az\/index.php?rest_route=\/wp\/v2\/posts\/722779\/revisions"}],"wp:featuredmedia":[{"embeddable":true,"href":"https:\/\/arantv.az\/index.php?rest_route=\/wp\/v2\/media\/722780"}],"wp:attachment":[{"href":"https:\/\/arantv.az\/index.php?rest_route=%2Fwp%2Fv2%2Fmedia&parent=722779"}],"wp:term":[{"taxonomy":"category","embeddable":true,"href":"https:\/\/arantv.az\/index.php?rest_route=%2Fwp%2Fv2%2Fcategories&post=722779"},{"taxonomy":"post_tag","embeddable":true,"href":"https:\/\/arantv.az\/index.php?rest_route=%2Fwp%2Fv2%2Ftags&post=722779"}],"curies":[{"name":"wp","href":"https:\/\/api.w.org\/{rel}","templated":true}]}}