{"id":722785,"date":"2024-05-17T10:57:59","date_gmt":"2024-05-17T06:57:59","guid":{"rendered":"https:\/\/arantv.az\/?p=722785"},"modified":"2024-05-17T10:57:59","modified_gmt":"2024-05-17T06:57:59","slug":"az%c9%99rbaycanda-yeni-qanun-layih%c9%99si-hazirlanib","status":"publish","type":"post","link":"https:\/\/arantv.az\/?p=722785","title":{"rendered":"Az\u0259rbaycanda yeni qanun layih\u0259si haz\u0131rlan\u0131b"},"content":{"rendered":"<p>\u201cD\u00fcnyan\u0131n narahat ed\u0259n probleml\u0259rd\u0259n biri iqlim d\u0259yi\u015fikliyidir\u201d.<\/p>\n<p>\u201cReport\u201d x\u0259b\u0259r verir ki, bunu ekologiya v\u0259 t\u0259bii s\u0259rv\u0259tl\u0259r naziri, COP29-un prezidenti Muxtar Babayev \u201cAmbisiyalar\u0131n art\u0131r\u0131lmas\u0131 v\u0259 f\u0259aliyy\u0259t\u0259 t\u0259kan: COP29 Dayan\u0131ql\u0131 Biznes Forumu\u201dnda deyib.<\/p>\n<p>Onun s\u00f6zl\u0259rin\u0259 g\u00f6r\u0259, bu s\u0259b\u0259bd\u0259n ba\u015f ver\u0259n t\u0259bii f\u0259lak\u0259tl\u0259r ciddi probleml\u0259r yarad\u0131r:<\/p>\n<p>\u201cAz\u0259rbaycan bunun \u00fc\u00e7\u00fcn t\u00f6hf\u0259sini verm\u0259y\u0259 davam edir. \u0130nki\u015faf etmi\u015f \u00f6lk\u0259l\u0259rd\u0259 karbon vergisini t\u0259tbiq olunur ki, \u00f6lk\u0259mizd\u0259 d\u0259 bu istiqam\u0259td\u0259 yeni qanun layih\u0259si haz\u0131rlan\u0131b. Bu, art\u0131q yekun prosesd\u0259dir\u201d.<\/p>\n","protected":false},"excerpt":{"rendered":"<p>\u201cD\u00fcnyan\u0131n narahat ed\u0259n probleml\u0259rd\u0259n biri iqlim d\u0259yi\u015fikliyidir\u201d. \u201cReport\u201d x\u0259b\u0259r verir ki, bunu ekologiya v\u0259 t\u0259bii s\u0259rv\u0259tl\u0259r naziri, COP29-un prezidenti Muxtar Babayev \u201cAmbisiyalar\u0131n art\u0131r\u0131lmas\u0131 v\u0259 f\u0259aliyy\u0259t\u0259 t\u0259kan: COP29 Dayan\u0131ql\u0131 Biznes Forumu\u201dnda deyib. Onun s\u00f6zl\u0259rin\u0259 g\u00f6r\u0259, bu s\u0259b\u0259bd\u0259n ba\u015f ver\u0259n t\u0259bii f\u0259lak\u0259tl\u0259r ciddi probleml\u0259r yarad\u0131r: \u201cAz\u0259rbaycan bunun \u00fc\u00e7\u00fcn t\u00f6hf\u0259sini verm\u0259y\u0259 davam edir. \u0130nki\u015faf etmi\u015f \u00f6lk\u0259l\u0259rd\u0259 karbon vergisini t\u0259tbiq olunur ki, \u00f6lk\u0259mizd\u0259 d\u0259 bu istiqam\u0259td\u0259 yeni qanun layih\u0259si haz\u0131rlan\u0131b. Bu, art\u0131q yekun prosesd\u0259dir\u201d.<\/p>\n","protected":false},"author":2,"featured_media":722786,"comment_status":"closed","ping_status":"closed","sticky":false,"template":"","format":"standard","meta":{"om_disable_all_campaigns":false,"_monsterinsights_skip_tracking":false,"_monsterinsights_sitenote_active":false,"_monsterinsights_sitenote_note":"","_monsterinsights_sitenote_category":0},"categories":[19],"tags":[],"aioseo_notices":[],"gutentor_comment":0,"rttpg_featured_image_url":{"full":["https:\/\/arantv.az\/wp-content\/uploads\/2024\/05\/660583637822b660583637822c17116373476605836378229660583637822a.jpg",620,413,false],"landscape":["https:\/\/arantv.az\/wp-content\/uploads\/2024\/05\/660583637822b660583637822c17116373476605836378229660583637822a.jpg",620,413,false],"portraits":["https:\/\/arantv.az\/wp-content\/uploads\/2024\/05\/660583637822b660583637822c17116373476605836378229660583637822a.jpg",620,413,false],"thumbnail":["https:\/\/arantv.az\/wp-content\/uploads\/2024\/05\/660583637822b660583637822c17116373476605836378229660583637822a-500x280.jpg",500,280,true],"medium":["https:\/\/arantv.az\/wp-content\/uploads\/2024\/05\/660583637822b660583637822c17116373476605836378229660583637822a-548x365.jpg",548,365,true],"large":["https:\/\/arantv.az\/wp-content\/uploads\/2024\/05\/660583637822b660583637822c17116373476605836378229660583637822a.jpg",620,413,false],"1536x1536":["https:\/\/arantv.az\/wp-content\/uploads\/2024\/05\/660583637822b660583637822c17116373476605836378229660583637822a.jpg",620,413,false],"2048x2048":["https:\/\/arantv.az\/wp-content\/uploads\/2024\/05\/660583637822b660583637822c17116373476605836378229660583637822a.jpg",620,413,false],"post-thumbnail":["https:\/\/arantv.az\/wp-content\/uploads\/2024\/05\/660583637822b660583637822c17116373476605836378229660583637822a-240x172.jpg",240,172,true],"advps-thumb-one":["https:\/\/arantv.az\/wp-content\/uploads\/2024\/05\/660583637822b660583637822c17116373476605836378229660583637822a.jpg",620,413,false]},"rttpg_author":{"display_name":"V\u00fcsal Rafiqo\u011flu","author_link":"https:\/\/arantv.az\/?author=2"},"rttpg_comment":0,"rttpg_category":"<a href=\"https:\/\/arantv.az\/?cat=19\" rel=\"category\">G\u00fcnd\u0259m<\/a>","rttpg_excerpt":"\u201cD\u00fcnyan\u0131n narahat ed\u0259n probleml\u0259rd\u0259n biri iqlim d\u0259yi\u015fikliyidir\u201d. \u201cReport\u201d x\u0259b\u0259r verir ki, bunu ekologiya v\u0259 t\u0259bii s\u0259rv\u0259tl\u0259r naziri, COP29-un prezidenti Muxtar Babayev \u201cAmbisiyalar\u0131n art\u0131r\u0131lmas\u0131 v\u0259 f\u0259aliyy\u0259t\u0259 t\u0259kan: COP29 Dayan\u0131ql\u0131 Biznes Forumu\u201dnda deyib. Onun s\u00f6zl\u0259rin\u0259 g\u00f6r\u0259, bu s\u0259b\u0259bd\u0259n ba\u015f ver\u0259n t\u0259bii f\u0259lak\u0259tl\u0259r ciddi probleml\u0259r yarad\u0131r: \u201cAz\u0259rbaycan bunun \u00fc\u00e7\u00fcn t\u00f6hf\u0259sini verm\u0259y\u0259 davam edir. \u0130nki\u015faf etmi\u015f \u00f6lk\u0259l\u0259rd\u0259 karbon vergisini&hellip;","_links":{"self":[{"href":"https:\/\/arantv.az\/index.php?rest_route=\/wp\/v2\/posts\/722785"}],"collection":[{"href":"https:\/\/arantv.az\/index.php?rest_route=\/wp\/v2\/posts"}],"about":[{"href":"https:\/\/arantv.az\/index.php?rest_route=\/wp\/v2\/types\/post"}],"author":[{"embeddable":true,"href":"https:\/\/arantv.az\/index.php?rest_route=\/wp\/v2\/users\/2"}],"replies":[{"embeddable":true,"href":"https:\/\/arantv.az\/index.php?rest_route=%2Fwp%2Fv2%2Fcomments&post=722785"}],"version-history":[{"count":0,"href":"https:\/\/arantv.az\/index.php?rest_route=\/wp\/v2\/posts\/722785\/revisions"}],"wp:featuredmedia":[{"embeddable":true,"href":"https:\/\/arantv.az\/index.php?rest_route=\/wp\/v2\/media\/722786"}],"wp:attachment":[{"href":"https:\/\/arantv.az\/index.php?rest_route=%2Fwp%2Fv2%2Fmedia&parent=722785"}],"wp:term":[{"taxonomy":"category","embeddable":true,"href":"https:\/\/arantv.az\/index.php?rest_route=%2Fwp%2Fv2%2Fcategories&post=722785"},{"taxonomy":"post_tag","embeddable":true,"href":"https:\/\/arantv.az\/index.php?rest_route=%2Fwp%2Fv2%2Ftags&post=722785"}],"curies":[{"name":"wp","href":"https:\/\/api.w.org\/{rel}","templated":true}]}}