{"id":722789,"date":"2024-05-17T11:17:07","date_gmt":"2024-05-17T07:17:07","guid":{"rendered":"https:\/\/arantv.az\/?p=722789"},"modified":"2024-05-17T11:17:07","modified_gmt":"2024-05-17T07:17:07","slug":"az%c9%99rbaycan-v%c9%99-erm%c9%99nistan-parlamentl%c9%99rinin-s%c9%99drl%c9%99ri-cenevr%c9%99d%c9%99-gorusubl%c9%99r-yenil%c9%99nib","status":"publish","type":"post","link":"https:\/\/arantv.az\/?p=722789","title":{"rendered":"Az\u0259rbaycan v\u0259 Erm\u0259nistan parlamentl\u0259rinin s\u0259drl\u0259ri Cenevr\u0259d\u0259 g\u00f6r\u00fc\u015f\u00fcbl\u0259r &#8211; YEN\u0130L\u018fN\u0130B"},"content":{"rendered":"<p>May\u0131n 16-da Cenevr\u0259d\u0259 ke\u00e7iril\u0259n Parlament S\u0259drl\u0259rinin VI \u00dcmumd\u00fcnya Konfrans\u0131n\u0131n T\u0259\u015fkilat Komit\u0259sinin 1-ci \u0130clas\u0131 \u00e7\u0259r\u00e7iv\u0259sind\u0259 Az\u0259rbaycan v\u0259 Erm\u0259nistan parlamentl\u0259rinin s\u0259drl\u0259rinin ikinci g\u00f6r\u00fc\u015f\u00fc ke\u00e7irilib.<\/p>\n<p><b>ARANTV.AZ <\/b>x\u0259b\u0259r verir ki, bu bar\u0259d\u0259 Milli M\u0259clis m\u0259lumat verib.<\/p>\n<p>Bildirilib ki, g\u00f6r\u00fc\u015fd\u0259 Az\u0259rbaycan v\u0259 Erm\u0259nistan aras\u0131nda apar\u0131lan s\u00fclh dan\u0131\u015f\u0131qlar\u0131 fonunda iki \u00f6lk\u0259nin parlamentl\u0259rinin s\u00fclh prosesin\u0259 nec\u0259 d\u0259st\u0259k ver\u0259 bil\u0259c\u0259yi il\u0259 ba\u011fl\u0131 m\u0259s\u0259l\u0259l\u0259rin m\u00fczakir\u0259si davam etdirilib.<\/p>\n<p>\u201cG\u00f6r\u00fc\u015f konstruktiv atmosferd\u0259 ke\u00e7ib. T\u0259r\u0259fl\u0259r parlamentl\u0259r aras\u0131nda dialoqun davam etdirilm\u0259si bar\u0259d\u0259 raz\u0131l\u0131\u011fa g\u0259libl\u0259r\u201d, &#8211; dey\u0259 a\u00e7\u0131qlamada bildirilib.<\/p>\n<p><strong>11:04<\/strong><\/p>\n<p>Az\u0259rbaycan v\u0259 Erm\u0259nistan parlamentl\u0259rinin s\u0259drl\u0259ri yenid\u0259n g\u00f6r\u00fc\u015f\u00fcbl\u0259r.<\/p>\n<p>M\u0259lumata g\u00f6r\u0259, Sahib\u0259 Qafarova v\u0259 Alen Simonyan aras\u0131nda g\u00f6r\u00fc\u015f Cenevr\u0259d\u0259 ke\u00e7irilib.<\/p>\n<p>G\u00f6r\u00fc\u015f parlament s\u0259drl\u0259rinin VI \u00dcmumd\u00fcnya Konfrans\u0131n\u0131n haz\u0131rl\u0131q komit\u0259sinin iclas\u0131 \u00e7\u0259r\u00e7iv\u0259sind\u0259 ba\u015f tutub.<\/p>\n<p>Qeyd ed\u0259k ki, mart\u0131n 22-d\u0259 Parlamentl\u0259raras\u0131 \u0130ttifaq\u0131n Cenevr\u0259d\u0259 ke\u00e7iril\u0259n 148-ci Assambleyas\u0131 \u00e7\u0259r\u00e7iv\u0259sind\u0259 Az\u0259rbaycan v\u0259 Erm\u0259nistan parlament s\u0259drl\u0259rinin ikit\u0259r\u0259fli g\u00f6r\u00fc\u015f\u00fc ba\u015f tutub.<\/p>\n<p>M\u0259nb\u0259: Sputnik Erm\u0259nistan<\/p>\n","protected":false},"excerpt":{"rendered":"<p>May\u0131n 16-da Cenevr\u0259d\u0259 ke\u00e7iril\u0259n Parlament S\u0259drl\u0259rinin VI \u00dcmumd\u00fcnya Konfrans\u0131n\u0131n T\u0259\u015fkilat Komit\u0259sinin 1-ci \u0130clas\u0131 \u00e7\u0259r\u00e7iv\u0259sind\u0259 Az\u0259rbaycan v\u0259 Erm\u0259nistan parlamentl\u0259rinin s\u0259drl\u0259rinin ikinci g\u00f6r\u00fc\u015f\u00fc ke\u00e7irilib. ARANTV.AZ x\u0259b\u0259r verir ki, bu bar\u0259d\u0259 Milli M\u0259clis m\u0259lumat verib. Bildirilib ki, g\u00f6r\u00fc\u015fd\u0259 Az\u0259rbaycan v\u0259 Erm\u0259nistan aras\u0131nda apar\u0131lan s\u00fclh dan\u0131\u015f\u0131qlar\u0131 fonunda iki \u00f6lk\u0259nin parlamentl\u0259rinin s\u00fclh prosesin\u0259 nec\u0259 d\u0259st\u0259k ver\u0259 bil\u0259c\u0259yi il\u0259 ba\u011fl\u0131 m\u0259s\u0259l\u0259l\u0259rin m\u00fczakir\u0259si davam etdirilib. \u201cG\u00f6r\u00fc\u015f konstruktiv atmosferd\u0259 ke\u00e7ib. T\u0259r\u0259fl\u0259r parlamentl\u0259r aras\u0131nda dialoqun davam etdirilm\u0259si bar\u0259d\u0259 raz\u0131l\u0131\u011fa g\u0259libl\u0259r\u201d, &#8211; dey\u0259 a\u00e7\u0131qlamada bildirilib. 11:04 Az\u0259rbaycan v\u0259 Erm\u0259nistan parlamentl\u0259rinin s\u0259drl\u0259ri yenid\u0259n g\u00f6r\u00fc\u015f\u00fcbl\u0259r. M\u0259lumata g\u00f6r\u0259, Sahib\u0259 Qafarova v\u0259 Alen Simonyan&hellip;<\/p>\n","protected":false},"author":2,"featured_media":722790,"comment_status":"closed","ping_status":"closed","sticky":false,"template":"","format":"standard","meta":{"om_disable_all_campaigns":false,"_monsterinsights_skip_tracking":false,"_monsterinsights_sitenote_active":false,"_monsterinsights_sitenote_note":"","_monsterinsights_sitenote_category":0},"categories":[4],"tags":[],"aioseo_notices":[],"gutentor_comment":0,"rttpg_featured_image_url":{"full":["https:\/\/arantv.az\/wp-content\/uploads\/2024\/05\/6647008477eb66647008477eb717159292206647008477eb46647008477eb5.jpg",620,413,false],"landscape":["https:\/\/arantv.az\/wp-content\/uploads\/2024\/05\/6647008477eb66647008477eb717159292206647008477eb46647008477eb5.jpg",620,413,false],"portraits":["https:\/\/arantv.az\/wp-content\/uploads\/2024\/05\/6647008477eb66647008477eb717159292206647008477eb46647008477eb5.jpg",620,413,false],"thumbnail":["https:\/\/arantv.az\/wp-content\/uploads\/2024\/05\/6647008477eb66647008477eb717159292206647008477eb46647008477eb5-500x280.jpg",500,280,true],"medium":["https:\/\/arantv.az\/wp-content\/uploads\/2024\/05\/6647008477eb66647008477eb717159292206647008477eb46647008477eb5-548x365.jpg",548,365,true],"large":["https:\/\/arantv.az\/wp-content\/uploads\/2024\/05\/6647008477eb66647008477eb717159292206647008477eb46647008477eb5.jpg",620,413,false],"1536x1536":["https:\/\/arantv.az\/wp-content\/uploads\/2024\/05\/6647008477eb66647008477eb717159292206647008477eb46647008477eb5.jpg",620,413,false],"2048x2048":["https:\/\/arantv.az\/wp-content\/uploads\/2024\/05\/6647008477eb66647008477eb717159292206647008477eb46647008477eb5.jpg",620,413,false],"post-thumbnail":["https:\/\/arantv.az\/wp-content\/uploads\/2024\/05\/6647008477eb66647008477eb717159292206647008477eb46647008477eb5-240x172.jpg",240,172,true],"advps-thumb-one":["https:\/\/arantv.az\/wp-content\/uploads\/2024\/05\/6647008477eb66647008477eb717159292206647008477eb46647008477eb5.jpg",620,413,false]},"rttpg_author":{"display_name":"V\u00fcsal Rafiqo\u011flu","author_link":"https:\/\/arantv.az\/?author=2"},"rttpg_comment":0,"rttpg_category":"<a href=\"https:\/\/arantv.az\/?cat=4\" rel=\"category\">Siyas\u0259t<\/a>","rttpg_excerpt":"May\u0131n 16-da Cenevr\u0259d\u0259 ke\u00e7iril\u0259n Parlament S\u0259drl\u0259rinin VI \u00dcmumd\u00fcnya Konfrans\u0131n\u0131n T\u0259\u015fkilat Komit\u0259sinin 1-ci \u0130clas\u0131 \u00e7\u0259r\u00e7iv\u0259sind\u0259 Az\u0259rbaycan v\u0259 Erm\u0259nistan parlamentl\u0259rinin s\u0259drl\u0259rinin ikinci g\u00f6r\u00fc\u015f\u00fc ke\u00e7irilib. ARANTV.AZ x\u0259b\u0259r verir ki, bu bar\u0259d\u0259 Milli M\u0259clis m\u0259lumat verib. Bildirilib ki, g\u00f6r\u00fc\u015fd\u0259 Az\u0259rbaycan v\u0259 Erm\u0259nistan aras\u0131nda apar\u0131lan s\u00fclh dan\u0131\u015f\u0131qlar\u0131 fonunda iki \u00f6lk\u0259nin parlamentl\u0259rinin s\u00fclh prosesin\u0259 nec\u0259 d\u0259st\u0259k ver\u0259 bil\u0259c\u0259yi il\u0259 ba\u011fl\u0131 m\u0259s\u0259l\u0259l\u0259rin&hellip;","_links":{"self":[{"href":"https:\/\/arantv.az\/index.php?rest_route=\/wp\/v2\/posts\/722789"}],"collection":[{"href":"https:\/\/arantv.az\/index.php?rest_route=\/wp\/v2\/posts"}],"about":[{"href":"https:\/\/arantv.az\/index.php?rest_route=\/wp\/v2\/types\/post"}],"author":[{"embeddable":true,"href":"https:\/\/arantv.az\/index.php?rest_route=\/wp\/v2\/users\/2"}],"replies":[{"embeddable":true,"href":"https:\/\/arantv.az\/index.php?rest_route=%2Fwp%2Fv2%2Fcomments&post=722789"}],"version-history":[{"count":0,"href":"https:\/\/arantv.az\/index.php?rest_route=\/wp\/v2\/posts\/722789\/revisions"}],"wp:featuredmedia":[{"embeddable":true,"href":"https:\/\/arantv.az\/index.php?rest_route=\/wp\/v2\/media\/722790"}],"wp:attachment":[{"href":"https:\/\/arantv.az\/index.php?rest_route=%2Fwp%2Fv2%2Fmedia&parent=722789"}],"wp:term":[{"taxonomy":"category","embeddable":true,"href":"https:\/\/arantv.az\/index.php?rest_route=%2Fwp%2Fv2%2Fcategories&post=722789"},{"taxonomy":"post_tag","embeddable":true,"href":"https:\/\/arantv.az\/index.php?rest_route=%2Fwp%2Fv2%2Ftags&post=722789"}],"curies":[{"name":"wp","href":"https:\/\/api.w.org\/{rel}","templated":true}]}}