{"id":722792,"date":"2024-05-17T11:34:59","date_gmt":"2024-05-17T07:34:59","guid":{"rendered":"https:\/\/arantv.az\/?p=722792"},"modified":"2024-05-17T11:34:59","modified_gmt":"2024-05-17T07:34:59","slug":"ilham-%c9%99liyev-v%c9%99-aleksandr-lukasenko-fuzulid%c9%99","status":"publish","type":"post","link":"https:\/\/arantv.az\/?p=722792","title":{"rendered":"\u0130lham \u018fliyev v\u0259 Aleksandr Luka\u015fenko F\u00fczulid\u0259"},"content":{"rendered":"<p>Az\u0259rbaycan Respublikas\u0131nda d\u00f6vl\u0259t s\u0259f\u0259rind\u0259 olan Belarus Respublikas\u0131n\u0131n Prezidenti Aleksandr Luka\u015fenko may\u0131n 17-d\u0259 F\u00fczuli rayonuna gedib.<\/p>\n<p><a href=\"https:\/\/azertag.az\/xeber\/azerbaycanda_dovlet_seferinde_olan_belarus_prezidenti_aleksandr_lukasenko_fuzuli_rayonuna_gelib-3006774\" target=\"_blank\" rel=\"noopener\">AZ\u018fRTAC<\/a>\u00a0x\u0259b\u0259r verir ki, F\u00fczuli Beyn\u0259lxalq Hava Liman\u0131nda ali qona\u011f\u0131n \u015f\u0259r\u0259fin\u0259 f\u0259xri qarovul d\u0259st\u0259si d\u00fcz\u00fcl\u00fcb.<\/p>\n<p>Belarus Respublikas\u0131n\u0131n Prezidenti Aleksandr Luka\u015fenkonu Az\u0259rbaycan Respublikas\u0131n\u0131n Prezidenti\u00a0<strong>\u0130lham \u018fliyev<\/strong>\u00a0qar\u015f\u0131lay\u0131b.<\/p>\n<p>Belarus Prezidentin\u0259 F\u00fczuli, Z\u0259ngilan v\u0259 La\u00e7\u0131n beyn\u0259lxalq hava limanlar\u0131 bar\u0259d\u0259 m\u0259lumat verilib.<\/p>\n","protected":false},"excerpt":{"rendered":"<p>Az\u0259rbaycan Respublikas\u0131nda d\u00f6vl\u0259t s\u0259f\u0259rind\u0259 olan Belarus Respublikas\u0131n\u0131n Prezidenti Aleksandr Luka\u015fenko may\u0131n 17-d\u0259 F\u00fczuli rayonuna gedib. AZ\u018fRTAC\u00a0x\u0259b\u0259r verir ki, F\u00fczuli Beyn\u0259lxalq Hava Liman\u0131nda ali qona\u011f\u0131n \u015f\u0259r\u0259fin\u0259 f\u0259xri qarovul d\u0259st\u0259si d\u00fcz\u00fcl\u00fcb. Belarus Respublikas\u0131n\u0131n Prezidenti Aleksandr Luka\u015fenkonu Az\u0259rbaycan Respublikas\u0131n\u0131n Prezidenti\u00a0\u0130lham \u018fliyev\u00a0qar\u015f\u0131lay\u0131b. Belarus Prezidentin\u0259 F\u00fczuli, Z\u0259ngilan v\u0259 La\u00e7\u0131n beyn\u0259lxalq hava limanlar\u0131 bar\u0259d\u0259 m\u0259lumat verilib.<\/p>\n","protected":false},"author":2,"featured_media":722793,"comment_status":"closed","ping_status":"closed","sticky":false,"template":"","format":"standard","meta":{"om_disable_all_campaigns":false,"_monsterinsights_skip_tracking":false,"_monsterinsights_sitenote_active":false,"_monsterinsights_sitenote_note":"","_monsterinsights_sitenote_category":0},"categories":[4],"tags":[],"aioseo_notices":[],"gutentor_comment":0,"rttpg_featured_image_url":{"full":["https:\/\/arantv.az\/wp-content\/uploads\/2024\/05\/FotoJet-2-8.jpg",620,413,false],"landscape":["https:\/\/arantv.az\/wp-content\/uploads\/2024\/05\/FotoJet-2-8.jpg",620,413,false],"portraits":["https:\/\/arantv.az\/wp-content\/uploads\/2024\/05\/FotoJet-2-8.jpg",620,413,false],"thumbnail":["https:\/\/arantv.az\/wp-content\/uploads\/2024\/05\/FotoJet-2-8-500x280.jpg",500,280,true],"medium":["https:\/\/arantv.az\/wp-content\/uploads\/2024\/05\/FotoJet-2-8-548x365.jpg",548,365,true],"large":["https:\/\/arantv.az\/wp-content\/uploads\/2024\/05\/FotoJet-2-8.jpg",620,413,false],"1536x1536":["https:\/\/arantv.az\/wp-content\/uploads\/2024\/05\/FotoJet-2-8.jpg",620,413,false],"2048x2048":["https:\/\/arantv.az\/wp-content\/uploads\/2024\/05\/FotoJet-2-8.jpg",620,413,false],"post-thumbnail":["https:\/\/arantv.az\/wp-content\/uploads\/2024\/05\/FotoJet-2-8-240x172.jpg",240,172,true],"advps-thumb-one":["https:\/\/arantv.az\/wp-content\/uploads\/2024\/05\/FotoJet-2-8.jpg",620,413,false]},"rttpg_author":{"display_name":"V\u00fcsal Rafiqo\u011flu","author_link":"https:\/\/arantv.az\/?author=2"},"rttpg_comment":0,"rttpg_category":"<a href=\"https:\/\/arantv.az\/?cat=4\" rel=\"category\">Siyas\u0259t<\/a>","rttpg_excerpt":"Az\u0259rbaycan Respublikas\u0131nda d\u00f6vl\u0259t s\u0259f\u0259rind\u0259 olan Belarus Respublikas\u0131n\u0131n Prezidenti Aleksandr Luka\u015fenko may\u0131n 17-d\u0259 F\u00fczuli rayonuna gedib. AZ\u018fRTAC\u00a0x\u0259b\u0259r verir ki, F\u00fczuli Beyn\u0259lxalq Hava Liman\u0131nda ali qona\u011f\u0131n \u015f\u0259r\u0259fin\u0259 f\u0259xri qarovul d\u0259st\u0259si d\u00fcz\u00fcl\u00fcb. Belarus Respublikas\u0131n\u0131n Prezidenti Aleksandr Luka\u015fenkonu Az\u0259rbaycan Respublikas\u0131n\u0131n Prezidenti\u00a0\u0130lham \u018fliyev\u00a0qar\u015f\u0131lay\u0131b. Belarus Prezidentin\u0259 F\u00fczuli, Z\u0259ngilan v\u0259 La\u00e7\u0131n beyn\u0259lxalq hava limanlar\u0131 bar\u0259d\u0259 m\u0259lumat verilib.","_links":{"self":[{"href":"https:\/\/arantv.az\/index.php?rest_route=\/wp\/v2\/posts\/722792"}],"collection":[{"href":"https:\/\/arantv.az\/index.php?rest_route=\/wp\/v2\/posts"}],"about":[{"href":"https:\/\/arantv.az\/index.php?rest_route=\/wp\/v2\/types\/post"}],"author":[{"embeddable":true,"href":"https:\/\/arantv.az\/index.php?rest_route=\/wp\/v2\/users\/2"}],"replies":[{"embeddable":true,"href":"https:\/\/arantv.az\/index.php?rest_route=%2Fwp%2Fv2%2Fcomments&post=722792"}],"version-history":[{"count":0,"href":"https:\/\/arantv.az\/index.php?rest_route=\/wp\/v2\/posts\/722792\/revisions"}],"wp:featuredmedia":[{"embeddable":true,"href":"https:\/\/arantv.az\/index.php?rest_route=\/wp\/v2\/media\/722793"}],"wp:attachment":[{"href":"https:\/\/arantv.az\/index.php?rest_route=%2Fwp%2Fv2%2Fmedia&parent=722792"}],"wp:term":[{"taxonomy":"category","embeddable":true,"href":"https:\/\/arantv.az\/index.php?rest_route=%2Fwp%2Fv2%2Fcategories&post=722792"},{"taxonomy":"post_tag","embeddable":true,"href":"https:\/\/arantv.az\/index.php?rest_route=%2Fwp%2Fv2%2Ftags&post=722792"}],"curies":[{"name":"wp","href":"https:\/\/api.w.org\/{rel}","templated":true}]}}