{"id":722818,"date":"2024-05-17T12:50:13","date_gmt":"2024-05-17T08:50:13","guid":{"rendered":"https:\/\/arantv.az\/?p=722818"},"modified":"2024-05-17T12:50:13","modified_gmt":"2024-05-17T08:50:13","slug":"az%c9%99rbaycan-xin-fransa-t%c9%99r%c9%99fi-uzr-ist%c9%99m%c9%99lidir","status":"publish","type":"post","link":"https:\/\/arantv.az\/?p=722818","title":{"rendered":"Az\u0259rbaycan X\u0130N: \u201cFransa t\u0259r\u0259fi \u00fczr ist\u0259m\u0259lidir\u201d"},"content":{"rendered":"<p>\u201cFransa t\u0259r\u0259find\u0259n Az\u0259rbaycana qar\u015f\u0131 s\u0259sl\u0259nmi\u015f bu kimi fikirl\u0259r tamamil\u0259 q\u0259buledilm\u0259zdir v\u0259 t\u0259r\u0259fimizd\u0259n q\u0259tiyy\u0259tl\u0259 r\u0259dd edilib\u201d.<\/p>\n<p><strong>ARANTV.AZ <\/strong>\u00a0x\u0259b\u0259r verir ki, bunu\u00a0Az\u0259rbaycan\u0131n Xarici \u0130\u015fl\u0259r Nazirliyinin m\u0259tbuat xidm\u0259tinin r\u0259hb\u0259ri Ayxan Hac\u0131zad\u0259\u00a0Fransan\u0131n daxili i\u015fl\u0259r naziri Jerald Darmanan t\u0259r\u0259find\u0259n Az\u0259rbaycan\u0131n diktatura adland\u0131r\u0131lmas\u0131 fikrin\u0259 m\u00fcnasib\u0259t bildir\u0259rk\u0259n deyib.<\/p>\n<p>\u201c\u0130nsan h\u00fcquqlar\u0131n\u0131n kobud \u015f\u0259kild\u0259 pozuldu\u011fu, ba\u015f ver\u0259n i\u011fti\u015fa\u015flar zaman\u0131 aksiya\u00e7\u0131lar\u0131n \u00f6ld\u00fcr\u00fcld\u00fcy\u00fc, islamofobiya v\u0259 m\u00fcs\u0259lmanlara qar\u015f\u0131 h\u00fccum hallar\u0131n\u0131n, el\u0259c\u0259 d\u0259 antisemitizmin geni\u015f yay\u0131ld\u0131\u011f\u0131 Fransadan f\u0259rqli olaraq Az\u0259rbaycanda fundamental h\u00fcquq v\u0259 azadl\u0131qlar tam olaraq t\u0259min edilir.<\/p>\n<p>Az\u0259rbaycan m\u00fcst\u0259qilliyini b\u0259rpa ed\u0259nd\u0259n etibar\u0259n daim demokratik d\u0259y\u0259rl\u0259r\u0259 sadiq c\u0259miyy\u0259t kimi formala\u015f\u0131b v\u0259 inki\u015faf edib. Az\u0259rbaycan m\u00fcxt\u0259lif etnik v\u0259 dini m\u0259nsubiyy\u0259t\u0259 m\u0259nsub insanlar\u0131n mehriban v\u0259 t\u0259hl\u00fck\u0259siz \u015f\u0259raitd\u0259 ya\u015fad\u0131\u011f\u0131 \u00f6lk\u0259dir.<\/p>\n<p>Fransa t\u0259r\u0259fi bu a\u00e7\u0131qlamaya g\u00f6r\u0259 \u00fczr ist\u0259m\u0259lidir. \u018fks t\u0259qdird\u0259, bu, Az\u0259rbaycan-Fransa m\u00fcnasib\u0259tl\u0259rin\u0259 daha m\u0259nfi t\u0259sirl\u0259r\u0259 g\u0259tirib \u00e7\u0131xaracaqd\u0131r\u201d, &#8211;\u00a0dey\u0259 Ayxan Hac\u0131zad\u0259 qeyd edib.<\/p>\n","protected":false},"excerpt":{"rendered":"<p>\u201cFransa t\u0259r\u0259find\u0259n Az\u0259rbaycana qar\u015f\u0131 s\u0259sl\u0259nmi\u015f bu kimi fikirl\u0259r tamamil\u0259 q\u0259buledilm\u0259zdir v\u0259 t\u0259r\u0259fimizd\u0259n q\u0259tiyy\u0259tl\u0259 r\u0259dd edilib\u201d. ARANTV.AZ \u00a0x\u0259b\u0259r verir ki, bunu\u00a0Az\u0259rbaycan\u0131n Xarici \u0130\u015fl\u0259r Nazirliyinin m\u0259tbuat xidm\u0259tinin r\u0259hb\u0259ri Ayxan Hac\u0131zad\u0259\u00a0Fransan\u0131n daxili i\u015fl\u0259r naziri Jerald Darmanan t\u0259r\u0259find\u0259n Az\u0259rbaycan\u0131n diktatura adland\u0131r\u0131lmas\u0131 fikrin\u0259 m\u00fcnasib\u0259t bildir\u0259rk\u0259n deyib. \u201c\u0130nsan h\u00fcquqlar\u0131n\u0131n kobud \u015f\u0259kild\u0259 pozuldu\u011fu, ba\u015f ver\u0259n i\u011fti\u015fa\u015flar zaman\u0131 aksiya\u00e7\u0131lar\u0131n \u00f6ld\u00fcr\u00fcld\u00fcy\u00fc, islamofobiya v\u0259 m\u00fcs\u0259lmanlara qar\u015f\u0131 h\u00fccum hallar\u0131n\u0131n, el\u0259c\u0259 d\u0259 antisemitizmin geni\u015f yay\u0131ld\u0131\u011f\u0131 Fransadan f\u0259rqli olaraq Az\u0259rbaycanda fundamental h\u00fcquq v\u0259 azadl\u0131qlar tam olaraq t\u0259min edilir. Az\u0259rbaycan m\u00fcst\u0259qilliyini b\u0259rpa ed\u0259nd\u0259n etibar\u0259n daim demokratik d\u0259y\u0259rl\u0259r\u0259 sadiq c\u0259miyy\u0259t kimi formala\u015f\u0131b v\u0259 inki\u015faf edib.&hellip;<\/p>\n","protected":false},"author":2,"featured_media":557829,"comment_status":"closed","ping_status":"closed","sticky":false,"template":"","format":"standard","meta":{"om_disable_all_campaigns":false,"_monsterinsights_skip_tracking":false,"_monsterinsights_sitenote_active":false,"_monsterinsights_sitenote_note":"","_monsterinsights_sitenote_category":0},"categories":[4],"tags":[],"aioseo_notices":[],"gutentor_comment":0,"rttpg_featured_image_url":{"full":["https:\/\/arantv.az\/wp-content\/uploads\/2023\/01\/XIN.jpg",975,540,false],"landscape":["https:\/\/arantv.az\/wp-content\/uploads\/2023\/01\/XIN.jpg",975,540,false],"portraits":["https:\/\/arantv.az\/wp-content\/uploads\/2023\/01\/XIN.jpg",975,540,false],"thumbnail":["https:\/\/arantv.az\/wp-content\/uploads\/2023\/01\/XIN-500x280.jpg",500,280,true],"medium":["https:\/\/arantv.az\/wp-content\/uploads\/2023\/01\/XIN-660x365.jpg",660,365,true],"large":["https:\/\/arantv.az\/wp-content\/uploads\/2023\/01\/XIN-840x465.jpg",640,354,true],"1536x1536":["https:\/\/arantv.az\/wp-content\/uploads\/2023\/01\/XIN.jpg",975,540,false],"2048x2048":["https:\/\/arantv.az\/wp-content\/uploads\/2023\/01\/XIN.jpg",975,540,false],"post-thumbnail":["https:\/\/arantv.az\/wp-content\/uploads\/2023\/01\/XIN-240x172.jpg",240,172,true],"advps-thumb-one":["https:\/\/arantv.az\/wp-content\/uploads\/2023\/01\/XIN.jpg",975,540,false]},"rttpg_author":{"display_name":"V\u00fcsal Rafiqo\u011flu","author_link":"https:\/\/arantv.az\/?author=2"},"rttpg_comment":0,"rttpg_category":"<a href=\"https:\/\/arantv.az\/?cat=4\" rel=\"category\">Siyas\u0259t<\/a>","rttpg_excerpt":"\u201cFransa t\u0259r\u0259find\u0259n Az\u0259rbaycana qar\u015f\u0131 s\u0259sl\u0259nmi\u015f bu kimi fikirl\u0259r tamamil\u0259 q\u0259buledilm\u0259zdir v\u0259 t\u0259r\u0259fimizd\u0259n q\u0259tiyy\u0259tl\u0259 r\u0259dd edilib\u201d. ARANTV.AZ \u00a0x\u0259b\u0259r verir ki, bunu\u00a0Az\u0259rbaycan\u0131n Xarici \u0130\u015fl\u0259r Nazirliyinin m\u0259tbuat xidm\u0259tinin r\u0259hb\u0259ri Ayxan Hac\u0131zad\u0259\u00a0Fransan\u0131n daxili i\u015fl\u0259r naziri Jerald Darmanan t\u0259r\u0259find\u0259n Az\u0259rbaycan\u0131n diktatura adland\u0131r\u0131lmas\u0131 fikrin\u0259 m\u00fcnasib\u0259t bildir\u0259rk\u0259n deyib. \u201c\u0130nsan h\u00fcquqlar\u0131n\u0131n kobud \u015f\u0259kild\u0259 pozuldu\u011fu, ba\u015f ver\u0259n i\u011fti\u015fa\u015flar zaman\u0131 aksiya\u00e7\u0131lar\u0131n \u00f6ld\u00fcr\u00fcld\u00fcy\u00fc, islamofobiya v\u0259 m\u00fcs\u0259lmanlara&hellip;","_links":{"self":[{"href":"https:\/\/arantv.az\/index.php?rest_route=\/wp\/v2\/posts\/722818"}],"collection":[{"href":"https:\/\/arantv.az\/index.php?rest_route=\/wp\/v2\/posts"}],"about":[{"href":"https:\/\/arantv.az\/index.php?rest_route=\/wp\/v2\/types\/post"}],"author":[{"embeddable":true,"href":"https:\/\/arantv.az\/index.php?rest_route=\/wp\/v2\/users\/2"}],"replies":[{"embeddable":true,"href":"https:\/\/arantv.az\/index.php?rest_route=%2Fwp%2Fv2%2Fcomments&post=722818"}],"version-history":[{"count":0,"href":"https:\/\/arantv.az\/index.php?rest_route=\/wp\/v2\/posts\/722818\/revisions"}],"wp:featuredmedia":[{"embeddable":true,"href":"https:\/\/arantv.az\/index.php?rest_route=\/wp\/v2\/media\/557829"}],"wp:attachment":[{"href":"https:\/\/arantv.az\/index.php?rest_route=%2Fwp%2Fv2%2Fmedia&parent=722818"}],"wp:term":[{"taxonomy":"category","embeddable":true,"href":"https:\/\/arantv.az\/index.php?rest_route=%2Fwp%2Fv2%2Fcategories&post=722818"},{"taxonomy":"post_tag","embeddable":true,"href":"https:\/\/arantv.az\/index.php?rest_route=%2Fwp%2Fv2%2Ftags&post=722818"}],"curies":[{"name":"wp","href":"https:\/\/api.w.org\/{rel}","templated":true}]}}