{"id":722838,"date":"2024-05-17T15:41:59","date_gmt":"2024-05-17T11:41:59","guid":{"rendered":"https:\/\/arantv.az\/?p=722838"},"modified":"2024-05-17T15:41:59","modified_gmt":"2024-05-17T11:41:59","slug":"susaya-aparan-tikilm%c9%99kd%c9%99-olan-yoldaki-tunelin-daxilind%c9%99n-ilk-goruntul%c9%99r-video","status":"publish","type":"post","link":"https:\/\/arantv.az\/?p=722838","title":{"rendered":"\u015eu\u015faya aparan tikilm\u0259kd\u0259 olan yoldak\u0131 tunelin daxilind\u0259n ilk g\u00f6r\u00fcnt\u00fcl\u0259r &#8211; V\u0130DEO"},"content":{"rendered":"<p>Az\u0259rbaycana d\u00f6vl\u0259t s\u0259f\u0259ri \u00e7\u0259r\u00e7iv\u0259sind\u0259 Belarus Prezidenti Aleksandr Luka\u015fenko Az\u0259rbaycan Prezidenti\u00a0<strong>\u0130lham \u018fliyevl\u0259<\/strong>\u00a0birlikd\u0259 may\u0131n 17-d\u0259 \u00f6lk\u0259nin qurulmaqda olan \u0259razil\u0259rin\u0259 s\u0259f\u0259r edib.<\/p>\n<p>S\u0259f\u0259r zaman\u0131 prezidentl\u0259r \u015eu\u015faya \u00e7\u0259kil\u0259n yolda da\u011f\u0131n alt\u0131ndan sal\u0131nm\u0131\u015f bir kilometr yar\u0131ml\u0131q tuneld\u0259n ke\u00e7ibl\u0259r. Qeyd olunub ki, burada i\u015fl\u0259r h\u0259l\u0259 davam edir.<\/p>\n<p>\u0130lham \u018fliyev v\u0259 Aleksandr Luka\u015fenko \u015eu\u015fa \u015f\u0259h\u0259rin\u0259, i\u015f\u011fal zaman\u0131 da\u011f\u0131d\u0131lm\u0131\u015f obyektl\u0259r\u0259 v\u0259 inki\u015faf \u00fc\u00e7\u00fcn perspektivli \u0259razil\u0259r\u0259 bax\u0131\u015f ke\u00e7iribl\u0259r.<\/p>\n<p>Xat\u0131rladaq ki, may\u0131n 16-da Bak\u0131da iki \u00f6lk\u0259 prezidentl\u0259ri aras\u0131nda r\u0259smi dan\u0131\u015f\u0131qlar ke\u00e7irilib. G\u00f6r\u00fc\u015f\u00fcn m\u00f6vzular\u0131ndan biri d\u0259 Az\u0259rbaycan \u0259razil\u0259rinin m\u00fcharib\u0259d\u0259n sonrak\u0131 b\u0259rpas\u0131 olub.<\/p>\n<div><iframe loading=\"lazy\" src=\"https:\/\/baku.tv\/embed\/138241\" width=\"560\" height=\"315\" frameborder=\"0\" allowfullscreen=\"allowfullscreen\" data-mce-fragment=\"1\"><\/iframe><\/div>\n<p>M\u0259nb\u0259: Belta.by<\/p>\n","protected":false},"excerpt":{"rendered":"<p>Az\u0259rbaycana d\u00f6vl\u0259t s\u0259f\u0259ri \u00e7\u0259r\u00e7iv\u0259sind\u0259 Belarus Prezidenti Aleksandr Luka\u015fenko Az\u0259rbaycan Prezidenti\u00a0\u0130lham \u018fliyevl\u0259\u00a0birlikd\u0259 may\u0131n 17-d\u0259 \u00f6lk\u0259nin qurulmaqda olan \u0259razil\u0259rin\u0259 s\u0259f\u0259r edib. S\u0259f\u0259r zaman\u0131 prezidentl\u0259r \u015eu\u015faya \u00e7\u0259kil\u0259n yolda da\u011f\u0131n alt\u0131ndan sal\u0131nm\u0131\u015f bir kilometr yar\u0131ml\u0131q tuneld\u0259n ke\u00e7ibl\u0259r. Qeyd olunub ki, burada i\u015fl\u0259r h\u0259l\u0259 davam edir. \u0130lham \u018fliyev v\u0259 Aleksandr Luka\u015fenko \u015eu\u015fa \u015f\u0259h\u0259rin\u0259, i\u015f\u011fal zaman\u0131 da\u011f\u0131d\u0131lm\u0131\u015f obyektl\u0259r\u0259 v\u0259 inki\u015faf \u00fc\u00e7\u00fcn perspektivli \u0259razil\u0259r\u0259 bax\u0131\u015f ke\u00e7iribl\u0259r. Xat\u0131rladaq ki, may\u0131n 16-da Bak\u0131da iki \u00f6lk\u0259 prezidentl\u0259ri aras\u0131nda r\u0259smi dan\u0131\u015f\u0131qlar ke\u00e7irilib. G\u00f6r\u00fc\u015f\u00fcn m\u00f6vzular\u0131ndan biri d\u0259 Az\u0259rbaycan \u0259razil\u0259rinin m\u00fcharib\u0259d\u0259n sonrak\u0131 b\u0259rpas\u0131 olub. M\u0259nb\u0259: Belta.by<\/p>\n","protected":false},"author":2,"featured_media":722839,"comment_status":"closed","ping_status":"closed","sticky":false,"template":"","format":"standard","meta":{"om_disable_all_campaigns":false,"_monsterinsights_skip_tracking":false,"_monsterinsights_sitenote_active":false,"_monsterinsights_sitenote_note":"","_monsterinsights_sitenote_category":0},"categories":[1],"tags":[],"aioseo_notices":[],"gutentor_comment":0,"rttpg_featured_image_url":{"full":["https:\/\/arantv.az\/wp-content\/uploads\/2024\/05\/FotoJet-2024-05-17T152200.829.jpg",620,413,false],"landscape":["https:\/\/arantv.az\/wp-content\/uploads\/2024\/05\/FotoJet-2024-05-17T152200.829.jpg",620,413,false],"portraits":["https:\/\/arantv.az\/wp-content\/uploads\/2024\/05\/FotoJet-2024-05-17T152200.829.jpg",620,413,false],"thumbnail":["https:\/\/arantv.az\/wp-content\/uploads\/2024\/05\/FotoJet-2024-05-17T152200.829-500x280.jpg",500,280,true],"medium":["https:\/\/arantv.az\/wp-content\/uploads\/2024\/05\/FotoJet-2024-05-17T152200.829-548x365.jpg",548,365,true],"large":["https:\/\/arantv.az\/wp-content\/uploads\/2024\/05\/FotoJet-2024-05-17T152200.829.jpg",620,413,false],"1536x1536":["https:\/\/arantv.az\/wp-content\/uploads\/2024\/05\/FotoJet-2024-05-17T152200.829.jpg",620,413,false],"2048x2048":["https:\/\/arantv.az\/wp-content\/uploads\/2024\/05\/FotoJet-2024-05-17T152200.829.jpg",620,413,false],"post-thumbnail":["https:\/\/arantv.az\/wp-content\/uploads\/2024\/05\/FotoJet-2024-05-17T152200.829-240x172.jpg",240,172,true],"advps-thumb-one":["https:\/\/arantv.az\/wp-content\/uploads\/2024\/05\/FotoJet-2024-05-17T152200.829.jpg",620,413,false]},"rttpg_author":{"display_name":"V\u00fcsal Rafiqo\u011flu","author_link":"https:\/\/arantv.az\/?author=2"},"rttpg_comment":0,"rttpg_category":"<a href=\"https:\/\/arantv.az\/?cat=1\" rel=\"category\">C\u0259miyy\u0259t<\/a>","rttpg_excerpt":"Az\u0259rbaycana d\u00f6vl\u0259t s\u0259f\u0259ri \u00e7\u0259r\u00e7iv\u0259sind\u0259 Belarus Prezidenti Aleksandr Luka\u015fenko Az\u0259rbaycan Prezidenti\u00a0\u0130lham \u018fliyevl\u0259\u00a0birlikd\u0259 may\u0131n 17-d\u0259 \u00f6lk\u0259nin qurulmaqda olan \u0259razil\u0259rin\u0259 s\u0259f\u0259r edib. S\u0259f\u0259r zaman\u0131 prezidentl\u0259r \u015eu\u015faya \u00e7\u0259kil\u0259n yolda da\u011f\u0131n alt\u0131ndan sal\u0131nm\u0131\u015f bir kilometr yar\u0131ml\u0131q tuneld\u0259n ke\u00e7ibl\u0259r. Qeyd olunub ki, burada i\u015fl\u0259r h\u0259l\u0259 davam edir. \u0130lham \u018fliyev v\u0259 Aleksandr Luka\u015fenko \u015eu\u015fa \u015f\u0259h\u0259rin\u0259, i\u015f\u011fal zaman\u0131 da\u011f\u0131d\u0131lm\u0131\u015f obyektl\u0259r\u0259 v\u0259 inki\u015faf \u00fc\u00e7\u00fcn&hellip;","_links":{"self":[{"href":"https:\/\/arantv.az\/index.php?rest_route=\/wp\/v2\/posts\/722838"}],"collection":[{"href":"https:\/\/arantv.az\/index.php?rest_route=\/wp\/v2\/posts"}],"about":[{"href":"https:\/\/arantv.az\/index.php?rest_route=\/wp\/v2\/types\/post"}],"author":[{"embeddable":true,"href":"https:\/\/arantv.az\/index.php?rest_route=\/wp\/v2\/users\/2"}],"replies":[{"embeddable":true,"href":"https:\/\/arantv.az\/index.php?rest_route=%2Fwp%2Fv2%2Fcomments&post=722838"}],"version-history":[{"count":0,"href":"https:\/\/arantv.az\/index.php?rest_route=\/wp\/v2\/posts\/722838\/revisions"}],"wp:featuredmedia":[{"embeddable":true,"href":"https:\/\/arantv.az\/index.php?rest_route=\/wp\/v2\/media\/722839"}],"wp:attachment":[{"href":"https:\/\/arantv.az\/index.php?rest_route=%2Fwp%2Fv2%2Fmedia&parent=722838"}],"wp:term":[{"taxonomy":"category","embeddable":true,"href":"https:\/\/arantv.az\/index.php?rest_route=%2Fwp%2Fv2%2Fcategories&post=722838"},{"taxonomy":"post_tag","embeddable":true,"href":"https:\/\/arantv.az\/index.php?rest_route=%2Fwp%2Fv2%2Ftags&post=722838"}],"curies":[{"name":"wp","href":"https:\/\/api.w.org\/{rel}","templated":true}]}}