{"id":722844,"date":"2024-05-17T15:44:02","date_gmt":"2024-05-17T11:44:02","guid":{"rendered":"https:\/\/arantv.az\/?p=722844"},"modified":"2024-05-17T15:44:02","modified_gmt":"2024-05-17T11:44:02","slug":"q%c9%99zada-ol%c9%99n-22-yasli-tofiq-t%c9%99l%c9%99b%c9%99-imis-foto","status":"publish","type":"post","link":"https:\/\/arantv.az\/?p=722844","title":{"rendered":"Q\u0259zada \u00f6l\u0259n 22 ya\u015fl\u0131 Tofiq t\u0259l\u0259b\u0259 imi\u015f &#8211; FOTO"},"content":{"rendered":"<p>May\u0131n 16-na ke\u00e7\u0259n gec\u0259 Bak\u0131n\u0131n Bin\u0259q\u0259di rayonunun Goradil q\u0259s\u0259b\u0259sind\u0259 a\u011f\u0131r yol-n\u0259qliyyat hadis\u0259si ba\u015f verib.<\/p>\n<p><b>ARANTV.AZ <\/b>x\u0259b\u0259r verir ki, a\u011f\u0131r q\u0259zada h\u0259yat\u0131n\u0131 itir\u0259n 22 ya\u015fl\u0131 Tofiq H\u0259s\u0259nov t\u0259l\u0259b\u0259 imi\u015f.<\/p>\n<p>O, Az\u0259rbaycan Dill\u0259r Universitetinin (ADU) Beyn\u0259lxalq m\u00fcnasib\u0259tl\u0259r v\u0259 Region\u015f\u00fcnasl\u0131q fak\u00fclt\u0259sinin IV kursunda t\u0259hsil al\u0131rm\u0131\u015f.<\/p>\n<p>Faktla ba\u011fl\u0131 Bin\u0259q\u0259di Rayon Polis \u0130dar\u0259sind\u0259 cinay\u0259t i\u015fi ba\u015flan\u0131l\u0131b.<\/p>\n<p>Q\u0259zaya d\u00fc\u015f\u0259n d\u00f6rd g\u0259nc dost olub.<\/p>\n<p>&nbsp;<\/p>\n<div class=\"gallery\">\n<div class=\"gallery-i\"><img src=\"https:\/\/cdn.oxu.az\/uploads\/W1siZiIsIjIwMjQvMDUvMTcvMTMvNDQvMzQvYjAxNTUxODAtYjkwOS00ZTUzLTk0OTktMjliOGUxNmUzMWJjL3RlbGViZSAoMSkuanBnIl0sWyJwIiwiZW5jb2RlIiwianBnIiwiLXF1YWxpdHkgODAiXSxbInAiLCJ0aHVtYiIsIjU5MHg1OTBcdTAwM2UiXV0?sha=868a118945d06d46\" alt=\"\" \/><\/div>\n<\/div>\n","protected":false},"excerpt":{"rendered":"<p>May\u0131n 16-na ke\u00e7\u0259n gec\u0259 Bak\u0131n\u0131n Bin\u0259q\u0259di rayonunun Goradil q\u0259s\u0259b\u0259sind\u0259 a\u011f\u0131r yol-n\u0259qliyyat hadis\u0259si ba\u015f verib. ARANTV.AZ x\u0259b\u0259r verir ki, a\u011f\u0131r q\u0259zada h\u0259yat\u0131n\u0131 itir\u0259n 22 ya\u015fl\u0131 Tofiq H\u0259s\u0259nov t\u0259l\u0259b\u0259 imi\u015f. O, Az\u0259rbaycan Dill\u0259r Universitetinin (ADU) Beyn\u0259lxalq m\u00fcnasib\u0259tl\u0259r v\u0259 Region\u015f\u00fcnasl\u0131q fak\u00fclt\u0259sinin IV kursunda t\u0259hsil al\u0131rm\u0131\u015f. Faktla ba\u011fl\u0131 Bin\u0259q\u0259di Rayon Polis \u0130dar\u0259sind\u0259 cinay\u0259t i\u015fi ba\u015flan\u0131l\u0131b. Q\u0259zaya d\u00fc\u015f\u0259n d\u00f6rd g\u0259nc dost olub. &nbsp;<\/p>\n","protected":false},"author":2,"featured_media":722845,"comment_status":"closed","ping_status":"closed","sticky":false,"template":"","format":"standard","meta":{"om_disable_all_campaigns":false,"_monsterinsights_skip_tracking":false,"_monsterinsights_sitenote_active":false,"_monsterinsights_sitenote_note":"","_monsterinsights_sitenote_category":0},"categories":[1],"tags":[],"aioseo_notices":[],"gutentor_comment":0,"rttpg_featured_image_url":{"full":["https:\/\/arantv.az\/wp-content\/uploads\/2024\/05\/FotoJet-26-2.jpg",620,413,false],"landscape":["https:\/\/arantv.az\/wp-content\/uploads\/2024\/05\/FotoJet-26-2.jpg",620,413,false],"portraits":["https:\/\/arantv.az\/wp-content\/uploads\/2024\/05\/FotoJet-26-2.jpg",620,413,false],"thumbnail":["https:\/\/arantv.az\/wp-content\/uploads\/2024\/05\/FotoJet-26-2-500x280.jpg",500,280,true],"medium":["https:\/\/arantv.az\/wp-content\/uploads\/2024\/05\/FotoJet-26-2-548x365.jpg",548,365,true],"large":["https:\/\/arantv.az\/wp-content\/uploads\/2024\/05\/FotoJet-26-2.jpg",620,413,false],"1536x1536":["https:\/\/arantv.az\/wp-content\/uploads\/2024\/05\/FotoJet-26-2.jpg",620,413,false],"2048x2048":["https:\/\/arantv.az\/wp-content\/uploads\/2024\/05\/FotoJet-26-2.jpg",620,413,false],"post-thumbnail":["https:\/\/arantv.az\/wp-content\/uploads\/2024\/05\/FotoJet-26-2-240x172.jpg",240,172,true],"advps-thumb-one":["https:\/\/arantv.az\/wp-content\/uploads\/2024\/05\/FotoJet-26-2.jpg",620,413,false]},"rttpg_author":{"display_name":"V\u00fcsal Rafiqo\u011flu","author_link":"https:\/\/arantv.az\/?author=2"},"rttpg_comment":0,"rttpg_category":"<a href=\"https:\/\/arantv.az\/?cat=1\" rel=\"category\">C\u0259miyy\u0259t<\/a>","rttpg_excerpt":"May\u0131n 16-na ke\u00e7\u0259n gec\u0259 Bak\u0131n\u0131n Bin\u0259q\u0259di rayonunun Goradil q\u0259s\u0259b\u0259sind\u0259 a\u011f\u0131r yol-n\u0259qliyyat hadis\u0259si ba\u015f verib. ARANTV.AZ x\u0259b\u0259r verir ki, a\u011f\u0131r q\u0259zada h\u0259yat\u0131n\u0131 itir\u0259n 22 ya\u015fl\u0131 Tofiq H\u0259s\u0259nov t\u0259l\u0259b\u0259 imi\u015f. O, Az\u0259rbaycan Dill\u0259r Universitetinin (ADU) Beyn\u0259lxalq m\u00fcnasib\u0259tl\u0259r v\u0259 Region\u015f\u00fcnasl\u0131q fak\u00fclt\u0259sinin IV kursunda t\u0259hsil al\u0131rm\u0131\u015f. Faktla ba\u011fl\u0131 Bin\u0259q\u0259di Rayon Polis \u0130dar\u0259sind\u0259 cinay\u0259t i\u015fi ba\u015flan\u0131l\u0131b. Q\u0259zaya d\u00fc\u015f\u0259n d\u00f6rd g\u0259nc&hellip;","_links":{"self":[{"href":"https:\/\/arantv.az\/index.php?rest_route=\/wp\/v2\/posts\/722844"}],"collection":[{"href":"https:\/\/arantv.az\/index.php?rest_route=\/wp\/v2\/posts"}],"about":[{"href":"https:\/\/arantv.az\/index.php?rest_route=\/wp\/v2\/types\/post"}],"author":[{"embeddable":true,"href":"https:\/\/arantv.az\/index.php?rest_route=\/wp\/v2\/users\/2"}],"replies":[{"embeddable":true,"href":"https:\/\/arantv.az\/index.php?rest_route=%2Fwp%2Fv2%2Fcomments&post=722844"}],"version-history":[{"count":0,"href":"https:\/\/arantv.az\/index.php?rest_route=\/wp\/v2\/posts\/722844\/revisions"}],"wp:featuredmedia":[{"embeddable":true,"href":"https:\/\/arantv.az\/index.php?rest_route=\/wp\/v2\/media\/722845"}],"wp:attachment":[{"href":"https:\/\/arantv.az\/index.php?rest_route=%2Fwp%2Fv2%2Fmedia&parent=722844"}],"wp:term":[{"taxonomy":"category","embeddable":true,"href":"https:\/\/arantv.az\/index.php?rest_route=%2Fwp%2Fv2%2Fcategories&post=722844"},{"taxonomy":"post_tag","embeddable":true,"href":"https:\/\/arantv.az\/index.php?rest_route=%2Fwp%2Fv2%2Ftags&post=722844"}],"curies":[{"name":"wp","href":"https:\/\/api.w.org\/{rel}","templated":true}]}}