{"id":722848,"date":"2024-05-17T15:44:47","date_gmt":"2024-05-17T11:44:47","guid":{"rendered":"https:\/\/arantv.az\/?p=722848"},"modified":"2024-05-17T15:44:47","modified_gmt":"2024-05-17T11:44:47","slug":"tavus-sakinl%c9%99rinin-bagladiqlari-erm%c9%99nistan-gurcustan-yolu-acilib","status":"publish","type":"post","link":"https:\/\/arantv.az\/?p=722848","title":{"rendered":"Tavu\u015f sakinl\u0259rinin ba\u011flad\u0131qlar\u0131 Erm\u0259nistan-G\u00fcrc\u00fcstan yolu a\u00e7\u0131l\u0131b"},"content":{"rendered":"<p>Tavu\u015fun Kirants k\u0259ndinin Az\u0259rbaycanla s\u0259rh\u0259dl\u0259rin delimitasiyas\u0131 \u00fczr\u0259 raz\u0131la\u015fmaya etiraz ed\u0259n sakinl\u0259ri t\u0259r\u0259find\u0259n d\u00fcn\u0259nd\u0259n ba\u011fl\u0131 olan Erm\u0259nistan-G\u00fcrc\u00fcstan yolu a\u00e7\u0131l\u0131b.<\/p>\n<p>Bu bar\u0259d\u0259 k\u0259nd sakinl\u0259ri\u00a0bildiribl\u0259r.<\/p>\n<p>Qeyd olunub ki, d\u00fcn\u0259n polisin post qurdu\u011fu k\u0259nd\u0259 ged\u0259n yol da a\u00e7\u0131qd\u0131r.<\/p>\n<p>Q\u0259rar bir qrup k\u0259nd sakininin Tavu\u015f qubernatoru Ayk Qalumyanla g\u00f6r\u00fc\u015f\u00fcnd\u0259n sonra q\u0259bul edilib.<\/p>\n<p>M\u0259nb\u0259:\u00a0\u201cSputnik Erm\u0259nistan\u201d<\/p>\n","protected":false},"excerpt":{"rendered":"<p>Tavu\u015fun Kirants k\u0259ndinin Az\u0259rbaycanla s\u0259rh\u0259dl\u0259rin delimitasiyas\u0131 \u00fczr\u0259 raz\u0131la\u015fmaya etiraz ed\u0259n sakinl\u0259ri t\u0259r\u0259find\u0259n d\u00fcn\u0259nd\u0259n ba\u011fl\u0131 olan Erm\u0259nistan-G\u00fcrc\u00fcstan yolu a\u00e7\u0131l\u0131b. Bu bar\u0259d\u0259 k\u0259nd sakinl\u0259ri\u00a0bildiribl\u0259r. Qeyd olunub ki, d\u00fcn\u0259n polisin post qurdu\u011fu k\u0259nd\u0259 ged\u0259n yol da a\u00e7\u0131qd\u0131r. Q\u0259rar bir qrup k\u0259nd sakininin Tavu\u015f qubernatoru Ayk Qalumyanla g\u00f6r\u00fc\u015f\u00fcnd\u0259n sonra q\u0259bul edilib. M\u0259nb\u0259:\u00a0\u201cSputnik Erm\u0259nistan\u201d<\/p>\n","protected":false},"author":2,"featured_media":722849,"comment_status":"closed","ping_status":"closed","sticky":false,"template":"","format":"standard","meta":{"om_disable_all_campaigns":false,"_monsterinsights_skip_tracking":false,"_monsterinsights_sitenote_active":false,"_monsterinsights_sitenote_note":"","_monsterinsights_sitenote_category":0},"categories":[19],"tags":[],"aioseo_notices":[],"gutentor_comment":0,"rttpg_featured_image_url":{"full":["https:\/\/arantv.az\/wp-content\/uploads\/2024\/05\/6-3.jpg",620,413,false],"landscape":["https:\/\/arantv.az\/wp-content\/uploads\/2024\/05\/6-3.jpg",620,413,false],"portraits":["https:\/\/arantv.az\/wp-content\/uploads\/2024\/05\/6-3.jpg",620,413,false],"thumbnail":["https:\/\/arantv.az\/wp-content\/uploads\/2024\/05\/6-3-500x280.jpg",500,280,true],"medium":["https:\/\/arantv.az\/wp-content\/uploads\/2024\/05\/6-3-548x365.jpg",548,365,true],"large":["https:\/\/arantv.az\/wp-content\/uploads\/2024\/05\/6-3.jpg",620,413,false],"1536x1536":["https:\/\/arantv.az\/wp-content\/uploads\/2024\/05\/6-3.jpg",620,413,false],"2048x2048":["https:\/\/arantv.az\/wp-content\/uploads\/2024\/05\/6-3.jpg",620,413,false],"post-thumbnail":["https:\/\/arantv.az\/wp-content\/uploads\/2024\/05\/6-3-240x172.jpg",240,172,true],"advps-thumb-one":["https:\/\/arantv.az\/wp-content\/uploads\/2024\/05\/6-3.jpg",620,413,false]},"rttpg_author":{"display_name":"V\u00fcsal Rafiqo\u011flu","author_link":"https:\/\/arantv.az\/?author=2"},"rttpg_comment":0,"rttpg_category":"<a href=\"https:\/\/arantv.az\/?cat=19\" rel=\"category\">G\u00fcnd\u0259m<\/a>","rttpg_excerpt":"Tavu\u015fun Kirants k\u0259ndinin Az\u0259rbaycanla s\u0259rh\u0259dl\u0259rin delimitasiyas\u0131 \u00fczr\u0259 raz\u0131la\u015fmaya etiraz ed\u0259n sakinl\u0259ri t\u0259r\u0259find\u0259n d\u00fcn\u0259nd\u0259n ba\u011fl\u0131 olan Erm\u0259nistan-G\u00fcrc\u00fcstan yolu a\u00e7\u0131l\u0131b. Bu bar\u0259d\u0259 k\u0259nd sakinl\u0259ri\u00a0bildiribl\u0259r. Qeyd olunub ki, d\u00fcn\u0259n polisin post qurdu\u011fu k\u0259nd\u0259 ged\u0259n yol da a\u00e7\u0131qd\u0131r. Q\u0259rar bir qrup k\u0259nd sakininin Tavu\u015f qubernatoru Ayk Qalumyanla g\u00f6r\u00fc\u015f\u00fcnd\u0259n sonra q\u0259bul edilib. M\u0259nb\u0259:\u00a0\u201cSputnik Erm\u0259nistan\u201d","_links":{"self":[{"href":"https:\/\/arantv.az\/index.php?rest_route=\/wp\/v2\/posts\/722848"}],"collection":[{"href":"https:\/\/arantv.az\/index.php?rest_route=\/wp\/v2\/posts"}],"about":[{"href":"https:\/\/arantv.az\/index.php?rest_route=\/wp\/v2\/types\/post"}],"author":[{"embeddable":true,"href":"https:\/\/arantv.az\/index.php?rest_route=\/wp\/v2\/users\/2"}],"replies":[{"embeddable":true,"href":"https:\/\/arantv.az\/index.php?rest_route=%2Fwp%2Fv2%2Fcomments&post=722848"}],"version-history":[{"count":0,"href":"https:\/\/arantv.az\/index.php?rest_route=\/wp\/v2\/posts\/722848\/revisions"}],"wp:featuredmedia":[{"embeddable":true,"href":"https:\/\/arantv.az\/index.php?rest_route=\/wp\/v2\/media\/722849"}],"wp:attachment":[{"href":"https:\/\/arantv.az\/index.php?rest_route=%2Fwp%2Fv2%2Fmedia&parent=722848"}],"wp:term":[{"taxonomy":"category","embeddable":true,"href":"https:\/\/arantv.az\/index.php?rest_route=%2Fwp%2Fv2%2Fcategories&post=722848"},{"taxonomy":"post_tag","embeddable":true,"href":"https:\/\/arantv.az\/index.php?rest_route=%2Fwp%2Fv2%2Ftags&post=722848"}],"curies":[{"name":"wp","href":"https:\/\/api.w.org\/{rel}","templated":true}]}}