{"id":722923,"date":"2024-05-17T17:44:53","date_gmt":"2024-05-17T13:44:53","guid":{"rendered":"https:\/\/arantv.az\/?p=722923"},"modified":"2024-05-17T17:44:53","modified_gmt":"2024-05-17T13:44:53","slug":"qarabag-universitetind%c9%99-%c9%99cn%c9%99bi-t%c9%99l%c9%99b%c9%99l%c9%99r-t%c9%99hsil-alacaqlar-aciqlama","status":"publish","type":"post","link":"https:\/\/arantv.az\/?p=722923","title":{"rendered":"Qaraba\u011f Universitetind\u0259 \u0259cn\u0259bi t\u0259l\u0259b\u0259l\u0259r t\u0259hsil alacaqlar? &#8211; A\u00c7IQLAMA"},"content":{"rendered":"<p>\u201cQaraba\u011f Universitetin\u0259 bu il \u0259cn\u0259bi t\u0259l\u0259b\u0259 q\u0259bulu n\u0259z\u0259rd\u0259 tutulmay\u0131b\u201d.<\/p>\n<p>AzVision.az x\u0259b\u0259r verir ki, bunu Elm v\u0259 Ali T\u0259hsil \u00fczr\u0259 D\u00f6vl\u0259t Agentliyinin direktoru \u00dclk\u0259r S\u0259ttarova deyib.<\/p>\n<p>Direktor bildirib ki, Qaraba\u011f Universiteti kontekstind\u0259 h\u0259l\u0259lik bel\u0259 bir plan yoxdur.<\/p>\n<p>\u201c\u018fcn\u0259bi t\u0259l\u0259b\u0259 q\u0259bulu \u00fc\u00e7\u00fcn ilk n\u00f6vb\u0259d\u0259 universitet \u00f6z\u00fcn\u00fc tan\u0131tmal\u0131d\u0131r. N\u0259z\u0259r\u0259 alsaq ki, h\u0259l\u0259 bizim t\u0259hsil m\u00fc\u0259ssis\u0259miz universitetl\u0259rd\u0259n ibar\u0259t bazalarda yoxdur. Olmamas\u0131 da normald\u0131r, \u00e7\u00fcnki h\u0259l\u0259 f\u0259aliyy\u0259t\u0259 ba\u015flamay\u0131b. Lakin n\u00f6vb\u0259ti ill\u0259rd\u0259, y\u0259qin ki, \u0259cn\u0259bi t\u0259l\u0259b\u0259 q\u0259bulu da apar\u0131lacaq\u201d, &#8211; dey\u0259 o qeyd edib.<\/p>\n","protected":false},"excerpt":{"rendered":"<p>\u201cQaraba\u011f Universitetin\u0259 bu il \u0259cn\u0259bi t\u0259l\u0259b\u0259 q\u0259bulu n\u0259z\u0259rd\u0259 tutulmay\u0131b\u201d. AzVision.az x\u0259b\u0259r verir ki, bunu Elm v\u0259 Ali T\u0259hsil \u00fczr\u0259 D\u00f6vl\u0259t Agentliyinin direktoru \u00dclk\u0259r S\u0259ttarova deyib. Direktor bildirib ki, Qaraba\u011f Universiteti kontekstind\u0259 h\u0259l\u0259lik bel\u0259 bir plan yoxdur. \u201c\u018fcn\u0259bi t\u0259l\u0259b\u0259 q\u0259bulu \u00fc\u00e7\u00fcn ilk n\u00f6vb\u0259d\u0259 universitet \u00f6z\u00fcn\u00fc tan\u0131tmal\u0131d\u0131r. N\u0259z\u0259r\u0259 alsaq ki, h\u0259l\u0259 bizim t\u0259hsil m\u00fc\u0259ssis\u0259miz universitetl\u0259rd\u0259n ibar\u0259t bazalarda yoxdur. Olmamas\u0131 da normald\u0131r, \u00e7\u00fcnki h\u0259l\u0259 f\u0259aliyy\u0259t\u0259 ba\u015flamay\u0131b. Lakin n\u00f6vb\u0259ti ill\u0259rd\u0259, y\u0259qin ki, \u0259cn\u0259bi t\u0259l\u0259b\u0259 q\u0259bulu da apar\u0131lacaq\u201d, &#8211; dey\u0259 o qeyd edib.<\/p>\n","protected":false},"author":2,"featured_media":722924,"comment_status":"closed","ping_status":"closed","sticky":false,"template":"","format":"standard","meta":{"om_disable_all_campaigns":false,"_monsterinsights_skip_tracking":false,"_monsterinsights_sitenote_active":false,"_monsterinsights_sitenote_note":"","_monsterinsights_sitenote_category":0},"categories":[1],"tags":[],"aioseo_notices":[],"gutentor_comment":0,"rttpg_featured_image_url":{"full":["https:\/\/arantv.az\/wp-content\/uploads\/2024\/05\/Qarabag-Universiteti-1715931546.jpg",620,413,false],"landscape":["https:\/\/arantv.az\/wp-content\/uploads\/2024\/05\/Qarabag-Universiteti-1715931546.jpg",620,413,false],"portraits":["https:\/\/arantv.az\/wp-content\/uploads\/2024\/05\/Qarabag-Universiteti-1715931546.jpg",620,413,false],"thumbnail":["https:\/\/arantv.az\/wp-content\/uploads\/2024\/05\/Qarabag-Universiteti-1715931546-500x280.jpg",500,280,true],"medium":["https:\/\/arantv.az\/wp-content\/uploads\/2024\/05\/Qarabag-Universiteti-1715931546-548x365.jpg",548,365,true],"large":["https:\/\/arantv.az\/wp-content\/uploads\/2024\/05\/Qarabag-Universiteti-1715931546.jpg",620,413,false],"1536x1536":["https:\/\/arantv.az\/wp-content\/uploads\/2024\/05\/Qarabag-Universiteti-1715931546.jpg",620,413,false],"2048x2048":["https:\/\/arantv.az\/wp-content\/uploads\/2024\/05\/Qarabag-Universiteti-1715931546.jpg",620,413,false],"post-thumbnail":["https:\/\/arantv.az\/wp-content\/uploads\/2024\/05\/Qarabag-Universiteti-1715931546-240x172.jpg",240,172,true],"advps-thumb-one":["https:\/\/arantv.az\/wp-content\/uploads\/2024\/05\/Qarabag-Universiteti-1715931546.jpg",620,413,false]},"rttpg_author":{"display_name":"V\u00fcsal Rafiqo\u011flu","author_link":"https:\/\/arantv.az\/?author=2"},"rttpg_comment":0,"rttpg_category":"<a href=\"https:\/\/arantv.az\/?cat=1\" rel=\"category\">C\u0259miyy\u0259t<\/a>","rttpg_excerpt":"\u201cQaraba\u011f Universitetin\u0259 bu il \u0259cn\u0259bi t\u0259l\u0259b\u0259 q\u0259bulu n\u0259z\u0259rd\u0259 tutulmay\u0131b\u201d. AzVision.az x\u0259b\u0259r verir ki, bunu Elm v\u0259 Ali T\u0259hsil \u00fczr\u0259 D\u00f6vl\u0259t Agentliyinin direktoru \u00dclk\u0259r S\u0259ttarova deyib. Direktor bildirib ki, Qaraba\u011f Universiteti kontekstind\u0259 h\u0259l\u0259lik bel\u0259 bir plan yoxdur. \u201c\u018fcn\u0259bi t\u0259l\u0259b\u0259 q\u0259bulu \u00fc\u00e7\u00fcn ilk n\u00f6vb\u0259d\u0259 universitet \u00f6z\u00fcn\u00fc tan\u0131tmal\u0131d\u0131r. N\u0259z\u0259r\u0259 alsaq ki, h\u0259l\u0259 bizim t\u0259hsil m\u00fc\u0259ssis\u0259miz universitetl\u0259rd\u0259n ibar\u0259t bazalarda&hellip;","_links":{"self":[{"href":"https:\/\/arantv.az\/index.php?rest_route=\/wp\/v2\/posts\/722923"}],"collection":[{"href":"https:\/\/arantv.az\/index.php?rest_route=\/wp\/v2\/posts"}],"about":[{"href":"https:\/\/arantv.az\/index.php?rest_route=\/wp\/v2\/types\/post"}],"author":[{"embeddable":true,"href":"https:\/\/arantv.az\/index.php?rest_route=\/wp\/v2\/users\/2"}],"replies":[{"embeddable":true,"href":"https:\/\/arantv.az\/index.php?rest_route=%2Fwp%2Fv2%2Fcomments&post=722923"}],"version-history":[{"count":0,"href":"https:\/\/arantv.az\/index.php?rest_route=\/wp\/v2\/posts\/722923\/revisions"}],"wp:featuredmedia":[{"embeddable":true,"href":"https:\/\/arantv.az\/index.php?rest_route=\/wp\/v2\/media\/722924"}],"wp:attachment":[{"href":"https:\/\/arantv.az\/index.php?rest_route=%2Fwp%2Fv2%2Fmedia&parent=722923"}],"wp:term":[{"taxonomy":"category","embeddable":true,"href":"https:\/\/arantv.az\/index.php?rest_route=%2Fwp%2Fv2%2Fcategories&post=722923"},{"taxonomy":"post_tag","embeddable":true,"href":"https:\/\/arantv.az\/index.php?rest_route=%2Fwp%2Fv2%2Ftags&post=722923"}],"curies":[{"name":"wp","href":"https:\/\/api.w.org\/{rel}","templated":true}]}}