{"id":722928,"date":"2024-05-17T17:46:50","date_gmt":"2024-05-17T13:46:50","guid":{"rendered":"https:\/\/arantv.az\/?p=722928"},"modified":"2024-05-17T17:46:50","modified_gmt":"2024-05-17T13:46:50","slug":"v%c9%99t%c9%99n-muharib%c9%99si-q%c9%99hr%c9%99manina-yuks%c9%99k-v%c9%99zif%c9%99-verildi","status":"publish","type":"post","link":"https:\/\/arantv.az\/?p=722928","title":{"rendered":"V\u0259t\u0259n M\u00fcharib\u0259si Q\u0259hr\u0259man\u0131na y\u00fcks\u0259k v\u0259zif\u0259 verildi"},"content":{"rendered":"<p>V\u0259t\u0259n M\u00fcharib\u0259si Q\u0259hr\u0259man\u0131na yeni v\u0259zif\u0259 verilib.<\/p>\n<p>Unikal.az x\u0259b\u0259r verir ki, m\u00fcdafi\u0259 naziri general-polkovnik Zakir H\u0259s\u0259novun \u0259mri il\u0259 Quru Qo\u015funlar\u0131 Komandan\u0131n\u0131n m\u00fcavini, general-mayor Zaur Zeynalov Az\u0259rbaycan\u0131n T\u00fcrkiy\u0259d\u0259ki s\u0259firliyind\u0259 h\u0259rbi atta\u015fe t\u0259yin edilib.<\/p>\n<p>Qeyd ed\u0259k ki, Prezident\u00a0<strong>\u0130lham \u018fliyevin<\/strong>\u00a09 dekabr 2020-ci il tarixli S\u0259r\u0259ncam\u0131na \u0259sas\u0259n Zaur Zeynalova \u201cV\u0259t\u0259n M\u00fcharib\u0259si Q\u0259hr\u0259man\u0131\u201d ad\u0131 verilib.<\/p>\n","protected":false},"excerpt":{"rendered":"<p>V\u0259t\u0259n M\u00fcharib\u0259si Q\u0259hr\u0259man\u0131na yeni v\u0259zif\u0259 verilib. Unikal.az x\u0259b\u0259r verir ki, m\u00fcdafi\u0259 naziri general-polkovnik Zakir H\u0259s\u0259novun \u0259mri il\u0259 Quru Qo\u015funlar\u0131 Komandan\u0131n\u0131n m\u00fcavini, general-mayor Zaur Zeynalov Az\u0259rbaycan\u0131n T\u00fcrkiy\u0259d\u0259ki s\u0259firliyind\u0259 h\u0259rbi atta\u015fe t\u0259yin edilib. Qeyd ed\u0259k ki, Prezident\u00a0\u0130lham \u018fliyevin\u00a09 dekabr 2020-ci il tarixli S\u0259r\u0259ncam\u0131na \u0259sas\u0259n Zaur Zeynalova \u201cV\u0259t\u0259n M\u00fcharib\u0259si Q\u0259hr\u0259man\u0131\u201d ad\u0131 verilib.<\/p>\n","protected":false},"author":2,"featured_media":722929,"comment_status":"closed","ping_status":"closed","sticky":false,"template":"","format":"standard","meta":{"om_disable_all_campaigns":false,"_monsterinsights_skip_tracking":false,"_monsterinsights_sitenote_active":false,"_monsterinsights_sitenote_note":"","_monsterinsights_sitenote_category":0},"categories":[19],"tags":[],"aioseo_notices":[],"gutentor_comment":0,"rttpg_featured_image_url":{"full":["https:\/\/arantv.az\/wp-content\/uploads\/2024\/05\/1715949429.59966fb5-302d-44d9-937c-f7e0d3deab87.jpg",620,413,false],"landscape":["https:\/\/arantv.az\/wp-content\/uploads\/2024\/05\/1715949429.59966fb5-302d-44d9-937c-f7e0d3deab87.jpg",620,413,false],"portraits":["https:\/\/arantv.az\/wp-content\/uploads\/2024\/05\/1715949429.59966fb5-302d-44d9-937c-f7e0d3deab87.jpg",620,413,false],"thumbnail":["https:\/\/arantv.az\/wp-content\/uploads\/2024\/05\/1715949429.59966fb5-302d-44d9-937c-f7e0d3deab87-500x280.jpg",500,280,true],"medium":["https:\/\/arantv.az\/wp-content\/uploads\/2024\/05\/1715949429.59966fb5-302d-44d9-937c-f7e0d3deab87-548x365.jpg",548,365,true],"large":["https:\/\/arantv.az\/wp-content\/uploads\/2024\/05\/1715949429.59966fb5-302d-44d9-937c-f7e0d3deab87.jpg",620,413,false],"1536x1536":["https:\/\/arantv.az\/wp-content\/uploads\/2024\/05\/1715949429.59966fb5-302d-44d9-937c-f7e0d3deab87.jpg",620,413,false],"2048x2048":["https:\/\/arantv.az\/wp-content\/uploads\/2024\/05\/1715949429.59966fb5-302d-44d9-937c-f7e0d3deab87.jpg",620,413,false],"post-thumbnail":["https:\/\/arantv.az\/wp-content\/uploads\/2024\/05\/1715949429.59966fb5-302d-44d9-937c-f7e0d3deab87-240x172.jpg",240,172,true],"advps-thumb-one":["https:\/\/arantv.az\/wp-content\/uploads\/2024\/05\/1715949429.59966fb5-302d-44d9-937c-f7e0d3deab87.jpg",620,413,false]},"rttpg_author":{"display_name":"V\u00fcsal Rafiqo\u011flu","author_link":"https:\/\/arantv.az\/?author=2"},"rttpg_comment":0,"rttpg_category":"<a href=\"https:\/\/arantv.az\/?cat=19\" rel=\"category\">G\u00fcnd\u0259m<\/a>","rttpg_excerpt":"V\u0259t\u0259n M\u00fcharib\u0259si Q\u0259hr\u0259man\u0131na yeni v\u0259zif\u0259 verilib. Unikal.az x\u0259b\u0259r verir ki, m\u00fcdafi\u0259 naziri general-polkovnik Zakir H\u0259s\u0259novun \u0259mri il\u0259 Quru Qo\u015funlar\u0131 Komandan\u0131n\u0131n m\u00fcavini, general-mayor Zaur Zeynalov Az\u0259rbaycan\u0131n T\u00fcrkiy\u0259d\u0259ki s\u0259firliyind\u0259 h\u0259rbi atta\u015fe t\u0259yin edilib. Qeyd ed\u0259k ki, Prezident\u00a0\u0130lham \u018fliyevin\u00a09 dekabr 2020-ci il tarixli S\u0259r\u0259ncam\u0131na \u0259sas\u0259n Zaur Zeynalova \u201cV\u0259t\u0259n M\u00fcharib\u0259si Q\u0259hr\u0259man\u0131\u201d ad\u0131 verilib.","_links":{"self":[{"href":"https:\/\/arantv.az\/index.php?rest_route=\/wp\/v2\/posts\/722928"}],"collection":[{"href":"https:\/\/arantv.az\/index.php?rest_route=\/wp\/v2\/posts"}],"about":[{"href":"https:\/\/arantv.az\/index.php?rest_route=\/wp\/v2\/types\/post"}],"author":[{"embeddable":true,"href":"https:\/\/arantv.az\/index.php?rest_route=\/wp\/v2\/users\/2"}],"replies":[{"embeddable":true,"href":"https:\/\/arantv.az\/index.php?rest_route=%2Fwp%2Fv2%2Fcomments&post=722928"}],"version-history":[{"count":0,"href":"https:\/\/arantv.az\/index.php?rest_route=\/wp\/v2\/posts\/722928\/revisions"}],"wp:featuredmedia":[{"embeddable":true,"href":"https:\/\/arantv.az\/index.php?rest_route=\/wp\/v2\/media\/722929"}],"wp:attachment":[{"href":"https:\/\/arantv.az\/index.php?rest_route=%2Fwp%2Fv2%2Fmedia&parent=722928"}],"wp:term":[{"taxonomy":"category","embeddable":true,"href":"https:\/\/arantv.az\/index.php?rest_route=%2Fwp%2Fv2%2Fcategories&post=722928"},{"taxonomy":"post_tag","embeddable":true,"href":"https:\/\/arantv.az\/index.php?rest_route=%2Fwp%2Fv2%2Ftags&post=722928"}],"curies":[{"name":"wp","href":"https:\/\/api.w.org\/{rel}","templated":true}]}}