{"id":722932,"date":"2024-05-17T18:20:00","date_gmt":"2024-05-17T14:20:00","guid":{"rendered":"https:\/\/arantv.az\/?p=722932"},"modified":"2024-05-17T18:29:07","modified_gmt":"2024-05-17T14:29:07","slug":"z%c9%99f%c9%99r-v%c9%99-sulhun-r%c9%99mzi","status":"publish","type":"post","link":"https:\/\/arantv.az\/?p=722932","title":{"rendered":"Z\u0259f\u0259r v\u0259 s\u00fclh\u00fcn r\u0259mzi"},"content":{"rendered":"<p><strong>F\u0259q\u0259t \u015eadlinskaya<\/strong><\/p>\n<p><strong>YAP B\u0259rd\u0259 rayon t\u0259\u015fkilat\u0131n\u0131n s\u0259dri<\/strong><\/p>\n<p>44 g\u00fcnl\u00fck \u0130kinci Qaraba\u011f m\u00fcharib\u0259sinin gedi\u015fi d\u00f6vr\u00fcnd\u0259 xarici m\u0259tbuata \u00e7oxsayl\u0131 m\u00fcsahib\u0259l\u0259rind\u0259 d\u00f6vl\u0259t ba\u015f\u00e7\u0131s\u0131 \u0130lham \u018fliyev \u015eu\u015fan\u0131n i\u015f\u011faldan azad edilm\u0259sinin xalq\u0131m\u0131z \u00fc\u00e7\u00fcn n\u0259 q\u0259d\u0259r \u0259h\u0259miyy\u0259tli olmas\u0131n\u0131 dil\u0259 g\u0259tir\u0259r\u0259k q\u0259tiyy\u0259tl\u0259 vur\u011fulam\u0131\u015fd\u0131r ki, \u0259lb\u0259tt\u0259 ki, \u015eu\u015fas\u0131z bizim i\u015fimiz yar\u0131m\u00e7\u0131q olar. \u00d6lk\u0259 Pezidentinin bu fikirl\u0259ri V\u0259t\u0259n m\u00fcharib\u0259sinin qalibiyy\u0259timizl\u0259 ba\u015fa \u00e7ataca\u011f\u0131na \u0259minliyi art\u0131rd\u0131, Qaraba\u011f m\u00fcnaqi\u015f\u0259sinin tarix\u0259 qovu\u015faca\u011f\u0131na \u015f\u00fcbh\u0259 yeri qoymadu.<\/p>\n<p>May\u0131n 10-da c\u0259nab \u0130lham \u018fliyev \u015eu\u015fa \u015f\u0259h\u0259rin\u0259 k\u00f6\u00e7m\u00fc\u015f sakinl\u0259rl\u0259 g\u00f6r\u00fc\u015f\u00fcnd\u0259 b\u00f6y\u00fck q\u00fcrur hissi il\u0259 qeyd etdi ki, 44 g\u00fcnl\u00fck V\u0259t\u0259n m\u00fcharib\u0259si \u015fanl\u0131 tariximizdir v\u0259 Az\u0259rbaycan xalq\u0131 bundan sonra \u0259b\u0259di bu Z\u0259f\u0259rl\u0259 f\u0259xr ed\u0259c\u0259k. 44 g\u00fcn \u0259rzind\u0259 biz h\u0259r g\u00fcn ir\u0259li gedirdik. Erm\u0259nistan ordusundan f\u0259rqli olaraq bir n\u0259f\u0259r d\u0259 olsun h\u0259rb\u00e7imiz d\u00f6y\u00fc\u015f meydan\u0131n\u0131 t\u0259rk etm\u0259mi\u015fdir. Onlar\u0131n \u00f6zl\u0259rinin etiraflar\u0131na g\u00f6r\u0259 12 min\u0259 yax\u0131n f\u0259rarisi olmu\u015fdur: \u201cBizim \u0259sg\u0259r v\u0259 zabitl\u0259rimiz h\u0259r g\u00fcn ir\u0259li gedirdil\u0259r v\u0259 m\u00fcharib\u0259nin birinci g\u00fcn\u00fcnd\u0259 \u0259ld\u0259 olunmu\u015f q\u0259l\u0259b\u0259 &#8211; bir ne\u00e7\u0259 k\u0259ndin azad edilm\u0259si sonuncu g\u00fcn\u0259 q\u0259d\u0259r davam etdi v\u0259 2020-ci il noyabr\u0131n 8-d\u0259 \u015eu\u015fan\u0131n azad edilm\u0259si d\u00fc\u015fm\u0259nin belini q\u0131rd\u0131. D\u00fc\u015fm\u0259n art\u0131q anlam\u0131\u015fd\u0131r ki, daha m\u00fcqavim\u0259t g\u00f6st\u0259rm\u0259k iqtidar\u0131nda deyil v\u0259 ondan sonra kapitulyasiya akt\u0131na imza atm\u0131\u015fd\u0131r, faktiki olaraq t\u0259slim olmu\u015fdur. Biz d\u0259 o vaxt m\u00fcharib\u0259ni dayand\u0131rd\u0131q.\u201d<\/p>\n<p>O da bildirildi ki, Az\u0259rbaycan xalq\u0131 el\u0259 bir q\u0259hr\u0259manl\u0131q, f\u0259dakarl\u0131q g\u00f6st\u0259rmi\u015fdir ki, bu g\u00fcn b\u00fct\u00fcn d\u00fcnyada Az\u0259rbaycan o\u011fullar\u0131 haqq\u0131nda dan\u0131\u015f\u0131rlar v\u0259 xalq\u0131m\u0131za h\u00f6rm\u0259t edirl\u0259r. \u00c7\u00fcnki biz \u00f6z haqq\u0131m\u0131z\u0131 dan\u0131\u015f\u0131qlar yolu il\u0259, kimins\u0259 g\u00fcz\u0259\u015fti hesab\u0131na yox, d\u00f6y\u00fc\u015f meydan\u0131nda b\u0259rpa etdik, \u015f\u0259h\u0259rl\u0259rimizi, k\u0259ndl\u0259rimizi azad etdik, qan t\u00f6kd\u00fck, \u015f\u0259hidl\u0259r verdik. B\u00fct\u00fcn Az\u0259rbaycan xalq\u0131 44 g\u00fcn \u0259rzind\u0259 bir yumruq kimi birl\u0259\u015fdi. \u015eu\u015fa bizim \u0259yilm\u0259z ruhumuzun r\u0259mzidir. \u015eu\u015fa h\u0259r bir Az\u0259rbaycan v\u0259t\u0259nda\u015f\u0131n\u0131n q\u0259lbind\u0259 el\u0259 bir b\u00f6y\u00fck iz burax\u0131b ki, \u015eu\u015fas\u0131z m\u00fcharib\u0259nin u\u011furla ba\u015fa \u00e7atmas\u0131 m\u00fcmk\u00fcn deyildi.<\/p>\n<p>Bu g\u00fcn \u015eu\u015fan\u0131n yeni tarixi ba\u015flay\u0131b. \u015eu\u015fada geni\u015fmiqyasl\u0131 quruculuq i\u015fl\u0259ri gedir. Ulu \u00d6nd\u0259rin do\u011fum g\u00fcn\u00fcnd\u0259 \u00fc\u00e7\u00fcnc\u00fc ya\u015fay\u0131\u015f kompleksinin t\u0259m\u0259li qoyuldu. Ke\u00e7\u0259n il may\u0131n 10-da ikinci ya\u015fay\u0131\u015f kompleksinin t\u0259m\u0259li qoyulmu\u015fdur. Birinci ya\u015fay\u0131\u015f kompleksind\u0259 450, ikincid\u0259 300-\u0259, \u00fc\u00e7\u00fcnc\u00fcd\u0259 is\u0259 500-\u0259 yax\u0131n m\u0259nzil in\u015fa edil\u0259c\u0259k. B\u00fct\u00fcn evl\u0259r g\u00f6z\u0259l memarl\u0131q- \u015eu\u015fan\u0131n \u0259n\u0259n\u0259vi \u00fcslubunda in\u015fa edilir. \u015eu\u015fada b\u00f6y\u00fck infrastruktur layih\u0259l\u0259ri realla\u015fd\u0131r\u0131l\u0131r. F\u00fczuli \u015f\u0259h\u0259rind\u0259n \u015eu\u015faya q\u0131sa m\u00fcdd\u0259t \u0259rzind\u0259 Z\u0259f\u0259r yolu \u00e7\u0259kildi. \u0130ndi is\u0259 yeddi tuneli, doqquz viaduku, bir \u00e7ox k\u00f6rp\u00fcl\u0259ri olan d\u00f6rdzolaql\u0131 g\u00f6z\u0259l bir yol \u00e7\u0259kilir. \u015eu\u015fan\u0131n tarixi abid\u0259l\u0259rinin b\u0259rpas\u0131 m\u00fcharib\u0259d\u0259n d\u0259rhal sonra ba\u015flan\u0131lm\u0131\u015fd\u0131r. Vaqifin m\u0259qb\u0259r\u0259si yenid\u0259n quruldu, onun \u0259z\u0259li g\u00f6rk\u0259mi qaytar\u0131ld\u0131. Yuxar\u0131 G\u00f6vh\u0259r A\u011fa m\u0259scidi, Saatl\u0131 m\u0259scidi b\u0259rpa olundu. Mamay\u0131 m\u0259scidinin b\u0259rpadan sonra a\u00e7\u0131l\u0131\u015f\u0131 oldu. \u00c7\u00f6l Qala m\u0259scidind\u0259 b\u0259rpa i\u015fl\u0259ri ba\u015flan\u0131l\u0131b. Mehmandarov m\u0259scidi v\u0259 Mehmandarovun evi b\u0259rpa edilib. Art\u0131q d\u00f6rd mehmanxana f\u0259aliyy\u0259t g\u00f6st\u0259rir. Onlar\u0131n i\u00e7ind\u0259 \u0259n b\u00f6y\u00fck be\u015fulduzlu \u015eu\u015fa mehmanxanas\u0131 bu g\u00fcn \u015eu\u015fan\u0131n m\u00fcasir g\u00f6rk\u0259mini \u0259ks etdirir. \u015eirinsu hamam\u0131 \u0259sasl\u0131 t\u0259mird\u0259n sonra a\u00e7\u0131lm\u0131\u015fd\u0131r. A\u015fa\u011f\u0131 G\u00f6vh\u0259r A\u011fa m\u0259scidind\u0259 t\u0259mir-b\u0259rpa i\u015fl\u0259ri yekunla\u015fmaq \u00fczr\u0259dir. \u00dczeyir Hac\u0131b\u0259ylinin v\u0259h\u015fi d\u00fc\u015fm\u0259n t\u0259r\u0259find\u0259n da\u011f\u0131d\u0131lm\u0131\u015f abid\u0259si yenid\u0259n \u00f6z yerin\u0259 qoyuldu. \u00dczeyir Hac\u0131b\u0259ylinin erm\u0259nil\u0259r t\u0259r\u0259find\u0259n da\u011f\u0131d\u0131lm\u0131\u015f evi yenid\u0259n qurulur.<\/p>\n<p>C\u0259nab \u0130lham \u018fliyev may\u0131n 11-d\u0259 \u015eu\u015fan\u0131n C\u0131d\u0131r d\u00fcz\u00fcnd\u0259 VII \u201cXar\u0131b\u00fclb\u00fcl\u201d Beyn\u0259lxalq Musiqi Festival\u0131n\u0131n v\u0259 \u201c\u015eu\u015fa \u2013 \u0130slam d\u00fcnyas\u0131n\u0131n m\u0259d\u0259niyy\u0259t paytaxt\u0131 2024\u201d ilinin a\u00e7\u0131l\u0131\u015f m\u0259rasimind\u0259 d\u0259 \u015eu\u015fan\u0131n dir\u00e7\u0259lm\u0259sind\u0259n, \u0259vv\u0259lki simas\u0131n\u0131n b\u0259tpas\u0131ndan b\u0259hs etdi. Heyd\u0259r \u018fliyev Fondunun v\u0259 M\u0259d\u0259niyy\u0259t Nazirliyinin t\u0259\u015fkilat\u00e7\u0131l\u0131\u011f\u0131 il\u0259 ke\u00e7iril\u0259n festival \u015eu\u015fan\u0131n \u0130slam d\u00fcnyas\u0131n\u0131n m\u0259d\u0259niyy\u0259t paytaxt\u0131 elan edilm\u0259sin\u0259 h\u0259sr olundu. Bu il festival\u0131n m\u0259kan\u0131 geni\u015fl\u0259n\u0259r\u0259k La\u00e7\u0131n\u0131 da \u0259hat\u0259 etdi. Bu add\u0131m \u00f6z\u00fcnd\u0259 m\u00fch\u00fcm m\u0259qamlar\u0131 ehtiva edir. Dostluq v\u0259 musiqi bayram\u0131 olan bu festival m\u0259d\u0259ni irsimizin z\u0259ngin \u0259n\u0259n\u0259l\u0259rinin qorunub saxlan\u0131lmas\u0131 il\u0259 yana\u015f\u0131, m\u00fcxt\u0259lif \u00f6lk\u0259l\u0259ri t\u0259msil ed\u0259n musiqi\u00e7il\u0259r\u0259 \u00fcnsiyy\u0259t v\u0259 \u0259m\u0259kda\u015fl\u0131q \u00fc\u00e7\u00fcn \u0259lveri\u015fli \u015f\u0259rait yaradaraq m\u0259d\u0259niyy\u0259tl\u0259raras\u0131 dialoqun m\u00f6hk\u0259ml\u0259ndirilm\u0259sin\u0259 t\u00f6hf\u0259 verir. D\u00f6vl\u0259timizin ba\u015f\u00e7\u0131s\u0131 \u00e7\u0131x\u0131\u015f\u0131nda vur\u011fulad\u0131 ki, Az\u0259rbaycan xalq\u0131n\u0131n \u0259yilm\u0259z ruhunu n\u00fcmayi\u015f etdir\u0259n bu m\u0259kan h\u0259m i\u015f\u011fala q\u0259d\u0259r, h\u0259m i\u015f\u011fal d\u00f6vr\u00fcnd\u0259, h\u0259m d\u0259 i\u015f\u011fala son qoyulandan sonra h\u0259r birimiz \u00fc\u00e7\u00fcn do\u011fma v\u0259 \u0259zizdir. \u015eu\u015fa m\u0259d\u0259niyy\u0259t oca\u011f\u0131 kimi tan\u0131nsa da, haz\u0131rda, eyni zamanda, q\u0259hr\u0259manl\u0131q, z\u0259f\u0259r v\u0259 s\u00fclh\u00fcn r\u0259mzidir. ICESCO-nun Ba\u015f direktoru Salim bin M\u0259h\u0259mm\u0259d \u0259l-Malik is\u0259 \u00e7\u0131x\u0131\u015f\u0131nda qeyd etdi ki, \u015eu\u015fa 2021-ci ild\u0259 Az\u0259rbaycan\u0131n m\u0259d\u0259niyy\u0259t paytaxt\u0131 oldu. 2023-c\u00fc ild\u0259 is\u0259 o, T\u00fcrk d\u00fcnyas\u0131n\u0131n m\u0259d\u0259niyy\u0259t paytaxt\u0131 se\u00e7ildi. Amma 2024-c\u00fc ilin bu g\u00fcn\u00fcnd\u0259 o, \u0130slam d\u00fcnyas\u0131n\u0131n m\u0259d\u0259niyy\u0259t paytaxt\u0131 kimi \u00f6z\u00fcn\u0259m\u0259xsusluq bayra\u011f\u0131n\u0131 v\u0259 d\u00fchas\u0131n\u0131 da\u015f\u0131y\u0131r. H\u0259r d\u0259f\u0259 \u0259hat\u0259 geni\u015fl\u0259nir, co\u011frafiya b\u00f6y\u00fcy\u00fcr. \u00dc\u00e7 il m\u0259d\u0259niyy\u0259t paytaxt\u0131 ad\u0131na layiq olan az sayda bel\u0259 \u015f\u0259h\u0259r var. Bu, d\u0259rin bir i\u015far\u0259dir. Bu, nailiyy\u0259t\u0259, imkanlara v\u0259 ehtirama i\u015far\u0259dir. Bu, \u015eu\u015fa \u015f\u0259h\u0259ridir &#8211; pakl\u0131q, safl\u0131q v\u0259 xo\u015f ab-hava \u015f\u0259h\u0259ri. \u015e\u0259h\u0259rin ad\u0131 da el\u0259 buradan g\u0259lir: \u201cBizl\u0259rd\u0259n kims\u0259 d\u00fcnyada ad\u0131 safl\u0131\u011fa v\u0259 t\u0259mizliy\u0259 uy\u011fun g\u0259l\u0259n ba\u015fqa \u015f\u0259h\u0259r tan\u0131y\u0131rm\u0131? Buran\u0131n havas\u0131 t\u0259miz, insanlar\u0131n hissl\u0259ri pakd\u0131r. Buna g\u00f6r\u0259 d\u0259 t\u0259\u0259cc\u00fcbl\u00fc deyil ki, \u015eu\u015fa b\u00fct\u00fcnl\u00fckl\u0259 Qafqazda musiqinin paytaxt\u0131d\u0131r, t\u0259sviri s\u0259n\u0259tin m\u0259kan\u0131d\u0131r, g\u00f6z\u0259l Az\u0259rbaycan xal\u00e7as\u0131n\u0131n v\u0259t\u0259nidir, musiqi, fikir v\u0259 \u015fairl\u0259r yurdudur.\u201d<\/p>\n","protected":false},"excerpt":{"rendered":"<p>F\u0259q\u0259t \u015eadlinskaya YAP B\u0259rd\u0259 rayon t\u0259\u015fkilat\u0131n\u0131n s\u0259dri 44 g\u00fcnl\u00fck \u0130kinci Qaraba\u011f m\u00fcharib\u0259sinin gedi\u015fi d\u00f6vr\u00fcnd\u0259 xarici m\u0259tbuata \u00e7oxsayl\u0131 m\u00fcsahib\u0259l\u0259rind\u0259 d\u00f6vl\u0259t ba\u015f\u00e7\u0131s\u0131 \u0130lham \u018fliyev \u015eu\u015fan\u0131n i\u015f\u011faldan azad edilm\u0259sinin xalq\u0131m\u0131z \u00fc\u00e7\u00fcn n\u0259 q\u0259d\u0259r \u0259h\u0259miyy\u0259tli olmas\u0131n\u0131 dil\u0259 g\u0259tir\u0259r\u0259k q\u0259tiyy\u0259tl\u0259 vur\u011fulam\u0131\u015fd\u0131r ki, \u0259lb\u0259tt\u0259 ki, \u015eu\u015fas\u0131z bizim i\u015fimiz yar\u0131m\u00e7\u0131q olar. \u00d6lk\u0259 Pezidentinin bu fikirl\u0259ri V\u0259t\u0259n m\u00fcharib\u0259sinin qalibiyy\u0259timizl\u0259 ba\u015fa \u00e7ataca\u011f\u0131na \u0259minliyi art\u0131rd\u0131, Qaraba\u011f m\u00fcnaqi\u015f\u0259sinin tarix\u0259 qovu\u015faca\u011f\u0131na \u015f\u00fcbh\u0259 yeri qoymadu. May\u0131n 10-da c\u0259nab \u0130lham \u018fliyev \u015eu\u015fa \u015f\u0259h\u0259rin\u0259 k\u00f6\u00e7m\u00fc\u015f sakinl\u0259rl\u0259 g\u00f6r\u00fc\u015f\u00fcnd\u0259 b\u00f6y\u00fck q\u00fcrur hissi il\u0259 qeyd etdi ki, 44 g\u00fcnl\u00fck V\u0259t\u0259n m\u00fcharib\u0259si \u015fanl\u0131 tariximizdir v\u0259 Az\u0259rbaycan xalq\u0131 bundan sonra&hellip;<\/p>\n","protected":false},"author":2,"featured_media":603924,"comment_status":"closed","ping_status":"closed","sticky":false,"template":"","format":"standard","meta":{"om_disable_all_campaigns":false,"_monsterinsights_skip_tracking":false,"_monsterinsights_sitenote_active":false,"_monsterinsights_sitenote_note":"","_monsterinsights_sitenote_category":0},"categories":[2],"tags":[],"aioseo_notices":[],"gutentor_comment":0,"rttpg_featured_image_url":{"full":["https:\/\/arantv.az\/wp-content\/uploads\/2023\/06\/thumb.jpg",360,238,false],"landscape":["https:\/\/arantv.az\/wp-content\/uploads\/2023\/06\/thumb.jpg",360,238,false],"portraits":["https:\/\/arantv.az\/wp-content\/uploads\/2023\/06\/thumb.jpg",360,238,false],"thumbnail":["https:\/\/arantv.az\/wp-content\/uploads\/2023\/06\/thumb.jpg",360,238,false],"medium":["https:\/\/arantv.az\/wp-content\/uploads\/2023\/06\/thumb.jpg",360,238,false],"large":["https:\/\/arantv.az\/wp-content\/uploads\/2023\/06\/thumb.jpg",360,238,false],"1536x1536":["https:\/\/arantv.az\/wp-content\/uploads\/2023\/06\/thumb.jpg",360,238,false],"2048x2048":["https:\/\/arantv.az\/wp-content\/uploads\/2023\/06\/thumb.jpg",360,238,false],"post-thumbnail":["https:\/\/arantv.az\/wp-content\/uploads\/2023\/06\/thumb-240x172.jpg",240,172,true],"advps-thumb-one":["https:\/\/arantv.az\/wp-content\/uploads\/2023\/06\/thumb.jpg",360,238,false]},"rttpg_author":{"display_name":"V\u00fcsal Rafiqo\u011flu","author_link":"https:\/\/arantv.az\/?author=2"},"rttpg_comment":0,"rttpg_category":"<a href=\"https:\/\/arantv.az\/?cat=2\" rel=\"category\">Region X\u0259b\u0259rl\u0259ri<\/a>","rttpg_excerpt":"F\u0259q\u0259t \u015eadlinskaya YAP B\u0259rd\u0259 rayon t\u0259\u015fkilat\u0131n\u0131n s\u0259dri 44 g\u00fcnl\u00fck \u0130kinci Qaraba\u011f m\u00fcharib\u0259sinin gedi\u015fi d\u00f6vr\u00fcnd\u0259 xarici m\u0259tbuata \u00e7oxsayl\u0131 m\u00fcsahib\u0259l\u0259rind\u0259 d\u00f6vl\u0259t ba\u015f\u00e7\u0131s\u0131 \u0130lham \u018fliyev \u015eu\u015fan\u0131n i\u015f\u011faldan azad edilm\u0259sinin xalq\u0131m\u0131z \u00fc\u00e7\u00fcn n\u0259 q\u0259d\u0259r \u0259h\u0259miyy\u0259tli olmas\u0131n\u0131 dil\u0259 g\u0259tir\u0259r\u0259k q\u0259tiyy\u0259tl\u0259 vur\u011fulam\u0131\u015fd\u0131r ki, \u0259lb\u0259tt\u0259 ki, \u015eu\u015fas\u0131z bizim i\u015fimiz yar\u0131m\u00e7\u0131q olar. \u00d6lk\u0259 Pezidentinin bu fikirl\u0259ri V\u0259t\u0259n m\u00fcharib\u0259sinin qalibiyy\u0259timizl\u0259 ba\u015fa \u00e7ataca\u011f\u0131na \u0259minliyi art\u0131rd\u0131,&hellip;","_links":{"self":[{"href":"https:\/\/arantv.az\/index.php?rest_route=\/wp\/v2\/posts\/722932"}],"collection":[{"href":"https:\/\/arantv.az\/index.php?rest_route=\/wp\/v2\/posts"}],"about":[{"href":"https:\/\/arantv.az\/index.php?rest_route=\/wp\/v2\/types\/post"}],"author":[{"embeddable":true,"href":"https:\/\/arantv.az\/index.php?rest_route=\/wp\/v2\/users\/2"}],"replies":[{"embeddable":true,"href":"https:\/\/arantv.az\/index.php?rest_route=%2Fwp%2Fv2%2Fcomments&post=722932"}],"version-history":[{"count":0,"href":"https:\/\/arantv.az\/index.php?rest_route=\/wp\/v2\/posts\/722932\/revisions"}],"wp:featuredmedia":[{"embeddable":true,"href":"https:\/\/arantv.az\/index.php?rest_route=\/wp\/v2\/media\/603924"}],"wp:attachment":[{"href":"https:\/\/arantv.az\/index.php?rest_route=%2Fwp%2Fv2%2Fmedia&parent=722932"}],"wp:term":[{"taxonomy":"category","embeddable":true,"href":"https:\/\/arantv.az\/index.php?rest_route=%2Fwp%2Fv2%2Fcategories&post=722932"},{"taxonomy":"post_tag","embeddable":true,"href":"https:\/\/arantv.az\/index.php?rest_route=%2Fwp%2Fv2%2Ftags&post=722932"}],"curies":[{"name":"wp","href":"https:\/\/api.w.org\/{rel}","templated":true}]}}