{"id":722945,"date":"2024-05-17T19:06:18","date_gmt":"2024-05-17T15:06:18","guid":{"rendered":"https:\/\/arantv.az\/?p=722945"},"modified":"2024-05-17T19:06:18","modified_gmt":"2024-05-17T15:06:18","slug":"socar-m%c9%99sl%c9%99h%c9%99tcil%c9%99rl%c9%99-cirkl%c9%99nmis-torpaqlarin-t%c9%99mizl%c9%99nm%c9%99sinin-diaqnostikasini-aparir","status":"publish","type":"post","link":"https:\/\/arantv.az\/?p=722945","title":{"rendered":"SOCAR m\u0259sl\u0259h\u0259t\u00e7il\u0259rl\u0259 \u00e7irkl\u0259nmi\u015f torpaqlar\u0131n t\u0259mizl\u0259nm\u0259sinin diaqnostikas\u0131n\u0131 apar\u0131r"},"content":{"rendered":"<p>\u201cHaz\u0131rda Az\u0259rbaycan D\u00f6vl\u0259t Neft \u015eirk\u0259tinin (SOCAR)\u00a01 300\u00a0hektarl\u0131q \u00e7irkl\u0259nmi\u015f \u0259razil\u0259ri var\u201d.<\/p>\n<p>\u201cReport\u201d\u00a0x\u0259b\u0259r verir ki, bunu SOCAR-\u0131n vitse-prezidenti \u018ffqan \u0130sayev \u201cAmbisiyalar\u0131n art\u0131lmas\u0131 v\u0259 f\u0259aliyy\u0259t\u0259 t\u0259kan: COP29 Dayan\u0131ql\u0131 Biznes Forumu\u201dnda deyib.<\/p>\n<p>Onun s\u00f6zl\u0259rin\u0259 g\u00f6r\u0259, bu irs d\u0259 biz\u0259 sovet vaxt\u0131ndan miras qal\u0131b: \u201cBu \u00e7irkl\u0259nmi\u015f torpaqlar\u0131n t\u0259mizl\u0259nm\u0259si \u00fc\u00e7\u00fcn m\u0259sl\u0259h\u0259t\u00e7il\u0259rl\u0259 diaqnostikan\u0131 apar\u0131r\u0131q. Torpaqlar\u0131n t\u0259rkibind\u0259ki qatq\u0131lar m\u00fc\u0259yy\u0259nl\u0259\u015fdiril\u0259c\u0259k. Bu torpaqlar\u0131n t\u0259mizl\u0259nm\u0259si\u00a0\u00fc\u00e7 m\u0259rh\u0259l\u0259d\u0259 h\u0259yata ke\u00e7iril\u0259c\u0259k\u201d<\/p>\n<p>\u018f.\u0130sayev \u0259lav\u0259 edib ki, haz\u0131rda h\u00f6kum\u0259tl\u0259 bu m\u0259s\u0259l\u0259y\u0259 bax\u0131l\u0131r: \u201cB\u0259zi institutlar da biz\u0259 k\u00f6m\u0259k edir. Bundan ba\u015fqa, Beyn\u0259lxalq Maliyy\u0259 Korporasiyas\u0131 (IFC) biz\u0259 texniki yard\u0131m layih\u0259si \u00e7\u0259r\u00e7iv\u0259sind\u0259 d\u0259st\u0259k g\u00f6st\u0259rir. \u00c7\u00fcnki SOCAR t\u0259k ba\u015f\u0131na bunu ed\u0259 bilm\u0259y\u0259c\u0259k\u201d.<\/p>\n","protected":false},"excerpt":{"rendered":"<p>\u201cHaz\u0131rda Az\u0259rbaycan D\u00f6vl\u0259t Neft \u015eirk\u0259tinin (SOCAR)\u00a01 300\u00a0hektarl\u0131q \u00e7irkl\u0259nmi\u015f \u0259razil\u0259ri var\u201d. \u201cReport\u201d\u00a0x\u0259b\u0259r verir ki, bunu SOCAR-\u0131n vitse-prezidenti \u018ffqan \u0130sayev \u201cAmbisiyalar\u0131n art\u0131lmas\u0131 v\u0259 f\u0259aliyy\u0259t\u0259 t\u0259kan: COP29 Dayan\u0131ql\u0131 Biznes Forumu\u201dnda deyib. Onun s\u00f6zl\u0259rin\u0259 g\u00f6r\u0259, bu irs d\u0259 biz\u0259 sovet vaxt\u0131ndan miras qal\u0131b: \u201cBu \u00e7irkl\u0259nmi\u015f torpaqlar\u0131n t\u0259mizl\u0259nm\u0259si \u00fc\u00e7\u00fcn m\u0259sl\u0259h\u0259t\u00e7il\u0259rl\u0259 diaqnostikan\u0131 apar\u0131r\u0131q. Torpaqlar\u0131n t\u0259rkibind\u0259ki qatq\u0131lar m\u00fc\u0259yy\u0259nl\u0259\u015fdiril\u0259c\u0259k. Bu torpaqlar\u0131n t\u0259mizl\u0259nm\u0259si\u00a0\u00fc\u00e7 m\u0259rh\u0259l\u0259d\u0259 h\u0259yata ke\u00e7iril\u0259c\u0259k\u201d \u018f.\u0130sayev \u0259lav\u0259 edib ki, haz\u0131rda h\u00f6kum\u0259tl\u0259 bu m\u0259s\u0259l\u0259y\u0259 bax\u0131l\u0131r: \u201cB\u0259zi institutlar da biz\u0259 k\u00f6m\u0259k edir. Bundan ba\u015fqa, Beyn\u0259lxalq Maliyy\u0259 Korporasiyas\u0131 (IFC) biz\u0259 texniki yard\u0131m layih\u0259si \u00e7\u0259r\u00e7iv\u0259sind\u0259 d\u0259st\u0259k g\u00f6st\u0259rir. \u00c7\u00fcnki SOCAR t\u0259k ba\u015f\u0131na bunu&hellip;<\/p>\n","protected":false},"author":2,"featured_media":722946,"comment_status":"closed","ping_status":"closed","sticky":false,"template":"","format":"standard","meta":{"om_disable_all_campaigns":false,"_monsterinsights_skip_tracking":false,"_monsterinsights_sitenote_active":false,"_monsterinsights_sitenote_note":"","_monsterinsights_sitenote_category":0},"categories":[19],"tags":[],"aioseo_notices":[],"gutentor_comment":0,"rttpg_featured_image_url":{"full":["https:\/\/arantv.az\/wp-content\/uploads\/2024\/05\/44dd93b7-df06-3d21-8a4a-91399b17df55_850.jpg",620,413,false],"landscape":["https:\/\/arantv.az\/wp-content\/uploads\/2024\/05\/44dd93b7-df06-3d21-8a4a-91399b17df55_850.jpg",620,413,false],"portraits":["https:\/\/arantv.az\/wp-content\/uploads\/2024\/05\/44dd93b7-df06-3d21-8a4a-91399b17df55_850.jpg",620,413,false],"thumbnail":["https:\/\/arantv.az\/wp-content\/uploads\/2024\/05\/44dd93b7-df06-3d21-8a4a-91399b17df55_850-500x280.jpg",500,280,true],"medium":["https:\/\/arantv.az\/wp-content\/uploads\/2024\/05\/44dd93b7-df06-3d21-8a4a-91399b17df55_850-548x365.jpg",548,365,true],"large":["https:\/\/arantv.az\/wp-content\/uploads\/2024\/05\/44dd93b7-df06-3d21-8a4a-91399b17df55_850.jpg",620,413,false],"1536x1536":["https:\/\/arantv.az\/wp-content\/uploads\/2024\/05\/44dd93b7-df06-3d21-8a4a-91399b17df55_850.jpg",620,413,false],"2048x2048":["https:\/\/arantv.az\/wp-content\/uploads\/2024\/05\/44dd93b7-df06-3d21-8a4a-91399b17df55_850.jpg",620,413,false],"post-thumbnail":["https:\/\/arantv.az\/wp-content\/uploads\/2024\/05\/44dd93b7-df06-3d21-8a4a-91399b17df55_850-240x172.jpg",240,172,true],"advps-thumb-one":["https:\/\/arantv.az\/wp-content\/uploads\/2024\/05\/44dd93b7-df06-3d21-8a4a-91399b17df55_850.jpg",620,413,false]},"rttpg_author":{"display_name":"V\u00fcsal Rafiqo\u011flu","author_link":"https:\/\/arantv.az\/?author=2"},"rttpg_comment":0,"rttpg_category":"<a href=\"https:\/\/arantv.az\/?cat=19\" rel=\"category\">G\u00fcnd\u0259m<\/a>","rttpg_excerpt":"\u201cHaz\u0131rda Az\u0259rbaycan D\u00f6vl\u0259t Neft \u015eirk\u0259tinin (SOCAR)\u00a01 300\u00a0hektarl\u0131q \u00e7irkl\u0259nmi\u015f \u0259razil\u0259ri var\u201d. \u201cReport\u201d\u00a0x\u0259b\u0259r verir ki, bunu SOCAR-\u0131n vitse-prezidenti \u018ffqan \u0130sayev \u201cAmbisiyalar\u0131n art\u0131lmas\u0131 v\u0259 f\u0259aliyy\u0259t\u0259 t\u0259kan: COP29 Dayan\u0131ql\u0131 Biznes Forumu\u201dnda deyib. Onun s\u00f6zl\u0259rin\u0259 g\u00f6r\u0259, bu irs d\u0259 biz\u0259 sovet vaxt\u0131ndan miras qal\u0131b: \u201cBu \u00e7irkl\u0259nmi\u015f torpaqlar\u0131n t\u0259mizl\u0259nm\u0259si \u00fc\u00e7\u00fcn m\u0259sl\u0259h\u0259t\u00e7il\u0259rl\u0259 diaqnostikan\u0131 apar\u0131r\u0131q. Torpaqlar\u0131n t\u0259rkibind\u0259ki qatq\u0131lar m\u00fc\u0259yy\u0259nl\u0259\u015fdiril\u0259c\u0259k. Bu torpaqlar\u0131n t\u0259mizl\u0259nm\u0259si\u00a0\u00fc\u00e7 m\u0259rh\u0259l\u0259d\u0259&hellip;","_links":{"self":[{"href":"https:\/\/arantv.az\/index.php?rest_route=\/wp\/v2\/posts\/722945"}],"collection":[{"href":"https:\/\/arantv.az\/index.php?rest_route=\/wp\/v2\/posts"}],"about":[{"href":"https:\/\/arantv.az\/index.php?rest_route=\/wp\/v2\/types\/post"}],"author":[{"embeddable":true,"href":"https:\/\/arantv.az\/index.php?rest_route=\/wp\/v2\/users\/2"}],"replies":[{"embeddable":true,"href":"https:\/\/arantv.az\/index.php?rest_route=%2Fwp%2Fv2%2Fcomments&post=722945"}],"version-history":[{"count":0,"href":"https:\/\/arantv.az\/index.php?rest_route=\/wp\/v2\/posts\/722945\/revisions"}],"wp:featuredmedia":[{"embeddable":true,"href":"https:\/\/arantv.az\/index.php?rest_route=\/wp\/v2\/media\/722946"}],"wp:attachment":[{"href":"https:\/\/arantv.az\/index.php?rest_route=%2Fwp%2Fv2%2Fmedia&parent=722945"}],"wp:term":[{"taxonomy":"category","embeddable":true,"href":"https:\/\/arantv.az\/index.php?rest_route=%2Fwp%2Fv2%2Fcategories&post=722945"},{"taxonomy":"post_tag","embeddable":true,"href":"https:\/\/arantv.az\/index.php?rest_route=%2Fwp%2Fv2%2Ftags&post=722945"}],"curies":[{"name":"wp","href":"https:\/\/api.w.org\/{rel}","templated":true}]}}