{"id":723239,"date":"2024-05-20T10:54:04","date_gmt":"2024-05-20T06:54:04","guid":{"rendered":"https:\/\/arantv.az\/?p=723239"},"modified":"2024-05-20T10:54:04","modified_gmt":"2024-05-20T06:54:04","slug":"iran-xin-bascisinin-q%c9%99zadan-%c9%99vv%c9%99lki-fotosu-yayildi","status":"publish","type":"post","link":"https:\/\/arantv.az\/?p=723239","title":{"rendered":"\u0130ran X\u0130N ba\u015f\u00e7\u0131s\u0131n\u0131n q\u0259zadan \u0259vv\u0259lki FOTOsu YAYILDI"},"content":{"rendered":"<p><strong>\u0130ran medias\u0131nda \u00f6t\u0259n g\u00fcn q\u0259zaya u\u011frayan, i\u00e7\u0259risind\u0259 \u00f6lk\u0259 prezidenti v\u0259 X\u0130N ba\u015f\u00e7\u0131s\u0131n\u0131n da oldu\u011fu t\u0259yyar\u0259d\u0259 \u00e7\u0259kil\u0259n Xarici \u0130\u015fl\u0259r Naziri H\u00fcseyn \u018fmir Abdullahiana m\u0259xsus olan foto yay\u0131mlan\u0131b.<\/strong><\/p>\n<p><b>ARANTV.AZ <\/b>x\u0259b\u0259r verir ki, ehtimal edirilir ki, X\u0130N ba\u015f\u00e7\u0131s\u0131s\u0131n\u0131n g\u00f6r\u00fcnt\u00fcs\u00fc onun telefonundan tap\u0131l\u0131b.<\/p>\n<p><strong>H\u0259min fotonu t\u0259qdim edirik.\u00a0<\/strong><\/p>\n<p><strong><iframe loading=\"lazy\" id=\"telegram-post-TVmusavat-86231\" src=\"https:\/\/t.me\/TVmusavat\/86231?embed=1\" width=\"100%\" height=\"\" frameborder=\"0\" scrolling=\"no\" data-mce-fragment=\"1\"><\/iframe><\/strong><\/p>\n","protected":false},"excerpt":{"rendered":"<p>\u0130ran medias\u0131nda \u00f6t\u0259n g\u00fcn q\u0259zaya u\u011frayan, i\u00e7\u0259risind\u0259 \u00f6lk\u0259 prezidenti v\u0259 X\u0130N ba\u015f\u00e7\u0131s\u0131n\u0131n da oldu\u011fu t\u0259yyar\u0259d\u0259 \u00e7\u0259kil\u0259n Xarici \u0130\u015fl\u0259r Naziri H\u00fcseyn \u018fmir Abdullahiana m\u0259xsus olan foto yay\u0131mlan\u0131b. ARANTV.AZ x\u0259b\u0259r verir ki, ehtimal edirilir ki, X\u0130N ba\u015f\u00e7\u0131s\u0131s\u0131n\u0131n g\u00f6r\u00fcnt\u00fcs\u00fc onun telefonundan tap\u0131l\u0131b. H\u0259min fotonu t\u0259qdim edirik.\u00a0<\/p>\n","protected":false},"author":2,"featured_media":723240,"comment_status":"closed","ping_status":"closed","sticky":false,"template":"","format":"standard","meta":{"om_disable_all_campaigns":false,"_monsterinsights_skip_tracking":false,"_monsterinsights_sitenote_active":false,"_monsterinsights_sitenote_note":"","_monsterinsights_sitenote_category":0},"categories":[19],"tags":[],"aioseo_notices":[],"gutentor_comment":0,"rttpg_featured_image_url":{"full":["https:\/\/arantv.az\/wp-content\/uploads\/2024\/05\/974c103a1203d1dd958aa07ccc35972b.jpg",650,353,false],"landscape":["https:\/\/arantv.az\/wp-content\/uploads\/2024\/05\/974c103a1203d1dd958aa07ccc35972b.jpg",650,353,false],"portraits":["https:\/\/arantv.az\/wp-content\/uploads\/2024\/05\/974c103a1203d1dd958aa07ccc35972b.jpg",650,353,false],"thumbnail":["https:\/\/arantv.az\/wp-content\/uploads\/2024\/05\/974c103a1203d1dd958aa07ccc35972b-500x280.jpg",500,280,true],"medium":["https:\/\/arantv.az\/wp-content\/uploads\/2024\/05\/974c103a1203d1dd958aa07ccc35972b.jpg",650,353,false],"large":["https:\/\/arantv.az\/wp-content\/uploads\/2024\/05\/974c103a1203d1dd958aa07ccc35972b.jpg",640,348,false],"1536x1536":["https:\/\/arantv.az\/wp-content\/uploads\/2024\/05\/974c103a1203d1dd958aa07ccc35972b.jpg",650,353,false],"2048x2048":["https:\/\/arantv.az\/wp-content\/uploads\/2024\/05\/974c103a1203d1dd958aa07ccc35972b.jpg",650,353,false],"post-thumbnail":["https:\/\/arantv.az\/wp-content\/uploads\/2024\/05\/974c103a1203d1dd958aa07ccc35972b-240x172.jpg",240,172,true],"advps-thumb-one":["https:\/\/arantv.az\/wp-content\/uploads\/2024\/05\/974c103a1203d1dd958aa07ccc35972b.jpg",650,353,false]},"rttpg_author":{"display_name":"V\u00fcsal Rafiqo\u011flu","author_link":"https:\/\/arantv.az\/?author=2"},"rttpg_comment":0,"rttpg_category":"<a href=\"https:\/\/arantv.az\/?cat=19\" rel=\"category\">G\u00fcnd\u0259m<\/a>","rttpg_excerpt":"\u0130ran medias\u0131nda \u00f6t\u0259n g\u00fcn q\u0259zaya u\u011frayan, i\u00e7\u0259risind\u0259 \u00f6lk\u0259 prezidenti v\u0259 X\u0130N ba\u015f\u00e7\u0131s\u0131n\u0131n da oldu\u011fu t\u0259yyar\u0259d\u0259 \u00e7\u0259kil\u0259n Xarici \u0130\u015fl\u0259r Naziri H\u00fcseyn \u018fmir Abdullahiana m\u0259xsus olan foto yay\u0131mlan\u0131b. ARANTV.AZ x\u0259b\u0259r verir ki, ehtimal edirilir ki, X\u0130N ba\u015f\u00e7\u0131s\u0131s\u0131n\u0131n g\u00f6r\u00fcnt\u00fcs\u00fc onun telefonundan tap\u0131l\u0131b. H\u0259min fotonu t\u0259qdim edirik.\u00a0","_links":{"self":[{"href":"https:\/\/arantv.az\/index.php?rest_route=\/wp\/v2\/posts\/723239"}],"collection":[{"href":"https:\/\/arantv.az\/index.php?rest_route=\/wp\/v2\/posts"}],"about":[{"href":"https:\/\/arantv.az\/index.php?rest_route=\/wp\/v2\/types\/post"}],"author":[{"embeddable":true,"href":"https:\/\/arantv.az\/index.php?rest_route=\/wp\/v2\/users\/2"}],"replies":[{"embeddable":true,"href":"https:\/\/arantv.az\/index.php?rest_route=%2Fwp%2Fv2%2Fcomments&post=723239"}],"version-history":[{"count":0,"href":"https:\/\/arantv.az\/index.php?rest_route=\/wp\/v2\/posts\/723239\/revisions"}],"wp:featuredmedia":[{"embeddable":true,"href":"https:\/\/arantv.az\/index.php?rest_route=\/wp\/v2\/media\/723240"}],"wp:attachment":[{"href":"https:\/\/arantv.az\/index.php?rest_route=%2Fwp%2Fv2%2Fmedia&parent=723239"}],"wp:term":[{"taxonomy":"category","embeddable":true,"href":"https:\/\/arantv.az\/index.php?rest_route=%2Fwp%2Fv2%2Fcategories&post=723239"},{"taxonomy":"post_tag","embeddable":true,"href":"https:\/\/arantv.az\/index.php?rest_route=%2Fwp%2Fv2%2Ftags&post=723239"}],"curies":[{"name":"wp","href":"https:\/\/api.w.org\/{rel}","templated":true}]}}