{"id":723252,"date":"2024-05-20T10:58:27","date_gmt":"2024-05-20T06:58:27","guid":{"rendered":"https:\/\/arantv.az\/?p=723252"},"modified":"2024-05-20T10:58:27","modified_gmt":"2024-05-20T06:58:27","slug":"mm-in-komit%c9%99-s%c9%99dri-turkpa-nin-iclasinda-istirak-ucun-turkiy%c9%99y%c9%99-gedir","status":"publish","type":"post","link":"https:\/\/arantv.az\/?p=723252","title":{"rendered":"MM-in komit\u0259 s\u0259dri T\u00dcRKPA-n\u0131n iclas\u0131nda i\u015ftirak \u00fc\u00e7\u00fcn T\u00fcrkiy\u0259y\u0259 gedir"},"content":{"rendered":"<p>Milli M\u0259clisin M\u00fcdafi\u0259, t\u0259hl\u00fck\u0259sizlik v\u0259 korrupsiya il\u0259 m\u00fcbariz\u0259 komit\u0259sinin s\u0259dri Ziyaf\u0259t \u018fsg\u0259rov 21-24 mayda T\u00dcRKPA-ya \u00fczv \u00f6lk\u0259l\u0259rin parlamentl\u0259rinin M\u00fcdafi\u0259 m\u0259s\u0259l\u0259l\u0259ri komit\u0259l\u0259rinin s\u0259drl\u0259ri \u00fc\u00e7\u00fcn t\u0259\u015fkil olunmu\u015f t\u0259dbirl\u0259rd\u0259 i\u015ftirak etm\u0259k \u00fc\u00e7\u00fcn T\u00fcrkiy\u0259nin Ankara v\u0259 \u0130stanbul \u015f\u0259h\u0259rl\u0259rin\u0259 s\u0259f\u0259r ed\u0259c\u0259k.<\/p>\n<p>Bu bar\u0259d\u0259\u00a0&#8220;\u0130ki sahil&#8221;\u0259 parlamentin M\u0259tbuat v\u0259 ictimaiyy\u0259tl\u0259 \u0259laq\u0259l\u0259r \u015f\u00f6b\u0259sind\u0259n m\u0259lumat verilib.<\/p>\n<p>T\u0259dbirl\u0259r \u00e7\u0259r\u00e7iv\u0259sind\u0259 komit\u0259 s\u0259drinin \u201cT\u00dcRKPA \u00fczv d\u00f6vl\u0259tl\u0259ri aras\u0131nda m\u00fcdafi\u0259 v\u0259 t\u0259hl\u00fck\u0259sizlik arxitekturas\u0131\u201d m\u00f6vzusunda ke\u00e7iril\u0259c\u0259k iclasda i\u015ftirak\u0131, h\u0259m\u00e7inin T\u00fcrkiy\u0259 Aerokosmik S\u0259nayesin\u0259, ASELSAN Akyurt kompleksin\u0259 v\u0259 Baykar \u015firk\u0259tin\u0259 s\u0259f\u0259rl\u0259ri n\u0259z\u0259rd\u0259 tutulur.<\/p>\n<p>S\u0259f\u0259r may\u0131n 24-d\u0259 ba\u015fa \u00e7atacaq.<\/p>\n","protected":false},"excerpt":{"rendered":"<p>Milli M\u0259clisin M\u00fcdafi\u0259, t\u0259hl\u00fck\u0259sizlik v\u0259 korrupsiya il\u0259 m\u00fcbariz\u0259 komit\u0259sinin s\u0259dri Ziyaf\u0259t \u018fsg\u0259rov 21-24 mayda T\u00dcRKPA-ya \u00fczv \u00f6lk\u0259l\u0259rin parlamentl\u0259rinin M\u00fcdafi\u0259 m\u0259s\u0259l\u0259l\u0259ri komit\u0259l\u0259rinin s\u0259drl\u0259ri \u00fc\u00e7\u00fcn t\u0259\u015fkil olunmu\u015f t\u0259dbirl\u0259rd\u0259 i\u015ftirak etm\u0259k \u00fc\u00e7\u00fcn T\u00fcrkiy\u0259nin Ankara v\u0259 \u0130stanbul \u015f\u0259h\u0259rl\u0259rin\u0259 s\u0259f\u0259r ed\u0259c\u0259k. Bu bar\u0259d\u0259\u00a0&#8220;\u0130ki sahil&#8221;\u0259 parlamentin M\u0259tbuat v\u0259 ictimaiyy\u0259tl\u0259 \u0259laq\u0259l\u0259r \u015f\u00f6b\u0259sind\u0259n m\u0259lumat verilib. T\u0259dbirl\u0259r \u00e7\u0259r\u00e7iv\u0259sind\u0259 komit\u0259 s\u0259drinin \u201cT\u00dcRKPA \u00fczv d\u00f6vl\u0259tl\u0259ri aras\u0131nda m\u00fcdafi\u0259 v\u0259 t\u0259hl\u00fck\u0259sizlik arxitekturas\u0131\u201d m\u00f6vzusunda ke\u00e7iril\u0259c\u0259k iclasda i\u015ftirak\u0131, h\u0259m\u00e7inin T\u00fcrkiy\u0259 Aerokosmik S\u0259nayesin\u0259, ASELSAN Akyurt kompleksin\u0259 v\u0259 Baykar \u015firk\u0259tin\u0259 s\u0259f\u0259rl\u0259ri n\u0259z\u0259rd\u0259 tutulur. S\u0259f\u0259r may\u0131n 24-d\u0259 ba\u015fa \u00e7atacaq.<\/p>\n","protected":false},"author":2,"featured_media":723253,"comment_status":"closed","ping_status":"closed","sticky":false,"template":"","format":"standard","meta":{"om_disable_all_campaigns":false,"_monsterinsights_skip_tracking":false,"_monsterinsights_sitenote_active":false,"_monsterinsights_sitenote_note":"","_monsterinsights_sitenote_category":0},"categories":[4],"tags":[],"aioseo_notices":[],"gutentor_comment":0,"rttpg_featured_image_url":{"full":["https:\/\/arantv.az\/wp-content\/uploads\/2024\/05\/84a529a9166867382682133779510477782.jpg",975,540,false],"landscape":["https:\/\/arantv.az\/wp-content\/uploads\/2024\/05\/84a529a9166867382682133779510477782.jpg",975,540,false],"portraits":["https:\/\/arantv.az\/wp-content\/uploads\/2024\/05\/84a529a9166867382682133779510477782.jpg",975,540,false],"thumbnail":["https:\/\/arantv.az\/wp-content\/uploads\/2024\/05\/84a529a9166867382682133779510477782-500x280.jpg",500,280,true],"medium":["https:\/\/arantv.az\/wp-content\/uploads\/2024\/05\/84a529a9166867382682133779510477782-660x365.jpg",660,365,true],"large":["https:\/\/arantv.az\/wp-content\/uploads\/2024\/05\/84a529a9166867382682133779510477782-840x465.jpg",640,354,true],"1536x1536":["https:\/\/arantv.az\/wp-content\/uploads\/2024\/05\/84a529a9166867382682133779510477782.jpg",975,540,false],"2048x2048":["https:\/\/arantv.az\/wp-content\/uploads\/2024\/05\/84a529a9166867382682133779510477782.jpg",975,540,false],"post-thumbnail":["https:\/\/arantv.az\/wp-content\/uploads\/2024\/05\/84a529a9166867382682133779510477782-240x172.jpg",240,172,true],"advps-thumb-one":["https:\/\/arantv.az\/wp-content\/uploads\/2024\/05\/84a529a9166867382682133779510477782.jpg",975,540,false]},"rttpg_author":{"display_name":"V\u00fcsal Rafiqo\u011flu","author_link":"https:\/\/arantv.az\/?author=2"},"rttpg_comment":0,"rttpg_category":"<a href=\"https:\/\/arantv.az\/?cat=4\" rel=\"category\">Siyas\u0259t<\/a>","rttpg_excerpt":"Milli M\u0259clisin M\u00fcdafi\u0259, t\u0259hl\u00fck\u0259sizlik v\u0259 korrupsiya il\u0259 m\u00fcbariz\u0259 komit\u0259sinin s\u0259dri Ziyaf\u0259t \u018fsg\u0259rov 21-24 mayda T\u00dcRKPA-ya \u00fczv \u00f6lk\u0259l\u0259rin parlamentl\u0259rinin M\u00fcdafi\u0259 m\u0259s\u0259l\u0259l\u0259ri komit\u0259l\u0259rinin s\u0259drl\u0259ri \u00fc\u00e7\u00fcn t\u0259\u015fkil olunmu\u015f t\u0259dbirl\u0259rd\u0259 i\u015ftirak etm\u0259k \u00fc\u00e7\u00fcn T\u00fcrkiy\u0259nin Ankara v\u0259 \u0130stanbul \u015f\u0259h\u0259rl\u0259rin\u0259 s\u0259f\u0259r ed\u0259c\u0259k. Bu bar\u0259d\u0259\u00a0&#8220;\u0130ki sahil&#8221;\u0259 parlamentin M\u0259tbuat v\u0259 ictimaiyy\u0259tl\u0259 \u0259laq\u0259l\u0259r \u015f\u00f6b\u0259sind\u0259n m\u0259lumat verilib. T\u0259dbirl\u0259r \u00e7\u0259r\u00e7iv\u0259sind\u0259 komit\u0259 s\u0259drinin \u201cT\u00dcRKPA \u00fczv d\u00f6vl\u0259tl\u0259ri aras\u0131nda&hellip;","_links":{"self":[{"href":"https:\/\/arantv.az\/index.php?rest_route=\/wp\/v2\/posts\/723252"}],"collection":[{"href":"https:\/\/arantv.az\/index.php?rest_route=\/wp\/v2\/posts"}],"about":[{"href":"https:\/\/arantv.az\/index.php?rest_route=\/wp\/v2\/types\/post"}],"author":[{"embeddable":true,"href":"https:\/\/arantv.az\/index.php?rest_route=\/wp\/v2\/users\/2"}],"replies":[{"embeddable":true,"href":"https:\/\/arantv.az\/index.php?rest_route=%2Fwp%2Fv2%2Fcomments&post=723252"}],"version-history":[{"count":0,"href":"https:\/\/arantv.az\/index.php?rest_route=\/wp\/v2\/posts\/723252\/revisions"}],"wp:featuredmedia":[{"embeddable":true,"href":"https:\/\/arantv.az\/index.php?rest_route=\/wp\/v2\/media\/723253"}],"wp:attachment":[{"href":"https:\/\/arantv.az\/index.php?rest_route=%2Fwp%2Fv2%2Fmedia&parent=723252"}],"wp:term":[{"taxonomy":"category","embeddable":true,"href":"https:\/\/arantv.az\/index.php?rest_route=%2Fwp%2Fv2%2Fcategories&post=723252"},{"taxonomy":"post_tag","embeddable":true,"href":"https:\/\/arantv.az\/index.php?rest_route=%2Fwp%2Fv2%2Ftags&post=723252"}],"curies":[{"name":"wp","href":"https:\/\/api.w.org\/{rel}","templated":true}]}}