{"id":723264,"date":"2024-05-20T11:50:30","date_gmt":"2024-05-20T07:50:30","guid":{"rendered":"https:\/\/arantv.az\/?p=723264"},"modified":"2024-05-20T11:50:30","modified_gmt":"2024-05-20T07:50:30","slug":"munasib%c9%99tl%c9%99rimizin-g%c9%99l%c9%99c%c9%99k-inkisafinin-yol-x%c9%99rit%c9%99si-movcuddur","status":"publish","type":"post","link":"https:\/\/arantv.az\/?p=723264","title":{"rendered":"M\u00fcnasib\u0259tl\u0259rimizin g\u0259l\u0259c\u0259k inki\u015faf\u0131n\u0131n yol x\u0259rit\u0259si m\u00f6vcuddur"},"content":{"rendered":"<p><strong>F\u0259q\u0259t \u015eadlinskaya<\/strong><\/p>\n<p><strong>YAP B\u0259rd\u0259 rayon t\u0259\u015fkilat\u0131n\u0131n s\u0259dri<\/strong><\/p>\n<p>Xarici siyas\u0259timizin prioritet istiqam\u0259tl\u0259rind\u0259n biri ikit\u0259r\u0259fli \u0259laq\u0259l\u0259rin qurulmas\u0131 v\u0259 inki\u015faf etdirilm\u0259sidir. Az\u0259rbaycan yeni dostlar v\u0259 t\u0259r\u0259fda\u015flar qazanmaqla yana\u015f\u0131, m\u00f6vcud ikit\u0259r\u0259fli \u0259laq\u0259l\u0259r\u0259 d\u0259 \u0259lav\u0259l\u0259r edir v\u0259 yeni istiqam\u0259tl\u0259r \u00fczr\u0259 inki\u015faf etdirilm\u0259sin\u0259 s\u0259y g\u00f6st\u0259rir. May\u0131n 16-17 tarixl\u0259rind\u0259 Belarus Prezidenti Aleksandr Luka\u015fenko \u00f6lk\u0259mizd\u0259 d\u00f6vl\u0259t s\u0259f\u0259rind\u0259 oldu. Z\u0259ngin tarix\u0259 malik olan iki \u00f6lk\u0259nin \u0259laq\u0259l\u0259ri qar\u015f\u0131l\u0131ql\u0131 etimad \u0259sas\u0131nda bug\u00fcn\u0259d\u0259k u\u011furla inki\u015faf edir v\u0259 g\u0259l\u0259c\u0259k \u00fc\u00e7\u00fcn b\u00f6y\u00fck potensiala malikdirl\u0259r. Prezidentl\u0259rin t\u0259kb\u0259t\u0259k v\u0259 geni\u015f t\u0259rkibd\u0259 g\u00f6r\u00fc\u015fl\u0259ri, eyni zamanda, m\u0259tbuata birg\u0259 b\u0259yanatlar\u0131 b\u00fct\u00fcn bu m\u0259qamlara i\u015f\u0131q sald\u0131.<\/p>\n<p>D\u00f6vl\u0259t ba\u015f\u00e7\u0131s\u0131 \u0130lham \u018fliyev m\u0259tbuata b\u0259yanat\u0131nda bel\u0259 bir \u0259minliyi ifad\u0259 etdi ki, g\u0259l\u0259c\u0259kd\u0259, h\u0259m d\u0259 \u00e7ox uzaq olmayan g\u0259l\u0259c\u0259kd\u0259 m\u00fcnasib\u0259tl\u0259rimizin yeni h\u00fcdudlar\u0131n\u0131, yeni m\u00fc\u0259ssis\u0259l\u0259ri, yeni i\u015f yerl\u0259rini, h\u0259m\u00e7inin \u0259m\u0259kda\u015fl\u0131\u011f\u0131n yeni istiqam\u0259tl\u0259rini g\u00f6r\u0259c\u0259yik. Belarus \u015firk\u0259tl\u0259rini Qaraba\u011f v\u0259 \u015e\u0259rqi Z\u0259ng\u0259zur b\u00f6lg\u0259l\u0259rinin b\u0259rpas\u0131nda f\u0259al i\u015ftirak etm\u0259y\u0259 d\u0259v\u0259t etmi\u015f\u0259m. Haz\u0131rda g\u00f6rd\u00fcy\u00fcm\u00fcz v\u0259 h\u0259yata ke\u00e7ir\u0259c\u0259yimiz i\u015fl\u0259rin miqyas\u0131 \u00e7ox geni\u015fdir. \u00d6lk\u0259 Prezidenti i\u015f\u011fallan azad edilmi\u015f torpaqlar\u0131m\u0131zda apar\u0131lan geni\u015fmiqyasl\u0131 b\u0259rpa-quruculuq i\u015fl\u0259ri bar\u0259d\u0259 \u0259trafl\u0131 b\u0259hs etdi v\u0259 bu m\u0259qam\u0131 qeyd etdi ki, \u0259razini s\u0131f\u0131rdan b\u0259rpa etm\u0259k laz\u0131m g\u0259lir. \u0130\u015f\u011fal ill\u0259rind\u0259 h\u0259r \u015fey da\u011f\u0131d\u0131l\u0131b. \u0130nfrastrukturu, ya\u015fay\u0131\u015f sah\u0259l\u0259rini, ictimai binalar\u0131, tarixi abid\u0259l\u0259ri v\u0259 dig\u0259rl\u0259rini s\u0131f\u0131rdan b\u0259rpa etm\u0259k laz\u0131m g\u0259lir. Ona g\u00f6r\u0259 d\u0259 Belarus \u015firk\u0259tl\u0259rini bu proses\u0259 f\u0259al qo\u015fulma\u011fa d\u0259v\u0259t edirik: \u201cBelarusun \u00e7ox yax\u015f\u0131 \u015f\u0259h\u0259rsalma t\u0259cr\u00fcb\u0259si, m\u00fcasir texnologiyalar\u0131, &#8211; bu bar\u0259d\u0259 d\u0259 dan\u0131\u015fd\u0131q, &#8211; aqro\u015f\u0259h\u0259rcikl\u0259rin tikintisi t\u0259cr\u00fcb\u0259si var. \u018flb\u0259tt\u0259, bizim birinci d\u0259r\u0259c\u0259li v\u0259zif\u0259miz ke\u00e7mi\u015f m\u0259cburi k\u00f6\u00e7k\u00fcnl\u0259ri tikil\u0259c\u0259k do\u011fma evl\u0259rin\u0259 m\u00fcmk\u00fcn q\u0259d\u0259r tez qaytarmaqd\u0131r. H\u0259m\u00e7inin onlar\u0131 m\u00fcvafiq i\u015fl\u0259 t\u0259min etm\u0259k laz\u0131md\u0131r ki, azad olunmu\u015f \u0259razil\u0259r\u0259 qay\u0131danlar da y\u00fcks\u0259k \u0259m\u0259khaqq\u0131 olan i\u015fl\u0259rd\u0259 \u00e7al\u0131\u015fs\u0131nlar.\u201d<\/p>\n<p>C\u0259nab \u0130lham \u018fliyev onu da qeyd etdi ki, Prezident Aleksandr Luka\u015fenkoya C\u0259nubi Qafqaz regionunda postm\u00fcnaqi\u015f\u0259 \u015f\u0259raiti haqq\u0131nda m\u0259lumat verib. H\u0259m\u00e7inin d\u00fcnya siyas\u0259tinin aktual m\u0259s\u0259l\u0259l\u0259ri \u00fczr\u0259 d\u0259 fikir m\u00fcbadil\u0259si apar\u0131ld\u0131. \u00a0D\u00fcnyada v\u0259ziyy\u0259t s\u00fcr\u0259tl\u0259 v\u0259 bir qayda olaraq m\u0259nfi istiqam\u0259td\u0259 d\u0259yi\u015fir. Yeni m\u00fcnaqi\u015f\u0259l\u0259r, yeni qeyri-sabitlik ocaqlar\u0131 yaran\u0131r. T\u0259\u0259ss\u00fcf ki, bir qayda olaraq m\u00f6vcud m\u00fcnaqi\u015f\u0259l\u0259r \u00f6z h\u0259llini tapm\u0131r. C\u0259nubi Qafqazda Az\u0259rbaycan beyn\u0259lxalq h\u00fcquqa, BMT T\u0259hl\u00fck\u0259sizlik \u015euras\u0131n\u0131n q\u0259tnam\u0259l\u0259rin\u0259, BMT-nin Nizamnam\u0259sin\u0259 v\u0259 b\u00fct\u00fcn d\u00fcnya ictimaiyy\u0259tinin bu g\u00fcn tan\u0131d\u0131\u011f\u0131 beyn\u0259lxalq humanitar h\u00fcquqa tam uy\u011fun olaraq m\u00fcnaqi\u015f\u0259ni h\u0259rbi-siyasi yolla \u00a0h\u0259ll etdi: \u201c\u018flb\u0259tt\u0259 ki, diskussiyalar \u00fc\u00e7\u00fcn m\u00f6vzu olduqca \u00e7oxdur. Biz Aleksandr Qriqoryevi\u00e7l\u0259 art\u0131q son 20 ild\u0259 f\u0259al i\u015fl\u0259yirik. Bu ill\u0259r \u0259rzind\u0259 m\u00fcxt\u0259lif \u015f\u0259raitl\u0259rd\u0259 h\u0259mi\u015f\u0259 d\u0259y\u0259rl\u0259rimiz\u0259 &#8211; xeyirxahl\u0131\u011fa, l\u0259yaq\u0259t\u0259, m\u00fcnasib\u0259tl\u0259rd\u0259 d\u00fcr\u00fcstl\u00fcy\u0259 v\u0259 n\u0259tic\u0259y\u0259 h\u0259d\u0259fl\u0259nm\u0259y\u0259 sadiqliyimizi qoruyub saxlam\u0131\u015f\u0131q. D\u00fc\u015f\u00fcn\u00fcr\u0259m ki, \u00f6lk\u0259l\u0259rimizin r\u0259hb\u0259rl\u0259ri aras\u0131nda etimada \u0259saslanan m\u00fcnasib\u0259tl\u0259r t\u0259bii olaraq b\u00fct\u00fcn dig\u0259r d\u00f6vl\u0259t qulluq\u00e7ular\u0131na impuls verir ki, onlar, h\u0259m\u00e7inin \u00f6z aralar\u0131nda \u00fcnsiyy\u0259t saxlas\u0131nlar, \u00e7al\u0131\u015fs\u0131nlar, dostluq etsinl\u0259r, \u00f6z \u00f6lk\u0259l\u0259rinin rifah\u0131 v\u0259 \u00f6lk\u0259l\u0259rimiz aras\u0131nda dostluq m\u00fcnasib\u0259tl\u0259rinin m\u00f6hk\u0259ml\u0259ndirilm\u0259si namin\u0259 f\u0259aliyy\u0259t g\u00f6st\u0259rsinl\u0259r. Z\u0259nnimc\u0259, bu g\u00fcn bu m\u00fcnasib\u0259tl\u0259rin dostluq xarakteri da\u015f\u0131mas\u0131 \u0259yani \u015f\u0259kild\u0259 n\u00fcmayi\u015f etdirilir.\u201d<\/p>\n<p>Belarus Prezidenti \u0259laq\u0259l\u0259rimizin u\u011furlu inki\u015faf\u0131ndan m\u0259mnunlu\u011funu ifad\u0259 etdi. D\u0259f\u0259l\u0259rl\u0259 qeyd etdi ki, Az\u0259rbaycan v\u0259 Belarus qarda\u015f v\u0259 \u00e7ox dost \u00f6lk\u0259l\u0259rdir. Xalqlar\u0131m\u0131z aras\u0131nda s\u0131x ba\u011fl\u0131l\u0131q var. Az\u0259rbaycanda son ill\u0259r qazan\u0131lan u\u011furlardan geni\u015f b\u0259hs ed\u0259n Belarus Prezidenti torpaqlar\u0131m\u0131z\u0131n azad edilm\u0259sind\u0259n v\u0259 bu \u0259razil\u0259rd\u0259 geni\u015fmiqyasl\u0131 b\u0259rpa i\u015fl\u0259rinin apar\u0131lmas\u0131ndan b\u00f6y\u00fck sevinc hissi il\u0259 dan\u0131\u015fd\u0131. \u00d6lk\u0259sinin bu i\u015fl\u0259r\u0259 d\u0259st\u0259k g\u00f6st\u0259rm\u0259y\u0259 haz\u0131r oldu\u011funu bildir\u0259n Aleksandr Luka\u015fenko vur\u011fulad\u0131 ki, torpaqlar\u0131n\u0131z\u0131 qaytarma\u011f\u0131n\u0131z v\u0259 onu dir\u00e7\u0259ltm\u0259yiniz \u0259srl\u0259r boyu, uzun ill\u0259r yadda\u015flarda qalacaq. \u018fg\u0259r h\u0259min torpaqlar\u0131n dir\u00e7\u0259ldilm\u0259si \u00fczr\u0259 bu b\u00f6y\u00fck prosesd\u0259 biz\u0259 yer tap\u0131larsa, onda bu y\u00fck\u00fcn alt\u0131na girm\u0259y\u0259 haz\u0131r\u0131q v\u0259 bu, sizin \u00fc\u00e7\u00fcn s\u0259rf\u0259li olacaq. M\u0259suliyy\u0259tl\u0259 bildirir\u0259m ki, bunu b\u00f6y\u00fck m\u0259mnuniyy\u0259tl\u0259 v\u0259 d\u00fcnyada he\u00e7 kimin ed\u0259 bilm\u0259y\u0259c\u0259yi s\u0259viyy\u0259d\u0259 ed\u0259c\u0259yik. \u00c7\u00fcnki Belarusun v\u0259 Az\u0259rbaycan\u0131n qarda\u015f xalqlar\u0131 aras\u0131nda d\u0259rin h\u00f6rm\u0259t v\u0259 m\u00fcnasib\u0259tl\u0259r var. Belarus Prezidenti onu da \u0259lav\u0259 etdi ki, bizim ir\u0259lil\u0259diyimiz v\u0259 t\u0259xmin\u0259n 400 milyon dollar \u0259mt\u0259\u0259 d\u00f6vriyy\u0259sin\u0259 \u00e7atd\u0131rd\u0131\u011f\u0131m\u0131z bir yol x\u0259rit\u0259miz var. Bu yol x\u0259rit\u0259si H\u00f6kum\u0259tl\u0259raras\u0131 Komissiyan\u0131n Minskd\u0259 ke\u00e7iril\u0259c\u0259k n\u00f6vb\u0259ti iclas\u0131nda bug\u00fcnk\u00fc raz\u0131la\u015fmalar v\u0259 nazirl\u0259rimizin burada iki g\u00fcn \u0259rzind\u0259 \u00e7al\u0131\u015fd\u0131qlar\u0131, h\u0259l\u0259 \u00fcz\u0259rind\u0259 i\u015fl\u0259y\u0259c\u0259kl\u0259ri m\u0259s\u0259l\u0259l\u0259r n\u0259z\u0259r\u0259 al\u0131nmaqla aktualla\u015fd\u0131r\u0131lacaq. B\u0259zi m\u0259s\u0259l\u0259l\u0259r art\u0131q k\u00f6hn\u0259lib, yeni probleml\u0259r meydana \u00e7\u0131x\u0131r. B\u00fct\u00fcn bunlar h\u0259min planda \u00f6z \u0259ksini tapacaq.<\/p>\n","protected":false},"excerpt":{"rendered":"<p>F\u0259q\u0259t \u015eadlinskaya YAP B\u0259rd\u0259 rayon t\u0259\u015fkilat\u0131n\u0131n s\u0259dri Xarici siyas\u0259timizin prioritet istiqam\u0259tl\u0259rind\u0259n biri ikit\u0259r\u0259fli \u0259laq\u0259l\u0259rin qurulmas\u0131 v\u0259 inki\u015faf etdirilm\u0259sidir. Az\u0259rbaycan yeni dostlar v\u0259 t\u0259r\u0259fda\u015flar qazanmaqla yana\u015f\u0131, m\u00f6vcud ikit\u0259r\u0259fli \u0259laq\u0259l\u0259r\u0259 d\u0259 \u0259lav\u0259l\u0259r edir v\u0259 yeni istiqam\u0259tl\u0259r \u00fczr\u0259 inki\u015faf etdirilm\u0259sin\u0259 s\u0259y g\u00f6st\u0259rir. May\u0131n 16-17 tarixl\u0259rind\u0259 Belarus Prezidenti Aleksandr Luka\u015fenko \u00f6lk\u0259mizd\u0259 d\u00f6vl\u0259t s\u0259f\u0259rind\u0259 oldu. Z\u0259ngin tarix\u0259 malik olan iki \u00f6lk\u0259nin \u0259laq\u0259l\u0259ri qar\u015f\u0131l\u0131ql\u0131 etimad \u0259sas\u0131nda bug\u00fcn\u0259d\u0259k u\u011furla inki\u015faf edir v\u0259 g\u0259l\u0259c\u0259k \u00fc\u00e7\u00fcn b\u00f6y\u00fck potensiala malikdirl\u0259r. Prezidentl\u0259rin t\u0259kb\u0259t\u0259k v\u0259 geni\u015f t\u0259rkibd\u0259 g\u00f6r\u00fc\u015fl\u0259ri, eyni zamanda, m\u0259tbuata birg\u0259 b\u0259yanatlar\u0131 b\u00fct\u00fcn bu m\u0259qamlara i\u015f\u0131q sald\u0131. D\u00f6vl\u0259t ba\u015f\u00e7\u0131s\u0131 \u0130lham \u018fliyev&hellip;<\/p>\n","protected":false},"author":2,"featured_media":607059,"comment_status":"closed","ping_status":"closed","sticky":false,"template":"","format":"standard","meta":{"om_disable_all_campaigns":false,"_monsterinsights_skip_tracking":false,"_monsterinsights_sitenote_active":false,"_monsterinsights_sitenote_note":"","_monsterinsights_sitenote_category":0},"categories":[2],"tags":[],"aioseo_notices":[],"gutentor_comment":0,"rttpg_featured_image_url":{"full":["https:\/\/arantv.az\/wp-content\/uploads\/2023\/06\/thumb-2.jpg",360,238,false],"landscape":["https:\/\/arantv.az\/wp-content\/uploads\/2023\/06\/thumb-2.jpg",360,238,false],"portraits":["https:\/\/arantv.az\/wp-content\/uploads\/2023\/06\/thumb-2.jpg",360,238,false],"thumbnail":["https:\/\/arantv.az\/wp-content\/uploads\/2023\/06\/thumb-2.jpg",360,238,false],"medium":["https:\/\/arantv.az\/wp-content\/uploads\/2023\/06\/thumb-2.jpg",360,238,false],"large":["https:\/\/arantv.az\/wp-content\/uploads\/2023\/06\/thumb-2.jpg",360,238,false],"1536x1536":["https:\/\/arantv.az\/wp-content\/uploads\/2023\/06\/thumb-2.jpg",360,238,false],"2048x2048":["https:\/\/arantv.az\/wp-content\/uploads\/2023\/06\/thumb-2.jpg",360,238,false],"post-thumbnail":["https:\/\/arantv.az\/wp-content\/uploads\/2023\/06\/thumb-2-240x172.jpg",240,172,true],"advps-thumb-one":["https:\/\/arantv.az\/wp-content\/uploads\/2023\/06\/thumb-2.jpg",360,238,false]},"rttpg_author":{"display_name":"V\u00fcsal Rafiqo\u011flu","author_link":"https:\/\/arantv.az\/?author=2"},"rttpg_comment":0,"rttpg_category":"<a href=\"https:\/\/arantv.az\/?cat=2\" rel=\"category\">Region X\u0259b\u0259rl\u0259ri<\/a>","rttpg_excerpt":"F\u0259q\u0259t \u015eadlinskaya YAP B\u0259rd\u0259 rayon t\u0259\u015fkilat\u0131n\u0131n s\u0259dri Xarici siyas\u0259timizin prioritet istiqam\u0259tl\u0259rind\u0259n biri ikit\u0259r\u0259fli \u0259laq\u0259l\u0259rin qurulmas\u0131 v\u0259 inki\u015faf etdirilm\u0259sidir. Az\u0259rbaycan yeni dostlar v\u0259 t\u0259r\u0259fda\u015flar qazanmaqla yana\u015f\u0131, m\u00f6vcud ikit\u0259r\u0259fli \u0259laq\u0259l\u0259r\u0259 d\u0259 \u0259lav\u0259l\u0259r edir v\u0259 yeni istiqam\u0259tl\u0259r \u00fczr\u0259 inki\u015faf etdirilm\u0259sin\u0259 s\u0259y g\u00f6st\u0259rir. May\u0131n 16-17 tarixl\u0259rind\u0259 Belarus Prezidenti Aleksandr Luka\u015fenko \u00f6lk\u0259mizd\u0259 d\u00f6vl\u0259t s\u0259f\u0259rind\u0259 oldu. Z\u0259ngin tarix\u0259 malik olan iki&hellip;","_links":{"self":[{"href":"https:\/\/arantv.az\/index.php?rest_route=\/wp\/v2\/posts\/723264"}],"collection":[{"href":"https:\/\/arantv.az\/index.php?rest_route=\/wp\/v2\/posts"}],"about":[{"href":"https:\/\/arantv.az\/index.php?rest_route=\/wp\/v2\/types\/post"}],"author":[{"embeddable":true,"href":"https:\/\/arantv.az\/index.php?rest_route=\/wp\/v2\/users\/2"}],"replies":[{"embeddable":true,"href":"https:\/\/arantv.az\/index.php?rest_route=%2Fwp%2Fv2%2Fcomments&post=723264"}],"version-history":[{"count":0,"href":"https:\/\/arantv.az\/index.php?rest_route=\/wp\/v2\/posts\/723264\/revisions"}],"wp:featuredmedia":[{"embeddable":true,"href":"https:\/\/arantv.az\/index.php?rest_route=\/wp\/v2\/media\/607059"}],"wp:attachment":[{"href":"https:\/\/arantv.az\/index.php?rest_route=%2Fwp%2Fv2%2Fmedia&parent=723264"}],"wp:term":[{"taxonomy":"category","embeddable":true,"href":"https:\/\/arantv.az\/index.php?rest_route=%2Fwp%2Fv2%2Fcategories&post=723264"},{"taxonomy":"post_tag","embeddable":true,"href":"https:\/\/arantv.az\/index.php?rest_route=%2Fwp%2Fv2%2Ftags&post=723264"}],"curies":[{"name":"wp","href":"https:\/\/api.w.org\/{rel}","templated":true}]}}