{"id":723271,"date":"2024-05-20T11:55:11","date_gmt":"2024-05-20T07:55:11","guid":{"rendered":"https:\/\/arantv.az\/?p=723271"},"modified":"2024-05-20T11:55:11","modified_gmt":"2024-05-20T07:55:11","slug":"nazir-az%c9%99rbaycan-tacikistan-iqtisadi-%c9%99m%c9%99kdasligi-siyasi-%c9%99laq%c9%99l%c9%99r-s%c9%99viyy%c9%99sin%c9%99-qaldirilmalidir","status":"publish","type":"post","link":"https:\/\/arantv.az\/?p=723271","title":{"rendered":"Nazir: &#8220;Az\u0259rbaycan-Tacikistan iqtisadi \u0259m\u0259kda\u015fl\u0131\u011f\u0131 siyasi \u0259laq\u0259l\u0259r s\u0259viyy\u0259sin\u0259 qald\u0131r\u0131lmal\u0131d\u0131r&#8221;"},"content":{"rendered":"<p style=\"font-weight: 400;\">&#8220;Az\u0259rbaycan v\u0259 Tacikistan aras\u0131ndak\u0131 iqtisadi \u0259m\u0259kda\u015fl\u0131q siyasi \u0259laq\u0259l\u0259r s\u0259viyy\u0259sin\u0259 qald\u0131r\u0131lmal\u0131d\u0131r&#8221;.<\/p>\n<p style=\"font-weight: 400;\">&#8220;Report&#8221; x\u0259b\u0259r verir ki, bunu iqtisadiyyat naziri Mikay\u0131l Cabbarov Bak\u0131da ke\u00e7iril\u0259n Az\u0259rbaycan-Tacikistan Biznes Forumunda deyib.<\/p>\n<p style=\"font-weight: 400;\">Onun s\u00f6zl\u0259rin\u0259 g\u00f6r\u0259, bu ilin ilk d\u00f6rd ay\u0131 \u0259rzind\u0259 iki \u00f6lk\u0259 aras\u0131ndak\u0131 ticar\u0259t d\u00f6vriyy\u0259si 78% art\u0131b:<\/p>\n<p style=\"font-weight: 400;\">&#8220;Buna baxmayaraq, ikit\u0259r\u0259fli \u0259m\u0259kda\u015fl\u0131\u011f\u0131 geni\u015fl\u0259ndir\u0259 bil\u0259c\u0259yimiz bir s\u0131ra istiqam\u0259tl\u0259r var&#8221;.<\/p>\n<p style=\"font-weight: 400;\">Nazir qeyd edib ki, ilk n\u00f6vb\u0259d\u0259 iki \u00f6lk\u0259 aras\u0131nda s\u0259naye kooperasiyas\u0131n\u0131 v\u0259 investisiya \u0259m\u0259kda\u015fl\u0131\u011f\u0131n\u0131 alq\u0131\u015flay\u0131r\u0131q:<\/p>\n<p style=\"font-weight: 400;\">&#8220;Biz Az\u0259rbaycan biznesini Tacikistanla ticar\u0259t-iqtisadi \u0259laq\u0259l\u0259ri geni\u015fl\u0259ndirm\u0259y\u0259 \u00e7a\u011f\u0131r\u0131r\u0131q. \u00d6z n\u00f6vb\u0259sind\u0259 d\u00f6vl\u0259t olaraq bu istiqam\u0259td\u0259 \u00f6z d\u0259st\u0259yimizi g\u00f6st\u0259rm\u0259y\u0259 haz\u0131r\u0131q&#8221;.<\/p>\n<p style=\"font-weight: 400;\">M.Cabbarov bildirib ki, dig\u0259r t\u0259r\u0259fd\u0259n n\u0259qliyyat-logistika sah\u0259sind\u0259 \u0259m\u0259kda\u015fl\u0131q \u00fc\u00e7\u00fcn imkanlar m\u00f6vcuddur:<\/p>\n<p style=\"font-weight: 400;\">&#8220;Tacikistan Transx\u0259z\u0259r Beyn\u0259lxalq N\u0259qliyyat D\u0259hlizind\u0259n (Orta D\u0259hliz) aktiv \u015f\u0259kild\u0259 istifad\u0259 edir.<\/p>\n<p style=\"font-weight: 400;\">Orta d\u0259hliz effektiv i\u015fl\u0259yir. \u00d6t\u0259n il \u0259rzind\u0259 bu d\u0259hliz \u00fczr\u0259 da\u015f\u0131nan y\u00fckl\u0259rin h\u0259cmind\u0259 86%-lik art\u0131m qeyd\u0259 al\u0131n\u0131b. Bu ilin 4 ay\u0131nda is\u0259 y\u00fckda\u015f\u0131malar\u0131n h\u0259cmi 70% art\u0131b&#8221;.<\/p>\n<p style=\"font-weight: 400;\">Nazir k\u0259nd t\u0259s\u0259rr\u00fcfat\u0131 m\u0259hsullar\u0131n\u0131n emal\u0131 sah\u0259sind\u0259 layih\u0259l\u0259r\u0259 investisiyalar\u0131 n\u0259z\u0259rd\u0259n ke\u00e7irm\u0259yi m\u0259sl\u0259h\u0259t g\u00f6r\u00fcb.<\/p>\n<p style=\"font-weight: 400;\">&#8220;S\u0259naye zonalar\u0131 qar\u015f\u0131l\u0131ql\u0131 maraqlar \u0259sas\u0131nda \u0259m\u0259kda\u015fl\u0131q \u00fc\u00e7\u00fcn daha g\u00f6z\u0259l imkand\u0131r. Bak\u0131 Beyn\u0259lxalq Ticar\u0259t Liman\u0131 yax\u0131nl\u0131\u011f\u0131nda olan \u018fl\u0259t azad iqtisadi zonas\u0131 beyn\u0259lxalq investorlarla i\u015fg\u00fczar t\u0259maslara haz\u0131rd\u0131r. O, investorlara m\u00fcxt\u0259lif g\u00fcz\u0259\u015ftl\u0259r t\u0259klif edir&#8221;, &#8211; M.Cabbarov \u0259lav\u0259 edib.<\/p>\n","protected":false},"excerpt":{"rendered":"<p>&#8220;Az\u0259rbaycan v\u0259 Tacikistan aras\u0131ndak\u0131 iqtisadi \u0259m\u0259kda\u015fl\u0131q siyasi \u0259laq\u0259l\u0259r s\u0259viyy\u0259sin\u0259 qald\u0131r\u0131lmal\u0131d\u0131r&#8221;. &#8220;Report&#8221; x\u0259b\u0259r verir ki, bunu iqtisadiyyat naziri Mikay\u0131l Cabbarov Bak\u0131da ke\u00e7iril\u0259n Az\u0259rbaycan-Tacikistan Biznes Forumunda deyib. Onun s\u00f6zl\u0259rin\u0259 g\u00f6r\u0259, bu ilin ilk d\u00f6rd ay\u0131 \u0259rzind\u0259 iki \u00f6lk\u0259 aras\u0131ndak\u0131 ticar\u0259t d\u00f6vriyy\u0259si 78% art\u0131b: &#8220;Buna baxmayaraq, ikit\u0259r\u0259fli \u0259m\u0259kda\u015fl\u0131\u011f\u0131 geni\u015fl\u0259ndir\u0259 bil\u0259c\u0259yimiz bir s\u0131ra istiqam\u0259tl\u0259r var&#8221;. Nazir qeyd edib ki, ilk n\u00f6vb\u0259d\u0259 iki \u00f6lk\u0259 aras\u0131nda s\u0259naye kooperasiyas\u0131n\u0131 v\u0259 investisiya \u0259m\u0259kda\u015fl\u0131\u011f\u0131n\u0131 alq\u0131\u015flay\u0131r\u0131q: &#8220;Biz Az\u0259rbaycan biznesini Tacikistanla ticar\u0259t-iqtisadi \u0259laq\u0259l\u0259ri geni\u015fl\u0259ndirm\u0259y\u0259 \u00e7a\u011f\u0131r\u0131r\u0131q. \u00d6z n\u00f6vb\u0259sind\u0259 d\u00f6vl\u0259t olaraq bu istiqam\u0259td\u0259 \u00f6z d\u0259st\u0259yimizi g\u00f6st\u0259rm\u0259y\u0259 haz\u0131r\u0131q&#8221;. M.Cabbarov bildirib ki, dig\u0259r t\u0259r\u0259fd\u0259n n\u0259qliyyat-logistika&hellip;<\/p>\n","protected":false},"author":2,"featured_media":637056,"comment_status":"closed","ping_status":"closed","sticky":false,"template":"","format":"standard","meta":{"om_disable_all_campaigns":false,"_monsterinsights_skip_tracking":false,"_monsterinsights_sitenote_active":false,"_monsterinsights_sitenote_note":"","_monsterinsights_sitenote_category":0},"categories":[19],"tags":[],"aioseo_notices":[],"gutentor_comment":0,"rttpg_featured_image_url":{"full":["https:\/\/arantv.az\/wp-content\/uploads\/2023\/09\/mikayil.jpg",620,413,false],"landscape":["https:\/\/arantv.az\/wp-content\/uploads\/2023\/09\/mikayil.jpg",620,413,false],"portraits":["https:\/\/arantv.az\/wp-content\/uploads\/2023\/09\/mikayil.jpg",620,413,false],"thumbnail":["https:\/\/arantv.az\/wp-content\/uploads\/2023\/09\/mikayil-500x280.jpg",500,280,true],"medium":["https:\/\/arantv.az\/wp-content\/uploads\/2023\/09\/mikayil-548x365.jpg",548,365,true],"large":["https:\/\/arantv.az\/wp-content\/uploads\/2023\/09\/mikayil.jpg",620,413,false],"1536x1536":["https:\/\/arantv.az\/wp-content\/uploads\/2023\/09\/mikayil.jpg",620,413,false],"2048x2048":["https:\/\/arantv.az\/wp-content\/uploads\/2023\/09\/mikayil.jpg",620,413,false],"post-thumbnail":["https:\/\/arantv.az\/wp-content\/uploads\/2023\/09\/mikayil-240x172.jpg",240,172,true],"advps-thumb-one":["https:\/\/arantv.az\/wp-content\/uploads\/2023\/09\/mikayil.jpg",620,413,false]},"rttpg_author":{"display_name":"V\u00fcsal Rafiqo\u011flu","author_link":"https:\/\/arantv.az\/?author=2"},"rttpg_comment":0,"rttpg_category":"<a href=\"https:\/\/arantv.az\/?cat=19\" rel=\"category\">G\u00fcnd\u0259m<\/a>","rttpg_excerpt":"&#8220;Az\u0259rbaycan v\u0259 Tacikistan aras\u0131ndak\u0131 iqtisadi \u0259m\u0259kda\u015fl\u0131q siyasi \u0259laq\u0259l\u0259r s\u0259viyy\u0259sin\u0259 qald\u0131r\u0131lmal\u0131d\u0131r&#8221;. &#8220;Report&#8221; x\u0259b\u0259r verir ki, bunu iqtisadiyyat naziri Mikay\u0131l Cabbarov Bak\u0131da ke\u00e7iril\u0259n Az\u0259rbaycan-Tacikistan Biznes Forumunda deyib. Onun s\u00f6zl\u0259rin\u0259 g\u00f6r\u0259, bu ilin ilk d\u00f6rd ay\u0131 \u0259rzind\u0259 iki \u00f6lk\u0259 aras\u0131ndak\u0131 ticar\u0259t d\u00f6vriyy\u0259si 78% art\u0131b: &#8220;Buna baxmayaraq, ikit\u0259r\u0259fli \u0259m\u0259kda\u015fl\u0131\u011f\u0131 geni\u015fl\u0259ndir\u0259 bil\u0259c\u0259yimiz bir s\u0131ra istiqam\u0259tl\u0259r var&#8221;. Nazir qeyd edib ki,&hellip;","_links":{"self":[{"href":"https:\/\/arantv.az\/index.php?rest_route=\/wp\/v2\/posts\/723271"}],"collection":[{"href":"https:\/\/arantv.az\/index.php?rest_route=\/wp\/v2\/posts"}],"about":[{"href":"https:\/\/arantv.az\/index.php?rest_route=\/wp\/v2\/types\/post"}],"author":[{"embeddable":true,"href":"https:\/\/arantv.az\/index.php?rest_route=\/wp\/v2\/users\/2"}],"replies":[{"embeddable":true,"href":"https:\/\/arantv.az\/index.php?rest_route=%2Fwp%2Fv2%2Fcomments&post=723271"}],"version-history":[{"count":0,"href":"https:\/\/arantv.az\/index.php?rest_route=\/wp\/v2\/posts\/723271\/revisions"}],"wp:featuredmedia":[{"embeddable":true,"href":"https:\/\/arantv.az\/index.php?rest_route=\/wp\/v2\/media\/637056"}],"wp:attachment":[{"href":"https:\/\/arantv.az\/index.php?rest_route=%2Fwp%2Fv2%2Fmedia&parent=723271"}],"wp:term":[{"taxonomy":"category","embeddable":true,"href":"https:\/\/arantv.az\/index.php?rest_route=%2Fwp%2Fv2%2Fcategories&post=723271"},{"taxonomy":"post_tag","embeddable":true,"href":"https:\/\/arantv.az\/index.php?rest_route=%2Fwp%2Fv2%2Ftags&post=723271"}],"curies":[{"name":"wp","href":"https:\/\/api.w.org\/{rel}","templated":true}]}}