{"id":723273,"date":"2024-05-20T11:55:58","date_gmt":"2024-05-20T07:55:58","guid":{"rendered":"https:\/\/arantv.az\/?p=723273"},"modified":"2024-05-20T11:55:58","modified_gmt":"2024-05-20T07:55:58","slug":"ilham-%c9%99liyev-kamerunlu-h%c9%99mkarini-t%c9%99brik-etdi","status":"publish","type":"post","link":"https:\/\/arantv.az\/?p=723273","title":{"rendered":"\u0130lham \u018fliyev kamerunlu h\u0259mkar\u0131n\u0131 t\u0259brik etdi"},"content":{"rendered":"<p>Az\u0259rbaycan Respublikas\u0131n\u0131n Prezidenti\u00a0<strong>\u0130lham \u018fliyev<\/strong>\u00a0Kamerun Respublikas\u0131n\u0131n Prezidenti Pol Biyaya t\u0259brik m\u0259ktubu \u00fcnvanlayb.<\/p>\n<p><a href=\"https:\/\/president.az\/az\/articles\/view\/65907\" target=\"_blank\" rel=\"nofollow noopener\"><strong>President.az<\/strong><\/a>\u00a0x\u0259b\u0259r verir ki, m\u0259ktubda deyilir:<\/p>\n<p>&#8220;H\u00f6rm\u0259tli c\u0259nab Prezident,<\/p>\n<p>Kamerun Respublikas\u0131n\u0131n milli bayram\u0131 m\u00fcnasib\u0259til\u0259 Sizi v\u0259 Sizin siman\u0131zda b\u00fct\u00fcn xalq\u0131n\u0131z\u0131 \u00f6z ad\u0131mdan v\u0259 Az\u0259rbaycan xalq\u0131 ad\u0131ndan \u00fcr\u0259kd\u0259n t\u0259brik edir\u0259m.<\/p>\n<p>Bu bayram g\u00fcn\u00fcnd\u0259 Siz\u0259 \u0259n xo\u015f arzular\u0131m\u0131 \u00e7atd\u0131r\u0131r, dost Kamerun xalq\u0131na daim \u0259min-amanl\u0131q v\u0259 firavanl\u0131q dil\u0259yir\u0259m&#8221;.<\/p>\n","protected":false},"excerpt":{"rendered":"<p>Az\u0259rbaycan Respublikas\u0131n\u0131n Prezidenti\u00a0\u0130lham \u018fliyev\u00a0Kamerun Respublikas\u0131n\u0131n Prezidenti Pol Biyaya t\u0259brik m\u0259ktubu \u00fcnvanlayb. President.az\u00a0x\u0259b\u0259r verir ki, m\u0259ktubda deyilir: &#8220;H\u00f6rm\u0259tli c\u0259nab Prezident, Kamerun Respublikas\u0131n\u0131n milli bayram\u0131 m\u00fcnasib\u0259til\u0259 Sizi v\u0259 Sizin siman\u0131zda b\u00fct\u00fcn xalq\u0131n\u0131z\u0131 \u00f6z ad\u0131mdan v\u0259 Az\u0259rbaycan xalq\u0131 ad\u0131ndan \u00fcr\u0259kd\u0259n t\u0259brik edir\u0259m. Bu bayram g\u00fcn\u00fcnd\u0259 Siz\u0259 \u0259n xo\u015f arzular\u0131m\u0131 \u00e7atd\u0131r\u0131r, dost Kamerun xalq\u0131na daim \u0259min-amanl\u0131q v\u0259 firavanl\u0131q dil\u0259yir\u0259m&#8221;.<\/p>\n","protected":false},"author":2,"featured_media":723059,"comment_status":"closed","ping_status":"closed","sticky":false,"template":"","format":"standard","meta":{"om_disable_all_campaigns":false,"_monsterinsights_skip_tracking":false,"_monsterinsights_sitenote_active":false,"_monsterinsights_sitenote_note":"","_monsterinsights_sitenote_category":0},"categories":[4],"tags":[],"aioseo_notices":[],"gutentor_comment":0,"rttpg_featured_image_url":{"full":["https:\/\/arantv.az\/wp-content\/uploads\/2024\/05\/67ffa8f3-306e-48f9-982a-c72b75b2aca0_640.jpg",640,447,false],"landscape":["https:\/\/arantv.az\/wp-content\/uploads\/2024\/05\/67ffa8f3-306e-48f9-982a-c72b75b2aca0_640.jpg",640,447,false],"portraits":["https:\/\/arantv.az\/wp-content\/uploads\/2024\/05\/67ffa8f3-306e-48f9-982a-c72b75b2aca0_640.jpg",640,447,false],"thumbnail":["https:\/\/arantv.az\/wp-content\/uploads\/2024\/05\/67ffa8f3-306e-48f9-982a-c72b75b2aca0_640-500x280.jpg",500,280,true],"medium":["https:\/\/arantv.az\/wp-content\/uploads\/2024\/05\/67ffa8f3-306e-48f9-982a-c72b75b2aca0_640-523x365.jpg",523,365,true],"large":["https:\/\/arantv.az\/wp-content\/uploads\/2024\/05\/67ffa8f3-306e-48f9-982a-c72b75b2aca0_640.jpg",640,447,false],"1536x1536":["https:\/\/arantv.az\/wp-content\/uploads\/2024\/05\/67ffa8f3-306e-48f9-982a-c72b75b2aca0_640.jpg",640,447,false],"2048x2048":["https:\/\/arantv.az\/wp-content\/uploads\/2024\/05\/67ffa8f3-306e-48f9-982a-c72b75b2aca0_640.jpg",640,447,false],"post-thumbnail":["https:\/\/arantv.az\/wp-content\/uploads\/2024\/05\/67ffa8f3-306e-48f9-982a-c72b75b2aca0_640-240x172.jpg",240,172,true],"advps-thumb-one":["https:\/\/arantv.az\/wp-content\/uploads\/2024\/05\/67ffa8f3-306e-48f9-982a-c72b75b2aca0_640.jpg",640,447,false]},"rttpg_author":{"display_name":"V\u00fcsal Rafiqo\u011flu","author_link":"https:\/\/arantv.az\/?author=2"},"rttpg_comment":0,"rttpg_category":"<a href=\"https:\/\/arantv.az\/?cat=4\" rel=\"category\">Siyas\u0259t<\/a>","rttpg_excerpt":"Az\u0259rbaycan Respublikas\u0131n\u0131n Prezidenti\u00a0\u0130lham \u018fliyev\u00a0Kamerun Respublikas\u0131n\u0131n Prezidenti Pol Biyaya t\u0259brik m\u0259ktubu \u00fcnvanlayb. President.az\u00a0x\u0259b\u0259r verir ki, m\u0259ktubda deyilir: &#8220;H\u00f6rm\u0259tli c\u0259nab Prezident, Kamerun Respublikas\u0131n\u0131n milli bayram\u0131 m\u00fcnasib\u0259til\u0259 Sizi v\u0259 Sizin siman\u0131zda b\u00fct\u00fcn xalq\u0131n\u0131z\u0131 \u00f6z ad\u0131mdan v\u0259 Az\u0259rbaycan xalq\u0131 ad\u0131ndan \u00fcr\u0259kd\u0259n t\u0259brik edir\u0259m. Bu bayram g\u00fcn\u00fcnd\u0259 Siz\u0259 \u0259n xo\u015f arzular\u0131m\u0131 \u00e7atd\u0131r\u0131r, dost Kamerun xalq\u0131na daim \u0259min-amanl\u0131q v\u0259 firavanl\u0131q dil\u0259yir\u0259m&#8221;.","_links":{"self":[{"href":"https:\/\/arantv.az\/index.php?rest_route=\/wp\/v2\/posts\/723273"}],"collection":[{"href":"https:\/\/arantv.az\/index.php?rest_route=\/wp\/v2\/posts"}],"about":[{"href":"https:\/\/arantv.az\/index.php?rest_route=\/wp\/v2\/types\/post"}],"author":[{"embeddable":true,"href":"https:\/\/arantv.az\/index.php?rest_route=\/wp\/v2\/users\/2"}],"replies":[{"embeddable":true,"href":"https:\/\/arantv.az\/index.php?rest_route=%2Fwp%2Fv2%2Fcomments&post=723273"}],"version-history":[{"count":0,"href":"https:\/\/arantv.az\/index.php?rest_route=\/wp\/v2\/posts\/723273\/revisions"}],"wp:featuredmedia":[{"embeddable":true,"href":"https:\/\/arantv.az\/index.php?rest_route=\/wp\/v2\/media\/723059"}],"wp:attachment":[{"href":"https:\/\/arantv.az\/index.php?rest_route=%2Fwp%2Fv2%2Fmedia&parent=723273"}],"wp:term":[{"taxonomy":"category","embeddable":true,"href":"https:\/\/arantv.az\/index.php?rest_route=%2Fwp%2Fv2%2Fcategories&post=723273"},{"taxonomy":"post_tag","embeddable":true,"href":"https:\/\/arantv.az\/index.php?rest_route=%2Fwp%2Fv2%2Ftags&post=723273"}],"curies":[{"name":"wp","href":"https:\/\/api.w.org\/{rel}","templated":true}]}}