{"id":723279,"date":"2024-05-20T11:59:07","date_gmt":"2024-05-20T07:59:07","guid":{"rendered":"https:\/\/arantv.az\/?p=723279"},"modified":"2024-05-20T11:59:07","modified_gmt":"2024-05-20T07:59:07","slug":"iranin-az%c9%99rbaycandaki-s%c9%99firliyind%c9%99-bayraqlar-yariya-q%c9%99d%c9%99r-endirildi","status":"publish","type":"post","link":"https:\/\/arantv.az\/?p=723279","title":{"rendered":"\u0130ran\u0131n Az\u0259rbaycandak\u0131 s\u0259firliyind\u0259 bayraqlar yar\u0131ya q\u0259d\u0259r endirildi"},"content":{"rendered":"<p style=\"font-weight: 400;\">\u0130ran\u0131n Az\u0259rbaycandak\u0131 s\u0259firliyind\u0259 bayraqlar yar\u0131ya q\u0259d\u0259r endirilib.<\/p>\n<p style=\"font-weight: 400;\"><b><strong>ARANTV.AZ <\/strong><\/b>x\u0259b\u0259r verir ki, bu bar\u0259d\u0259 g\u00f6r\u00fcnt\u00fcl\u0259r sosial \u015f\u0259b\u0259k\u0259l\u0259rd\u0259 yay\u0131l\u0131b.<\/p>\n<p style=\"font-weight: 400;\">Qeyd ed\u0259k ki, \u0130ran Prezidenti \u0130brahim R\u0259isinin helikopteri \u0130ran\u0131n Verzeqan \u015f\u0259h\u0259ri yax\u0131nl\u0131\u011f\u0131nda s\u0259rt eni\u015f edib. Q\u0259zada b\u00fct\u00fcn s\u0259rni\u015finl\u0259r v\u0259 ekipaj \u00fczvl\u0259ri h\u0259lak olub.<\/p>\n<p style=\"font-weight: 400;\">H\u0259m\u00e7inin, q\u0259za zaman\u0131 helikopterd\u0259 \u0130ran\u0131n d\u00f6rd y\u00fcks\u0259kr\u00fctb\u0259li d\u00f6vl\u0259t r\u0259smisi d\u0259 olub<\/p>\n<p style=\"font-weight: 400;\">Bunlar \u0130ran\u0131n xarici i\u015fl\u0259r naziri H\u00fcseyn \u018fmir-Abdullahian, \u015e\u0259rqi Az\u0259rbaycan \u0259yal\u0259tinin qubernatoru Malik R\u0259hm\u0259ti v\u0259 T\u0259brizin imam c\u00fcm\u0259si M\u0259h\u0259mm\u0259d\u0259li Al-Ha\u015fimdir.<\/p>\n","protected":false},"excerpt":{"rendered":"<p>\u0130ran\u0131n Az\u0259rbaycandak\u0131 s\u0259firliyind\u0259 bayraqlar yar\u0131ya q\u0259d\u0259r endirilib. ARANTV.AZ x\u0259b\u0259r verir ki, bu bar\u0259d\u0259 g\u00f6r\u00fcnt\u00fcl\u0259r sosial \u015f\u0259b\u0259k\u0259l\u0259rd\u0259 yay\u0131l\u0131b. Qeyd ed\u0259k ki, \u0130ran Prezidenti \u0130brahim R\u0259isinin helikopteri \u0130ran\u0131n Verzeqan \u015f\u0259h\u0259ri yax\u0131nl\u0131\u011f\u0131nda s\u0259rt eni\u015f edib. Q\u0259zada b\u00fct\u00fcn s\u0259rni\u015finl\u0259r v\u0259 ekipaj \u00fczvl\u0259ri h\u0259lak olub. H\u0259m\u00e7inin, q\u0259za zaman\u0131 helikopterd\u0259 \u0130ran\u0131n d\u00f6rd y\u00fcks\u0259kr\u00fctb\u0259li d\u00f6vl\u0259t r\u0259smisi d\u0259 olub Bunlar \u0130ran\u0131n xarici i\u015fl\u0259r naziri H\u00fcseyn \u018fmir-Abdullahian, \u015e\u0259rqi Az\u0259rbaycan \u0259yal\u0259tinin qubernatoru Malik R\u0259hm\u0259ti v\u0259 T\u0259brizin imam c\u00fcm\u0259si M\u0259h\u0259mm\u0259d\u0259li Al-Ha\u015fimdir.<\/p>\n","protected":false},"author":2,"featured_media":723280,"comment_status":"closed","ping_status":"closed","sticky":false,"template":"","format":"standard","meta":{"om_disable_all_campaigns":false,"_monsterinsights_skip_tracking":false,"_monsterinsights_sitenote_active":false,"_monsterinsights_sitenote_note":"","_monsterinsights_sitenote_category":0},"categories":[4],"tags":[],"aioseo_notices":[],"gutentor_comment":0,"rttpg_featured_image_url":{"full":["https:\/\/arantv.az\/wp-content\/uploads\/2024\/05\/1685003751_2629ef411ea6afad2cec84874ebd1497iransefirlit-jpg-1716189238.jpg",700,393,false],"landscape":["https:\/\/arantv.az\/wp-content\/uploads\/2024\/05\/1685003751_2629ef411ea6afad2cec84874ebd1497iransefirlit-jpg-1716189238.jpg",700,393,false],"portraits":["https:\/\/arantv.az\/wp-content\/uploads\/2024\/05\/1685003751_2629ef411ea6afad2cec84874ebd1497iransefirlit-jpg-1716189238.jpg",700,393,false],"thumbnail":["https:\/\/arantv.az\/wp-content\/uploads\/2024\/05\/1685003751_2629ef411ea6afad2cec84874ebd1497iransefirlit-jpg-1716189238-500x280.jpg",500,280,true],"medium":["https:\/\/arantv.az\/wp-content\/uploads\/2024\/05\/1685003751_2629ef411ea6afad2cec84874ebd1497iransefirlit-jpg-1716189238-650x365.jpg",650,365,true],"large":["https:\/\/arantv.az\/wp-content\/uploads\/2024\/05\/1685003751_2629ef411ea6afad2cec84874ebd1497iransefirlit-jpg-1716189238.jpg",640,359,false],"1536x1536":["https:\/\/arantv.az\/wp-content\/uploads\/2024\/05\/1685003751_2629ef411ea6afad2cec84874ebd1497iransefirlit-jpg-1716189238.jpg",700,393,false],"2048x2048":["https:\/\/arantv.az\/wp-content\/uploads\/2024\/05\/1685003751_2629ef411ea6afad2cec84874ebd1497iransefirlit-jpg-1716189238.jpg",700,393,false],"post-thumbnail":["https:\/\/arantv.az\/wp-content\/uploads\/2024\/05\/1685003751_2629ef411ea6afad2cec84874ebd1497iransefirlit-jpg-1716189238-240x172.jpg",240,172,true],"advps-thumb-one":["https:\/\/arantv.az\/wp-content\/uploads\/2024\/05\/1685003751_2629ef411ea6afad2cec84874ebd1497iransefirlit-jpg-1716189238.jpg",700,393,false]},"rttpg_author":{"display_name":"V\u00fcsal Rafiqo\u011flu","author_link":"https:\/\/arantv.az\/?author=2"},"rttpg_comment":0,"rttpg_category":"<a href=\"https:\/\/arantv.az\/?cat=4\" rel=\"category\">Siyas\u0259t<\/a>","rttpg_excerpt":"\u0130ran\u0131n Az\u0259rbaycandak\u0131 s\u0259firliyind\u0259 bayraqlar yar\u0131ya q\u0259d\u0259r endirilib. ARANTV.AZ x\u0259b\u0259r verir ki, bu bar\u0259d\u0259 g\u00f6r\u00fcnt\u00fcl\u0259r sosial \u015f\u0259b\u0259k\u0259l\u0259rd\u0259 yay\u0131l\u0131b. Qeyd ed\u0259k ki, \u0130ran Prezidenti \u0130brahim R\u0259isinin helikopteri \u0130ran\u0131n Verzeqan \u015f\u0259h\u0259ri yax\u0131nl\u0131\u011f\u0131nda s\u0259rt eni\u015f edib. Q\u0259zada b\u00fct\u00fcn s\u0259rni\u015finl\u0259r v\u0259 ekipaj \u00fczvl\u0259ri h\u0259lak olub. H\u0259m\u00e7inin, q\u0259za zaman\u0131 helikopterd\u0259 \u0130ran\u0131n d\u00f6rd y\u00fcks\u0259kr\u00fctb\u0259li d\u00f6vl\u0259t r\u0259smisi d\u0259 olub Bunlar \u0130ran\u0131n xarici i\u015fl\u0259r&hellip;","_links":{"self":[{"href":"https:\/\/arantv.az\/index.php?rest_route=\/wp\/v2\/posts\/723279"}],"collection":[{"href":"https:\/\/arantv.az\/index.php?rest_route=\/wp\/v2\/posts"}],"about":[{"href":"https:\/\/arantv.az\/index.php?rest_route=\/wp\/v2\/types\/post"}],"author":[{"embeddable":true,"href":"https:\/\/arantv.az\/index.php?rest_route=\/wp\/v2\/users\/2"}],"replies":[{"embeddable":true,"href":"https:\/\/arantv.az\/index.php?rest_route=%2Fwp%2Fv2%2Fcomments&post=723279"}],"version-history":[{"count":0,"href":"https:\/\/arantv.az\/index.php?rest_route=\/wp\/v2\/posts\/723279\/revisions"}],"wp:featuredmedia":[{"embeddable":true,"href":"https:\/\/arantv.az\/index.php?rest_route=\/wp\/v2\/media\/723280"}],"wp:attachment":[{"href":"https:\/\/arantv.az\/index.php?rest_route=%2Fwp%2Fv2%2Fmedia&parent=723279"}],"wp:term":[{"taxonomy":"category","embeddable":true,"href":"https:\/\/arantv.az\/index.php?rest_route=%2Fwp%2Fv2%2Fcategories&post=723279"},{"taxonomy":"post_tag","embeddable":true,"href":"https:\/\/arantv.az\/index.php?rest_route=%2Fwp%2Fv2%2Ftags&post=723279"}],"curies":[{"name":"wp","href":"https:\/\/api.w.org\/{rel}","templated":true}]}}