{"id":723355,"date":"2024-05-20T17:58:40","date_gmt":"2024-05-20T13:58:40","guid":{"rendered":"https:\/\/arantv.az\/?p=723355"},"modified":"2024-05-20T17:58:40","modified_gmt":"2024-05-20T13:58:40","slug":"qeyri-sabit-hava-s%c9%99raiti-n%c9%99-vaxtad%c9%99k-davam-ed%c9%99c%c9%99k-7","status":"publish","type":"post","link":"https:\/\/arantv.az\/?p=723355","title":{"rendered":"Qeyri-sabit hava \u015f\u0259raiti n\u0259 vaxtad\u0259k davam ed\u0259c\u0259k?"},"content":{"rendered":"<p>&#8220;Qeyri-sabit hava \u015f\u0259raiti b\u00f6lg\u0259l\u0259rd\u0259 may\u0131n 24-d\u0259k davam ed\u0259c\u0259k&#8221;.<\/p>\n<p><b><strong>ARANTV.AZ <\/strong><\/b>\u00a0x\u0259b\u0259r verir ki, bunu Milli Hidrometeorologiya Xidm\u0259tinin r\u0259isi Nazim Mahmudov bildirib.<\/p>\n<p>Xidm\u0259t r\u0259isi havan\u0131n fasil\u0259l\u0259rl\u0259 ya\u011f\u0131nt\u0131l\u0131, b\u0259zi yerl\u0259rd\u0259 ya\u011f\u0131nt\u0131lar\u0131n leysan xarakterli intensiv olaca\u011f\u0131n\u0131, dolu d\u00fc\u015f\u0259c\u0259yini, \u015fim\u015f\u0259k \u00e7axaca\u011f\u0131n\u0131, y\u00fcks\u0259k da\u011fl\u0131q \u0259razil\u0259rd\u0259 qar ya\u011faca\u011f\u0131 ehtimal\u0131n\u0131n oldu\u011funu bildirib:<\/p>\n<p>&#8220;G\u00f6zl\u0259nil\u0259n intensiv ya\u011f\u0131nt\u0131larla \u0259laq\u0259dar \u00e7aylarda sululu\u011fun artaca\u011f\u0131, B\u00f6y\u00fck v\u0259 Ki\u00e7ik Qafqaz, L\u0259nk\u0259ran-Astara b\u00f6lg\u0259sinin \u0259razisind\u0259n axan b\u0259zi \u00e7aylardan q\u0131sam\u00fcdd\u0259tli sel v\u0259 da\u015fq\u0131n ke\u00e7\u0259c\u0259yi ehtimal olunur&#8221;.<\/p>\n<p>&nbsp;<\/p>\n","protected":false},"excerpt":{"rendered":"<p>&#8220;Qeyri-sabit hava \u015f\u0259raiti b\u00f6lg\u0259l\u0259rd\u0259 may\u0131n 24-d\u0259k davam ed\u0259c\u0259k&#8221;. ARANTV.AZ \u00a0x\u0259b\u0259r verir ki, bunu Milli Hidrometeorologiya Xidm\u0259tinin r\u0259isi Nazim Mahmudov bildirib. Xidm\u0259t r\u0259isi havan\u0131n fasil\u0259l\u0259rl\u0259 ya\u011f\u0131nt\u0131l\u0131, b\u0259zi yerl\u0259rd\u0259 ya\u011f\u0131nt\u0131lar\u0131n leysan xarakterli intensiv olaca\u011f\u0131n\u0131, dolu d\u00fc\u015f\u0259c\u0259yini, \u015fim\u015f\u0259k \u00e7axaca\u011f\u0131n\u0131, y\u00fcks\u0259k da\u011fl\u0131q \u0259razil\u0259rd\u0259 qar ya\u011faca\u011f\u0131 ehtimal\u0131n\u0131n oldu\u011funu bildirib: &#8220;G\u00f6zl\u0259nil\u0259n intensiv ya\u011f\u0131nt\u0131larla \u0259laq\u0259dar \u00e7aylarda sululu\u011fun artaca\u011f\u0131, B\u00f6y\u00fck v\u0259 Ki\u00e7ik Qafqaz, L\u0259nk\u0259ran-Astara b\u00f6lg\u0259sinin \u0259razisind\u0259n axan b\u0259zi \u00e7aylardan q\u0131sam\u00fcdd\u0259tli sel v\u0259 da\u015fq\u0131n ke\u00e7\u0259c\u0259yi ehtimal olunur&#8221;. &nbsp;<\/p>\n","protected":false},"author":2,"featured_media":667742,"comment_status":"closed","ping_status":"closed","sticky":false,"template":"","format":"standard","meta":{"om_disable_all_campaigns":false,"_monsterinsights_skip_tracking":false,"_monsterinsights_sitenote_active":false,"_monsterinsights_sitenote_note":"","_monsterinsights_sitenote_category":0},"categories":[22],"tags":[],"aioseo_notices":[],"gutentor_comment":0,"rttpg_featured_image_url":{"full":["https:\/\/arantv.az\/wp-content\/uploads\/2023\/12\/yagis.gif",498,282,false],"landscape":["https:\/\/arantv.az\/wp-content\/uploads\/2023\/12\/yagis.gif",498,282,false],"portraits":["https:\/\/arantv.az\/wp-content\/uploads\/2023\/12\/yagis.gif",498,282,false],"thumbnail":["https:\/\/arantv.az\/wp-content\/uploads\/2023\/12\/yagis-498x280.gif",498,280,true],"medium":["https:\/\/arantv.az\/wp-content\/uploads\/2023\/12\/yagis.gif",498,282,false],"large":["https:\/\/arantv.az\/wp-content\/uploads\/2023\/12\/yagis.gif",498,282,false],"1536x1536":["https:\/\/arantv.az\/wp-content\/uploads\/2023\/12\/yagis.gif",498,282,false],"2048x2048":["https:\/\/arantv.az\/wp-content\/uploads\/2023\/12\/yagis.gif",498,282,false],"post-thumbnail":["https:\/\/arantv.az\/wp-content\/uploads\/2023\/12\/yagis-240x172.gif",240,172,true],"advps-thumb-one":["https:\/\/arantv.az\/wp-content\/uploads\/2023\/12\/yagis.gif",498,282,false]},"rttpg_author":{"display_name":"V\u00fcsal Rafiqo\u011flu","author_link":"https:\/\/arantv.az\/?author=2"},"rttpg_comment":0,"rttpg_category":"<a href=\"https:\/\/arantv.az\/?cat=22\" rel=\"category\">Hava<\/a>","rttpg_excerpt":"&#8220;Qeyri-sabit hava \u015f\u0259raiti b\u00f6lg\u0259l\u0259rd\u0259 may\u0131n 24-d\u0259k davam ed\u0259c\u0259k&#8221;. ARANTV.AZ \u00a0x\u0259b\u0259r verir ki, bunu Milli Hidrometeorologiya Xidm\u0259tinin r\u0259isi Nazim Mahmudov bildirib. Xidm\u0259t r\u0259isi havan\u0131n fasil\u0259l\u0259rl\u0259 ya\u011f\u0131nt\u0131l\u0131, b\u0259zi yerl\u0259rd\u0259 ya\u011f\u0131nt\u0131lar\u0131n leysan xarakterli intensiv olaca\u011f\u0131n\u0131, dolu d\u00fc\u015f\u0259c\u0259yini, \u015fim\u015f\u0259k \u00e7axaca\u011f\u0131n\u0131, y\u00fcks\u0259k da\u011fl\u0131q \u0259razil\u0259rd\u0259 qar ya\u011faca\u011f\u0131 ehtimal\u0131n\u0131n oldu\u011funu bildirib: &#8220;G\u00f6zl\u0259nil\u0259n intensiv ya\u011f\u0131nt\u0131larla \u0259laq\u0259dar \u00e7aylarda sululu\u011fun artaca\u011f\u0131, B\u00f6y\u00fck v\u0259 Ki\u00e7ik Qafqaz,&hellip;","_links":{"self":[{"href":"https:\/\/arantv.az\/index.php?rest_route=\/wp\/v2\/posts\/723355"}],"collection":[{"href":"https:\/\/arantv.az\/index.php?rest_route=\/wp\/v2\/posts"}],"about":[{"href":"https:\/\/arantv.az\/index.php?rest_route=\/wp\/v2\/types\/post"}],"author":[{"embeddable":true,"href":"https:\/\/arantv.az\/index.php?rest_route=\/wp\/v2\/users\/2"}],"replies":[{"embeddable":true,"href":"https:\/\/arantv.az\/index.php?rest_route=%2Fwp%2Fv2%2Fcomments&post=723355"}],"version-history":[{"count":0,"href":"https:\/\/arantv.az\/index.php?rest_route=\/wp\/v2\/posts\/723355\/revisions"}],"wp:featuredmedia":[{"embeddable":true,"href":"https:\/\/arantv.az\/index.php?rest_route=\/wp\/v2\/media\/667742"}],"wp:attachment":[{"href":"https:\/\/arantv.az\/index.php?rest_route=%2Fwp%2Fv2%2Fmedia&parent=723355"}],"wp:term":[{"taxonomy":"category","embeddable":true,"href":"https:\/\/arantv.az\/index.php?rest_route=%2Fwp%2Fv2%2Fcategories&post=723355"},{"taxonomy":"post_tag","embeddable":true,"href":"https:\/\/arantv.az\/index.php?rest_route=%2Fwp%2Fv2%2Ftags&post=723355"}],"curies":[{"name":"wp","href":"https:\/\/api.w.org\/{rel}","templated":true}]}}