{"id":723397,"date":"2024-05-20T18:38:30","date_gmt":"2024-05-20T14:38:30","guid":{"rendered":"https:\/\/arantv.az\/?p=723397"},"modified":"2024-05-20T18:38:30","modified_gmt":"2024-05-20T14:38:30","slug":"qarabagda-yeni-idar%c9%99-yaradildi","status":"publish","type":"post","link":"https:\/\/arantv.az\/?p=723397","title":{"rendered":"Qaraba\u011fda yeni idar\u0259 yarad\u0131ld\u0131"},"content":{"rendered":"<p>Nazirl\u0259r Kabineti 14 may 2015-ci il tarixli q\u0259rar\u0131 il\u0259 t\u0259sdiq edilmi\u015f &#8220;Az\u0259ri\u015f\u0131q&#8221; ASC-nin strukturunda d\u0259yi\u015fiklik edib.<\/p>\n<p>Bununla ba\u011fl\u0131 Ba\u015f nazir \u018fli \u018fs\u0259dov yeni q\u0259rar imzalay\u0131b.<\/p>\n<p>Q\u0259rara \u0259sas\u0259n, X\u0131rdalan Enerji T\u0259chizat\u0131 v\u0259 Sat\u0131\u015f\u0131 \u0130dar\u0259si v\u0259 Qobustan Rayon Elektrik \u015e\u0259b\u0259k\u0259sinin yerin\u0259 Ab\u015feron Rayon Enerji T\u0259chizat\u0131 v\u0259 Sat\u0131\u015f\u0131 \u0130dar\u0259si, Sumqay\u0131t Regional Enerji T\u0259chizat\u0131 v\u0259 Sat\u0131\u015f\u0131 \u0130dar\u0259si (Sumqay\u0131t) yarad\u0131l\u0131b v\u0259 onun t\u0259rkibind\u0259 Sumqay\u0131t, X\u0131z\u0131, Qobustan rayon elektrik \u015f\u0259b\u0259k\u0259l\u0259ri v\u0259 Ba\u011flar elektrik \u015f\u0259b\u0259k\u0259si daxil edilib.<\/p>\n<p>Bundan ba\u015fqa, Qaraba\u011f Regional Enerji T\u0259chizat\u0131 v\u0259 Sat\u0131\u015f\u0131 \u0130dar\u0259si (\u015eu\u015fa) yarad\u0131l\u0131b ki, onun t\u0259rkibin\u0259 \u015eu\u015fa, Xocav\u0259nd, Z\u0259ngilan, Qubadl\u0131, La\u00e7\u0131n, K\u0259lb\u0259c\u0259r, C\u0259bray\u0131l rayon v\u0259 Xank\u0259ndi elektrik \u015f\u0259b\u0259k\u0259si daxil edilib<\/p>\n","protected":false},"excerpt":{"rendered":"<p>Nazirl\u0259r Kabineti 14 may 2015-ci il tarixli q\u0259rar\u0131 il\u0259 t\u0259sdiq edilmi\u015f &#8220;Az\u0259ri\u015f\u0131q&#8221; ASC-nin strukturunda d\u0259yi\u015fiklik edib. Bununla ba\u011fl\u0131 Ba\u015f nazir \u018fli \u018fs\u0259dov yeni q\u0259rar imzalay\u0131b. Q\u0259rara \u0259sas\u0259n, X\u0131rdalan Enerji T\u0259chizat\u0131 v\u0259 Sat\u0131\u015f\u0131 \u0130dar\u0259si v\u0259 Qobustan Rayon Elektrik \u015e\u0259b\u0259k\u0259sinin yerin\u0259 Ab\u015feron Rayon Enerji T\u0259chizat\u0131 v\u0259 Sat\u0131\u015f\u0131 \u0130dar\u0259si, Sumqay\u0131t Regional Enerji T\u0259chizat\u0131 v\u0259 Sat\u0131\u015f\u0131 \u0130dar\u0259si (Sumqay\u0131t) yarad\u0131l\u0131b v\u0259 onun t\u0259rkibind\u0259 Sumqay\u0131t, X\u0131z\u0131, Qobustan rayon elektrik \u015f\u0259b\u0259k\u0259l\u0259ri v\u0259 Ba\u011flar elektrik \u015f\u0259b\u0259k\u0259si daxil edilib. Bundan ba\u015fqa, Qaraba\u011f Regional Enerji T\u0259chizat\u0131 v\u0259 Sat\u0131\u015f\u0131 \u0130dar\u0259si (\u015eu\u015fa) yarad\u0131l\u0131b ki, onun t\u0259rkibin\u0259 \u015eu\u015fa, Xocav\u0259nd, Z\u0259ngilan, Qubadl\u0131, La\u00e7\u0131n, K\u0259lb\u0259c\u0259r,&hellip;<\/p>\n","protected":false},"author":2,"featured_media":278413,"comment_status":"closed","ping_status":"closed","sticky":false,"template":"","format":"standard","meta":{"om_disable_all_campaigns":false,"_monsterinsights_skip_tracking":false,"_monsterinsights_sitenote_active":false,"_monsterinsights_sitenote_note":"","_monsterinsights_sitenote_category":0},"categories":[4],"tags":[],"aioseo_notices":[],"gutentor_comment":0,"rttpg_featured_image_url":{"full":["https:\/\/arantv.az\/wp-content\/uploads\/2021\/01\/1611558092sened_imzalanma.jpg",549,309,false],"landscape":["https:\/\/arantv.az\/wp-content\/uploads\/2021\/01\/1611558092sened_imzalanma.jpg",549,309,false],"portraits":["https:\/\/arantv.az\/wp-content\/uploads\/2021\/01\/1611558092sened_imzalanma.jpg",549,309,false],"thumbnail":["https:\/\/arantv.az\/wp-content\/uploads\/2021\/01\/1611558092sened_imzalanma-150x150.jpg",150,150,true],"medium":["https:\/\/arantv.az\/wp-content\/uploads\/2021\/01\/1611558092sened_imzalanma-300x169.jpg",300,169,true],"large":["https:\/\/arantv.az\/wp-content\/uploads\/2021\/01\/1611558092sened_imzalanma.jpg",549,309,false],"1536x1536":["https:\/\/arantv.az\/wp-content\/uploads\/2021\/01\/1611558092sened_imzalanma.jpg",549,309,false],"2048x2048":["https:\/\/arantv.az\/wp-content\/uploads\/2021\/01\/1611558092sened_imzalanma.jpg",549,309,false],"post-thumbnail":["https:\/\/arantv.az\/wp-content\/uploads\/2021\/01\/1611558092sened_imzalanma-240x172.jpg",240,172,true],"advps-thumb-one":["https:\/\/arantv.az\/wp-content\/uploads\/2021\/01\/1611558092sened_imzalanma.jpg",549,309,false]},"rttpg_author":{"display_name":"V\u00fcsal Rafiqo\u011flu","author_link":"https:\/\/arantv.az\/?author=2"},"rttpg_comment":0,"rttpg_category":"<a href=\"https:\/\/arantv.az\/?cat=4\" rel=\"category\">Siyas\u0259t<\/a>","rttpg_excerpt":"Nazirl\u0259r Kabineti 14 may 2015-ci il tarixli q\u0259rar\u0131 il\u0259 t\u0259sdiq edilmi\u015f &#8220;Az\u0259ri\u015f\u0131q&#8221; ASC-nin strukturunda d\u0259yi\u015fiklik edib. Bununla ba\u011fl\u0131 Ba\u015f nazir \u018fli \u018fs\u0259dov yeni q\u0259rar imzalay\u0131b. Q\u0259rara \u0259sas\u0259n, X\u0131rdalan Enerji T\u0259chizat\u0131 v\u0259 Sat\u0131\u015f\u0131 \u0130dar\u0259si v\u0259 Qobustan Rayon Elektrik \u015e\u0259b\u0259k\u0259sinin yerin\u0259 Ab\u015feron Rayon Enerji T\u0259chizat\u0131 v\u0259 Sat\u0131\u015f\u0131 \u0130dar\u0259si, Sumqay\u0131t Regional Enerji T\u0259chizat\u0131 v\u0259 Sat\u0131\u015f\u0131 \u0130dar\u0259si (Sumqay\u0131t) yarad\u0131l\u0131b&hellip;","_links":{"self":[{"href":"https:\/\/arantv.az\/index.php?rest_route=\/wp\/v2\/posts\/723397"}],"collection":[{"href":"https:\/\/arantv.az\/index.php?rest_route=\/wp\/v2\/posts"}],"about":[{"href":"https:\/\/arantv.az\/index.php?rest_route=\/wp\/v2\/types\/post"}],"author":[{"embeddable":true,"href":"https:\/\/arantv.az\/index.php?rest_route=\/wp\/v2\/users\/2"}],"replies":[{"embeddable":true,"href":"https:\/\/arantv.az\/index.php?rest_route=%2Fwp%2Fv2%2Fcomments&post=723397"}],"version-history":[{"count":0,"href":"https:\/\/arantv.az\/index.php?rest_route=\/wp\/v2\/posts\/723397\/revisions"}],"wp:featuredmedia":[{"embeddable":true,"href":"https:\/\/arantv.az\/index.php?rest_route=\/wp\/v2\/media\/278413"}],"wp:attachment":[{"href":"https:\/\/arantv.az\/index.php?rest_route=%2Fwp%2Fv2%2Fmedia&parent=723397"}],"wp:term":[{"taxonomy":"category","embeddable":true,"href":"https:\/\/arantv.az\/index.php?rest_route=%2Fwp%2Fv2%2Fcategories&post=723397"},{"taxonomy":"post_tag","embeddable":true,"href":"https:\/\/arantv.az\/index.php?rest_route=%2Fwp%2Fv2%2Ftags&post=723397"}],"curies":[{"name":"wp","href":"https:\/\/api.w.org\/{rel}","templated":true}]}}