{"id":723401,"date":"2024-05-20T20:13:31","date_gmt":"2024-05-20T16:13:31","guid":{"rendered":"https:\/\/arantv.az\/?p=723401"},"modified":"2024-05-20T20:13:31","modified_gmt":"2024-05-20T16:13:31","slug":"nazir-xidm%c9%99t-r%c9%99isini-v%c9%99zif%c9%99sind%c9%99n-azad-etdi","status":"publish","type":"post","link":"https:\/\/arantv.az\/?p=723401","title":{"rendered":"Nazir xidm\u0259t r\u0259isini v\u0259zif\u0259sind\u0259n azad etdi"},"content":{"rendered":"<p>F\u00f6vq\u0259lad\u0259 Hallar Nazirliyinin X\u0259z\u0259r H\u00f6vz\u0259 Q\u0259za Xilasetm\u0259 Xidm\u0259tind\u0259 kadr d\u0259yi\u015fikliyi olub.<\/p>\n<p>&#8220;Qaynarinfo&#8221;nun \u0259ld\u0259 etdiyi m\u0259lumata g\u00f6r\u0259, f\u00f6vq\u0259lad\u0259 hallar naziri general-polkovnik K\u0259mal\u0259ddin Heyd\u0259rovun m\u00fcvafiq \u0259mri il\u0259 xidm\u0259tin r\u0259isi Fuad Ramiz o\u011flu Ba\u011f\u0131rov v\u0259zif\u0259sind\u0259n azad edilib.<\/p>\n<p>Nazirin dig\u0259r \u0259mri il\u0259 s\u00f6z\u00fcged\u0259n xidm\u0259t\u0259 \u018fkr\u0259m Xanlar o\u011flu Q\u0259hr\u0259manov r\u0259is t\u0259yin olunub.<\/p>\n<p>\u018fkr\u0259m Q\u0259hr\u0259manov uzun ill\u0259r X\u0259z\u0259r H\u00f6vz\u0259 Q\u0259za Xilasetm\u0259 Xidm\u0259tinin x\u00fcsusi avadanl\u0131\u011f\u0131n t\u0259chizat\u0131 \u00fczr\u0259 apar\u0131c\u0131 m\u00fch\u0259ndisi v\u0259zif\u0259sind\u0259 \u00e7al\u0131\u015f\u0131b.<\/p>\n","protected":false},"excerpt":{"rendered":"<p>F\u00f6vq\u0259lad\u0259 Hallar Nazirliyinin X\u0259z\u0259r H\u00f6vz\u0259 Q\u0259za Xilasetm\u0259 Xidm\u0259tind\u0259 kadr d\u0259yi\u015fikliyi olub. &#8220;Qaynarinfo&#8221;nun \u0259ld\u0259 etdiyi m\u0259lumata g\u00f6r\u0259, f\u00f6vq\u0259lad\u0259 hallar naziri general-polkovnik K\u0259mal\u0259ddin Heyd\u0259rovun m\u00fcvafiq \u0259mri il\u0259 xidm\u0259tin r\u0259isi Fuad Ramiz o\u011flu Ba\u011f\u0131rov v\u0259zif\u0259sind\u0259n azad edilib. Nazirin dig\u0259r \u0259mri il\u0259 s\u00f6z\u00fcged\u0259n xidm\u0259t\u0259 \u018fkr\u0259m Xanlar o\u011flu Q\u0259hr\u0259manov r\u0259is t\u0259yin olunub. \u018fkr\u0259m Q\u0259hr\u0259manov uzun ill\u0259r X\u0259z\u0259r H\u00f6vz\u0259 Q\u0259za Xilasetm\u0259 Xidm\u0259tinin x\u00fcsusi avadanl\u0131\u011f\u0131n t\u0259chizat\u0131 \u00fczr\u0259 apar\u0131c\u0131 m\u00fch\u0259ndisi v\u0259zif\u0259sind\u0259 \u00e7al\u0131\u015f\u0131b.<\/p>\n","protected":false},"author":2,"featured_media":723402,"comment_status":"closed","ping_status":"closed","sticky":false,"template":"","format":"standard","meta":{"om_disable_all_campaigns":false,"_monsterinsights_skip_tracking":false,"_monsterinsights_sitenote_active":false,"_monsterinsights_sitenote_note":"","_monsterinsights_sitenote_category":0},"categories":[1],"tags":[],"aioseo_notices":[],"gutentor_comment":0,"rttpg_featured_image_url":{"full":["https:\/\/arantv.az\/wp-content\/uploads\/2024\/05\/499df4686964ae651c17c4f0827f7864.jpg",800,500,false],"landscape":["https:\/\/arantv.az\/wp-content\/uploads\/2024\/05\/499df4686964ae651c17c4f0827f7864.jpg",800,500,false],"portraits":["https:\/\/arantv.az\/wp-content\/uploads\/2024\/05\/499df4686964ae651c17c4f0827f7864.jpg",800,500,false],"thumbnail":["https:\/\/arantv.az\/wp-content\/uploads\/2024\/05\/499df4686964ae651c17c4f0827f7864-500x280.jpg",500,280,true],"medium":["https:\/\/arantv.az\/wp-content\/uploads\/2024\/05\/499df4686964ae651c17c4f0827f7864-584x365.jpg",584,365,true],"large":["https:\/\/arantv.az\/wp-content\/uploads\/2024\/05\/499df4686964ae651c17c4f0827f7864.jpg",640,400,false],"1536x1536":["https:\/\/arantv.az\/wp-content\/uploads\/2024\/05\/499df4686964ae651c17c4f0827f7864.jpg",800,500,false],"2048x2048":["https:\/\/arantv.az\/wp-content\/uploads\/2024\/05\/499df4686964ae651c17c4f0827f7864.jpg",800,500,false],"post-thumbnail":["https:\/\/arantv.az\/wp-content\/uploads\/2024\/05\/499df4686964ae651c17c4f0827f7864-240x172.jpg",240,172,true],"advps-thumb-one":["https:\/\/arantv.az\/wp-content\/uploads\/2024\/05\/499df4686964ae651c17c4f0827f7864.jpg",800,500,false]},"rttpg_author":{"display_name":"V\u00fcsal Rafiqo\u011flu","author_link":"https:\/\/arantv.az\/?author=2"},"rttpg_comment":0,"rttpg_category":"<a href=\"https:\/\/arantv.az\/?cat=1\" rel=\"category\">C\u0259miyy\u0259t<\/a>","rttpg_excerpt":"F\u00f6vq\u0259lad\u0259 Hallar Nazirliyinin X\u0259z\u0259r H\u00f6vz\u0259 Q\u0259za Xilasetm\u0259 Xidm\u0259tind\u0259 kadr d\u0259yi\u015fikliyi olub. &#8220;Qaynarinfo&#8221;nun \u0259ld\u0259 etdiyi m\u0259lumata g\u00f6r\u0259, f\u00f6vq\u0259lad\u0259 hallar naziri general-polkovnik K\u0259mal\u0259ddin Heyd\u0259rovun m\u00fcvafiq \u0259mri il\u0259 xidm\u0259tin r\u0259isi Fuad Ramiz o\u011flu Ba\u011f\u0131rov v\u0259zif\u0259sind\u0259n azad edilib. Nazirin dig\u0259r \u0259mri il\u0259 s\u00f6z\u00fcged\u0259n xidm\u0259t\u0259 \u018fkr\u0259m Xanlar o\u011flu Q\u0259hr\u0259manov r\u0259is t\u0259yin olunub. \u018fkr\u0259m Q\u0259hr\u0259manov uzun ill\u0259r X\u0259z\u0259r H\u00f6vz\u0259 Q\u0259za Xilasetm\u0259&hellip;","_links":{"self":[{"href":"https:\/\/arantv.az\/index.php?rest_route=\/wp\/v2\/posts\/723401"}],"collection":[{"href":"https:\/\/arantv.az\/index.php?rest_route=\/wp\/v2\/posts"}],"about":[{"href":"https:\/\/arantv.az\/index.php?rest_route=\/wp\/v2\/types\/post"}],"author":[{"embeddable":true,"href":"https:\/\/arantv.az\/index.php?rest_route=\/wp\/v2\/users\/2"}],"replies":[{"embeddable":true,"href":"https:\/\/arantv.az\/index.php?rest_route=%2Fwp%2Fv2%2Fcomments&post=723401"}],"version-history":[{"count":0,"href":"https:\/\/arantv.az\/index.php?rest_route=\/wp\/v2\/posts\/723401\/revisions"}],"wp:featuredmedia":[{"embeddable":true,"href":"https:\/\/arantv.az\/index.php?rest_route=\/wp\/v2\/media\/723402"}],"wp:attachment":[{"href":"https:\/\/arantv.az\/index.php?rest_route=%2Fwp%2Fv2%2Fmedia&parent=723401"}],"wp:term":[{"taxonomy":"category","embeddable":true,"href":"https:\/\/arantv.az\/index.php?rest_route=%2Fwp%2Fv2%2Fcategories&post=723401"},{"taxonomy":"post_tag","embeddable":true,"href":"https:\/\/arantv.az\/index.php?rest_route=%2Fwp%2Fv2%2Ftags&post=723401"}],"curies":[{"name":"wp","href":"https:\/\/api.w.org\/{rel}","templated":true}]}}