{"id":723416,"date":"2024-05-20T21:21:10","date_gmt":"2024-05-20T17:21:10","guid":{"rendered":"https:\/\/arantv.az\/?p=723416"},"modified":"2024-05-20T21:21:10","modified_gmt":"2024-05-20T17:21:10","slug":"r%c9%99c%c9%99b-tayyib-%c9%99rdogan-ilham-%c9%99liyev%c9%99-z%c9%99ng-edib-3","status":"publish","type":"post","link":"https:\/\/arantv.az\/?p=723416","title":{"rendered":"R\u0259c\u0259b Tayyib \u018frdo\u011fan \u0130lham \u018fliyev\u0259 z\u0259ng edib"},"content":{"rendered":"<p>May\u0131n 20-d\u0259 T\u00fcrkiy\u0259 Respublikas\u0131n\u0131n Prezidenti R\u0259c\u0259b Tayyib \u018frdo\u011fan Az\u0259rbaycan Respublikas\u0131n\u0131n Prezidenti<strong>\u00a0\u0130lham \u018fliyev\u0259<\/strong>\u00a0z\u0259ng edib.<\/p>\n<p>Bu bar\u0259d\u0259<strong>\u00a0<a href=\"https:\/\/president.az\/az\/articles\/view\/65922\" target=\"_blank\" rel=\"nofollow noopener\">President.az<\/a>\u00a0<\/strong>m\u0259lumat yay\u0131b.<\/p>\n<p>Bildirilib ki, telefon s\u00f6hb\u0259ti zaman\u0131 T\u00fcrkiy\u0259-Az\u0259rbaycan \u0259laq\u0259l\u0259ri, regional v\u0259 qlobal prosesl\u0259r m\u00fczakir\u0259 olunub.<\/p>\n<p>Prezident R\u0259c\u0259b Tayyib \u018frdo\u011fan Az\u0259rbaycan il\u0259 Erm\u0259nistan aras\u0131nda s\u00fclh prosesinin m\u00fcsb\u0259t istiqam\u0259td\u0259 ir\u0259lil\u0259m\u0259sind\u0259n m\u0259mnunlu\u011funu ifad\u0259 edib v\u0259 T\u00fcrkiy\u0259nin prosesi yax\u0131ndan izl\u0259diyini bildirib.<\/p>\n<p>T\u00fcrkiy\u0259 Prezidenti b\u00f6lg\u0259d\u0259 t\u0259min olunacaq \u0259dal\u0259tli v\u0259 davaml\u0131 s\u00fclh\u00fcn h\u0259m Az\u0259rbaycan, h\u0259m Erm\u0259nistan, el\u0259c\u0259 d\u0259 b\u00f6lg\u0259 \u00f6lk\u0259l\u0259ri \u00fc\u00e7\u00fcn yeni bir m\u00fchit yaradaca\u011f\u0131n\u0131 vur\u011fulay\u0131b.<\/p>\n<p>S\u00f6hb\u0259t zaman\u0131 g\u0259l\u0259c\u0259k \u0259m\u0259kda\u015fl\u0131q haqq\u0131nda fikir m\u00fcbadil\u0259si apar\u0131l\u0131b.<\/p>\n","protected":false},"excerpt":{"rendered":"<p>May\u0131n 20-d\u0259 T\u00fcrkiy\u0259 Respublikas\u0131n\u0131n Prezidenti R\u0259c\u0259b Tayyib \u018frdo\u011fan Az\u0259rbaycan Respublikas\u0131n\u0131n Prezidenti\u00a0\u0130lham \u018fliyev\u0259\u00a0z\u0259ng edib. Bu bar\u0259d\u0259\u00a0President.az\u00a0m\u0259lumat yay\u0131b. Bildirilib ki, telefon s\u00f6hb\u0259ti zaman\u0131 T\u00fcrkiy\u0259-Az\u0259rbaycan \u0259laq\u0259l\u0259ri, regional v\u0259 qlobal prosesl\u0259r m\u00fczakir\u0259 olunub. Prezident R\u0259c\u0259b Tayyib \u018frdo\u011fan Az\u0259rbaycan il\u0259 Erm\u0259nistan aras\u0131nda s\u00fclh prosesinin m\u00fcsb\u0259t istiqam\u0259td\u0259 ir\u0259lil\u0259m\u0259sind\u0259n m\u0259mnunlu\u011funu ifad\u0259 edib v\u0259 T\u00fcrkiy\u0259nin prosesi yax\u0131ndan izl\u0259diyini bildirib. T\u00fcrkiy\u0259 Prezidenti b\u00f6lg\u0259d\u0259 t\u0259min olunacaq \u0259dal\u0259tli v\u0259 davaml\u0131 s\u00fclh\u00fcn h\u0259m Az\u0259rbaycan, h\u0259m Erm\u0259nistan, el\u0259c\u0259 d\u0259 b\u00f6lg\u0259 \u00f6lk\u0259l\u0259ri \u00fc\u00e7\u00fcn yeni bir m\u00fchit yaradaca\u011f\u0131n\u0131 vur\u011fulay\u0131b. S\u00f6hb\u0259t zaman\u0131 g\u0259l\u0259c\u0259k \u0259m\u0259kda\u015fl\u0131q haqq\u0131nda fikir m\u00fcbadil\u0259si apar\u0131l\u0131b.<\/p>\n","protected":false},"author":2,"featured_media":723417,"comment_status":"closed","ping_status":"closed","sticky":false,"template":"","format":"standard","meta":{"om_disable_all_campaigns":false,"_monsterinsights_skip_tracking":false,"_monsterinsights_sitenote_active":false,"_monsterinsights_sitenote_note":"","_monsterinsights_sitenote_category":0},"categories":[4],"tags":[],"aioseo_notices":[],"gutentor_comment":0,"rttpg_featured_image_url":{"full":["https:\/\/arantv.az\/wp-content\/uploads\/2024\/05\/1684814934.jpg",1200,800,false],"landscape":["https:\/\/arantv.az\/wp-content\/uploads\/2024\/05\/1684814934.jpg",1200,800,false],"portraits":["https:\/\/arantv.az\/wp-content\/uploads\/2024\/05\/1684814934.jpg",1200,800,false],"thumbnail":["https:\/\/arantv.az\/wp-content\/uploads\/2024\/05\/1684814934-500x280.jpg",500,280,true],"medium":["https:\/\/arantv.az\/wp-content\/uploads\/2024\/05\/1684814934-548x365.jpg",548,365,true],"large":["https:\/\/arantv.az\/wp-content\/uploads\/2024\/05\/1684814934-840x560.jpg",640,427,true],"1536x1536":["https:\/\/arantv.az\/wp-content\/uploads\/2024\/05\/1684814934.jpg",1200,800,false],"2048x2048":["https:\/\/arantv.az\/wp-content\/uploads\/2024\/05\/1684814934.jpg",1200,800,false],"post-thumbnail":["https:\/\/arantv.az\/wp-content\/uploads\/2024\/05\/1684814934-240x172.jpg",240,172,true],"advps-thumb-one":["https:\/\/arantv.az\/wp-content\/uploads\/2024\/05\/1684814934-1200x620.jpg",1200,620,true]},"rttpg_author":{"display_name":"V\u00fcsal Rafiqo\u011flu","author_link":"https:\/\/arantv.az\/?author=2"},"rttpg_comment":0,"rttpg_category":"<a href=\"https:\/\/arantv.az\/?cat=4\" rel=\"category\">Siyas\u0259t<\/a>","rttpg_excerpt":"May\u0131n 20-d\u0259 T\u00fcrkiy\u0259 Respublikas\u0131n\u0131n Prezidenti R\u0259c\u0259b Tayyib \u018frdo\u011fan Az\u0259rbaycan Respublikas\u0131n\u0131n Prezidenti\u00a0\u0130lham \u018fliyev\u0259\u00a0z\u0259ng edib. Bu bar\u0259d\u0259\u00a0President.az\u00a0m\u0259lumat yay\u0131b. Bildirilib ki, telefon s\u00f6hb\u0259ti zaman\u0131 T\u00fcrkiy\u0259-Az\u0259rbaycan \u0259laq\u0259l\u0259ri, regional v\u0259 qlobal prosesl\u0259r m\u00fczakir\u0259 olunub. Prezident R\u0259c\u0259b Tayyib \u018frdo\u011fan Az\u0259rbaycan il\u0259 Erm\u0259nistan aras\u0131nda s\u00fclh prosesinin m\u00fcsb\u0259t istiqam\u0259td\u0259 ir\u0259lil\u0259m\u0259sind\u0259n m\u0259mnunlu\u011funu ifad\u0259 edib v\u0259 T\u00fcrkiy\u0259nin prosesi yax\u0131ndan izl\u0259diyini bildirib. T\u00fcrkiy\u0259 Prezidenti b\u00f6lg\u0259d\u0259 t\u0259min&hellip;","_links":{"self":[{"href":"https:\/\/arantv.az\/index.php?rest_route=\/wp\/v2\/posts\/723416"}],"collection":[{"href":"https:\/\/arantv.az\/index.php?rest_route=\/wp\/v2\/posts"}],"about":[{"href":"https:\/\/arantv.az\/index.php?rest_route=\/wp\/v2\/types\/post"}],"author":[{"embeddable":true,"href":"https:\/\/arantv.az\/index.php?rest_route=\/wp\/v2\/users\/2"}],"replies":[{"embeddable":true,"href":"https:\/\/arantv.az\/index.php?rest_route=%2Fwp%2Fv2%2Fcomments&post=723416"}],"version-history":[{"count":0,"href":"https:\/\/arantv.az\/index.php?rest_route=\/wp\/v2\/posts\/723416\/revisions"}],"wp:featuredmedia":[{"embeddable":true,"href":"https:\/\/arantv.az\/index.php?rest_route=\/wp\/v2\/media\/723417"}],"wp:attachment":[{"href":"https:\/\/arantv.az\/index.php?rest_route=%2Fwp%2Fv2%2Fmedia&parent=723416"}],"wp:term":[{"taxonomy":"category","embeddable":true,"href":"https:\/\/arantv.az\/index.php?rest_route=%2Fwp%2Fv2%2Fcategories&post=723416"},{"taxonomy":"post_tag","embeddable":true,"href":"https:\/\/arantv.az\/index.php?rest_route=%2Fwp%2Fv2%2Ftags&post=723416"}],"curies":[{"name":"wp","href":"https:\/\/api.w.org\/{rel}","templated":true}]}}