{"id":723420,"date":"2024-05-20T21:22:40","date_gmt":"2024-05-20T17:22:40","guid":{"rendered":"https:\/\/arantv.az\/?p=723420"},"modified":"2024-05-20T21:22:40","modified_gmt":"2024-05-20T17:22:40","slug":"z%c9%99ngilanda-yeni-acilan-agali-hotelind%c9%99n-goruntul%c9%99r","status":"publish","type":"post","link":"https:\/\/arantv.az\/?p=723420","title":{"rendered":"Z\u0259ngilanda yeni a\u00e7\u0131lan &#8220;A\u011fal\u0131&#8221; hotelind\u0259n G\u00d6R\u00dcNT\u00dcL\u018fR"},"content":{"rendered":"<p style=\"font-weight: 400;\">Bir qrup media n\u00fcmay\u0259nd\u0259si Prezident\u00a0<b><strong>\u0130lham \u018fliyevin<\/strong><\/b>\u00a0may\u0131n 18-d\u0259 a\u00e7\u0131l\u0131\u015f\u0131n\u0131 etdiyi Z\u0259ngilan rayonunun A\u011fal\u0131 k\u0259ndind\u0259ki\u00a0<a href=\"https:\/\/oxu.az\/siyaset\/ilham-eliyev-ve-mehriban-eliyeva-zengilan-rayonunda-agali-hotelinin-acilisinda-istirak-edibler\">&#8220;A\u011fal\u0131&#8221; hoteld\u0259<\/a>\u00a0olublar.<\/p>\n<p style=\"font-weight: 400;\">Bildirilib ki, &#8220;A\u011fal\u0131&#8221; hoteli Z\u0259ngilan \u015f\u0259h\u0259r m\u0259rk\u0259zind\u0259n 20 kilometr m\u0259saf\u0259d\u0259, H\u0259k\u0259ri \u00e7ay\u0131 vasit\u0259sil\u0259 yarad\u0131lm\u0131\u015f s\u00fcni g\u00f6l\u00fcn sahilind\u0259 yerl\u0259\u015fir. Hotelin binas\u0131 \u00fc\u00e7 m\u0259rt\u0259b\u0259d\u0259n ibar\u0259tdir. Birinci m\u0259rt\u0259b\u0259d\u0259 qonaqlar\u0131 foye v\u0259 rahat g\u00f6zl\u0259m\u0259 zonas\u0131 qar\u015f\u0131lay\u0131r. Foyenin sa\u011f v\u0259 sol hiss\u0259l\u0259rind\u0259 restoranlar f\u0259aliyy\u0259t g\u00f6st\u0259r\u0259c\u0259k. Birinci m\u0259rt\u0259b\u0259nin sa\u011f qanad\u0131nda 60 n\u0259f\u0259rlik t\u0259dbir ota\u011f\u0131, h\u0259m\u00e7inin i\u015fg\u00fczar g\u00f6r\u00fc\u015fl\u0259r \u00fc\u00e7\u00fcn 20 n\u0259f\u0259rlik iclas zal\u0131 m\u00f6vcuddur. Sol qanadda is\u0259 x\u00fcsusi qonaqlar\u0131n qar\u015f\u0131lanmas\u0131 \u00fc\u00e7\u00fcn t\u0259dbir zal\u0131 v\u0259 76 n\u0259f\u0259rlik restoran var.<\/p>\n<p style=\"font-weight: 400;\">Vur\u011fulan\u0131b ki, hotelin ikinci v\u0259 \u00fc\u00e7\u00fcnc\u00fc m\u0259rt\u0259b\u0259l\u0259ri eyni tipli otaqlardan ibar\u0259tdir. H\u0259r m\u0259rt\u0259b\u0259d\u0259 39 otaq var. H\u0259m\u00e7inin hotelin h\u0259r m\u0259rt\u0259b\u0259sind\u0259 fiziki m\u0259hdudiyy\u0259tli qonaqlar \u00fc\u00e7\u00fcn x\u00fcsusi dizayn edilmi\u015f otaqlar da m\u00f6vcuddur. &#8220;A\u011fal\u0131&#8221; hotelinin zirz\u0259mi hiss\u0259sind\u0259 qonaqlar\u0131n sa\u011flaml\u0131q v\u0259 istirah\u0259tini t\u0259min etm\u0259k m\u0259qs\u0259dil\u0259 fitnes m\u0259rk\u0259zi yarad\u0131l\u0131b.<\/p>\n<p style=\"font-weight: 400;\">Qeyd ed\u0259k ki, Prezident<b><strong>\u00a0\u0130lham \u018fliyev\u00a0<\/strong><\/b>v\u0259 birinci xan\u0131m\u00a0<b><strong>Mehriban \u018fliyeva<\/strong><\/b>\u00a0may\u0131n 18-d\u0259 Z\u0259ngilan rayonunun A\u011fal\u0131 k\u0259ndind\u0259 &#8220;A\u011fal\u0131&#8221; hotelinin a\u00e7\u0131l\u0131\u015f\u0131nda i\u015ftirak edibl\u0259r.<\/p>\n<p style=\"font-weight: 400;\">\n","protected":false},"excerpt":{"rendered":"<p>Bir qrup media n\u00fcmay\u0259nd\u0259si Prezident\u00a0\u0130lham \u018fliyevin\u00a0may\u0131n 18-d\u0259 a\u00e7\u0131l\u0131\u015f\u0131n\u0131 etdiyi Z\u0259ngilan rayonunun A\u011fal\u0131 k\u0259ndind\u0259ki\u00a0&#8220;A\u011fal\u0131&#8221; hoteld\u0259\u00a0olublar. Bildirilib ki, &#8220;A\u011fal\u0131&#8221; hoteli Z\u0259ngilan \u015f\u0259h\u0259r m\u0259rk\u0259zind\u0259n 20 kilometr m\u0259saf\u0259d\u0259, H\u0259k\u0259ri \u00e7ay\u0131 vasit\u0259sil\u0259 yarad\u0131lm\u0131\u015f s\u00fcni g\u00f6l\u00fcn sahilind\u0259 yerl\u0259\u015fir. Hotelin binas\u0131 \u00fc\u00e7 m\u0259rt\u0259b\u0259d\u0259n ibar\u0259tdir. Birinci m\u0259rt\u0259b\u0259d\u0259 qonaqlar\u0131 foye v\u0259 rahat g\u00f6zl\u0259m\u0259 zonas\u0131 qar\u015f\u0131lay\u0131r. Foyenin sa\u011f v\u0259 sol hiss\u0259l\u0259rind\u0259 restoranlar f\u0259aliyy\u0259t g\u00f6st\u0259r\u0259c\u0259k. Birinci m\u0259rt\u0259b\u0259nin sa\u011f qanad\u0131nda 60 n\u0259f\u0259rlik t\u0259dbir ota\u011f\u0131, h\u0259m\u00e7inin i\u015fg\u00fczar g\u00f6r\u00fc\u015fl\u0259r \u00fc\u00e7\u00fcn 20 n\u0259f\u0259rlik iclas zal\u0131 m\u00f6vcuddur. Sol qanadda is\u0259 x\u00fcsusi qonaqlar\u0131n qar\u015f\u0131lanmas\u0131 \u00fc\u00e7\u00fcn t\u0259dbir zal\u0131 v\u0259 76 n\u0259f\u0259rlik restoran var. Vur\u011fulan\u0131b ki, hotelin ikinci v\u0259&hellip;<\/p>\n","protected":false},"author":2,"featured_media":494230,"comment_status":"closed","ping_status":"closed","sticky":false,"template":"","format":"standard","meta":{"om_disable_all_campaigns":false,"_monsterinsights_skip_tracking":false,"_monsterinsights_sitenote_active":false,"_monsterinsights_sitenote_note":"","_monsterinsights_sitenote_category":0},"categories":[19],"tags":[],"aioseo_notices":[],"gutentor_comment":0,"rttpg_featured_image_url":{"full":["https:\/\/arantv.az\/wp-content\/uploads\/2022\/07\/agali1.jpg",620,413,false],"landscape":["https:\/\/arantv.az\/wp-content\/uploads\/2022\/07\/agali1.jpg",620,413,false],"portraits":["https:\/\/arantv.az\/wp-content\/uploads\/2022\/07\/agali1.jpg",620,413,false],"thumbnail":["https:\/\/arantv.az\/wp-content\/uploads\/2022\/07\/agali1-500x280.jpg",500,280,true],"medium":["https:\/\/arantv.az\/wp-content\/uploads\/2022\/07\/agali1-548x365.jpg",548,365,true],"large":["https:\/\/arantv.az\/wp-content\/uploads\/2022\/07\/agali1.jpg",620,413,false],"1536x1536":["https:\/\/arantv.az\/wp-content\/uploads\/2022\/07\/agali1.jpg",620,413,false],"2048x2048":["https:\/\/arantv.az\/wp-content\/uploads\/2022\/07\/agali1.jpg",620,413,false],"post-thumbnail":["https:\/\/arantv.az\/wp-content\/uploads\/2022\/07\/agali1-240x172.jpg",240,172,true],"advps-thumb-one":["https:\/\/arantv.az\/wp-content\/uploads\/2022\/07\/agali1.jpg",620,413,false]},"rttpg_author":{"display_name":"V\u00fcsal Rafiqo\u011flu","author_link":"https:\/\/arantv.az\/?author=2"},"rttpg_comment":0,"rttpg_category":"<a href=\"https:\/\/arantv.az\/?cat=19\" rel=\"category\">G\u00fcnd\u0259m<\/a>","rttpg_excerpt":"Bir qrup media n\u00fcmay\u0259nd\u0259si Prezident\u00a0\u0130lham \u018fliyevin\u00a0may\u0131n 18-d\u0259 a\u00e7\u0131l\u0131\u015f\u0131n\u0131 etdiyi Z\u0259ngilan rayonunun A\u011fal\u0131 k\u0259ndind\u0259ki\u00a0&#8220;A\u011fal\u0131&#8221; hoteld\u0259\u00a0olublar. Bildirilib ki, &#8220;A\u011fal\u0131&#8221; hoteli Z\u0259ngilan \u015f\u0259h\u0259r m\u0259rk\u0259zind\u0259n 20 kilometr m\u0259saf\u0259d\u0259, H\u0259k\u0259ri \u00e7ay\u0131 vasit\u0259sil\u0259 yarad\u0131lm\u0131\u015f s\u00fcni g\u00f6l\u00fcn sahilind\u0259 yerl\u0259\u015fir. Hotelin binas\u0131 \u00fc\u00e7 m\u0259rt\u0259b\u0259d\u0259n ibar\u0259tdir. Birinci m\u0259rt\u0259b\u0259d\u0259 qonaqlar\u0131 foye v\u0259 rahat g\u00f6zl\u0259m\u0259 zonas\u0131 qar\u015f\u0131lay\u0131r. Foyenin sa\u011f v\u0259 sol hiss\u0259l\u0259rind\u0259 restoranlar f\u0259aliyy\u0259t g\u00f6st\u0259r\u0259c\u0259k. Birinci&hellip;","_links":{"self":[{"href":"https:\/\/arantv.az\/index.php?rest_route=\/wp\/v2\/posts\/723420"}],"collection":[{"href":"https:\/\/arantv.az\/index.php?rest_route=\/wp\/v2\/posts"}],"about":[{"href":"https:\/\/arantv.az\/index.php?rest_route=\/wp\/v2\/types\/post"}],"author":[{"embeddable":true,"href":"https:\/\/arantv.az\/index.php?rest_route=\/wp\/v2\/users\/2"}],"replies":[{"embeddable":true,"href":"https:\/\/arantv.az\/index.php?rest_route=%2Fwp%2Fv2%2Fcomments&post=723420"}],"version-history":[{"count":0,"href":"https:\/\/arantv.az\/index.php?rest_route=\/wp\/v2\/posts\/723420\/revisions"}],"wp:featuredmedia":[{"embeddable":true,"href":"https:\/\/arantv.az\/index.php?rest_route=\/wp\/v2\/media\/494230"}],"wp:attachment":[{"href":"https:\/\/arantv.az\/index.php?rest_route=%2Fwp%2Fv2%2Fmedia&parent=723420"}],"wp:term":[{"taxonomy":"category","embeddable":true,"href":"https:\/\/arantv.az\/index.php?rest_route=%2Fwp%2Fv2%2Fcategories&post=723420"},{"taxonomy":"post_tag","embeddable":true,"href":"https:\/\/arantv.az\/index.php?rest_route=%2Fwp%2Fv2%2Ftags&post=723420"}],"curies":[{"name":"wp","href":"https:\/\/api.w.org\/{rel}","templated":true}]}}