{"id":723434,"date":"2024-05-21T09:42:44","date_gmt":"2024-05-21T05:42:44","guid":{"rendered":"https:\/\/arantv.az\/?p=723434"},"modified":"2024-05-21T09:42:44","modified_gmt":"2024-05-21T05:42:44","slug":"r%c9%99isinin-olumu-az%c9%99rbaycanla-iran-arasindaki-son-razilasmalara-nec%c9%99-t%c9%99sir-ed%c9%99c%c9%99k","status":"publish","type":"post","link":"https:\/\/arantv.az\/?p=723434","title":{"rendered":"R\u0259isinin \u00f6l\u00fcm\u00fc Az\u0259rbaycanla \u0130ran aras\u0131ndak\u0131 son raz\u0131la\u015fmalara nec\u0259 t\u0259sir ed\u0259c\u0259k?"},"content":{"rendered":"<div class=\"post-detail-content-inner resize-area\">\n<p>Son ill\u0259r \u0130ranla Az\u0259rbaycan aras\u0131nda ya\u015fanan g\u0259rginlikl\u0259ri n\u0259z\u0259r\u0259 alsaq, Prezident\u00a0<strong>\u0130lham \u018fliyevin<\/strong>\u00a0\u0130ran \u0130slam Respublikas\u0131n\u0131n d\u00f6vl\u0259t ba\u015f\u00e7\u0131s\u0131 Seyid \u0130brahim R\u0259isi il\u0259\u00a0<a href=\"https:\/\/oxu.az\/siyaset\/azerbaycan-ve-iran-prezidentlerinin-iki-hidroqovsagin-acilis-merasiminde\" target=\"_blank\" rel=\"noopener\">g\u00f6r\u00fc\u015f\u00fc<\/a>, eyni zamanda d\u00fcnya ictimaiyy\u0259tin\u0259 veril\u0259n mesajlar iki \u00f6lk\u0259 aras\u0131nda yeni perspektivi ortaya qoyub.<\/p>\n<p>Bunlar\u0131n fonunda \u0130ran Prezidenti\u00a0<a href=\"https:\/\/oxu.az\/dunya\/iran-prezidentinin-helikopterinin-qezaya-ugradigi-yerden-yeni-goruntuler\" target=\"_blank\" rel=\"noopener\">faci\u0259vi \u015f\u0259kild\u0259<\/a>\u00a0h\u0259yat\u0131n\u0131 itirdi.<\/p>\n<p>Bu m\u0259qamda bel\u0259 bir sual ortaya \u00e7\u0131x\u0131r. \u0130ran Prezidentinin \u00f6l\u00fcm\u00fc \u0259ld\u0259 olunan raz\u0131l\u0131qlara v\u0259 iki \u00f6lk\u0259 aras\u0131ndak\u0131 m\u00fcnasib\u0259tl\u0259rd\u0259 g\u00f6zl\u0259nil\u0259n inki\u015fafa nec\u0259 t\u0259sir g\u00f6st\u0259r\u0259c\u0259k?<\/p>\n<p>Baku TV-nin m\u00f6vzu il\u0259 ba\u011fl\u0131 haz\u0131rlad\u0131\u011f\u0131 s\u00fcjeti t\u0259qdim edirik:<\/p>\n<p>&nbsp;<\/p>\n<div class=\"player-area ratio ratio-16x9\"><img src=\"https:\/\/img.youtube.com\/vi\/lPRI1FBTgsQ\/hqdefault.jpg\" alt=\"\" \/><\/div>\n<p>&nbsp;<\/p>\n<\/div>\n<div class=\"tag-area tag-area--slider\">\n<div class=\"swiper swiper-initialized swiper-horizontal swiper-pointer-events swiper-free-mode swiper-watch-progress swiper-backface-hidden\">\n<div id=\"swiper-wrapper-dff74521e8b933ff\" class=\"swiper-wrapper\" aria-live=\"polite\">\n<div class=\"swiper-slide swiper-slide-visible swiper-slide-active\" role=\"group\" aria-label=\"1 \/ 3\">\n<div class=\"tag-item\"><\/div>\n<\/div>\n<\/div>\n<\/div>\n<\/div>\n","protected":false},"excerpt":{"rendered":"<p>Son ill\u0259r \u0130ranla Az\u0259rbaycan aras\u0131nda ya\u015fanan g\u0259rginlikl\u0259ri n\u0259z\u0259r\u0259 alsaq, Prezident\u00a0\u0130lham \u018fliyevin\u00a0\u0130ran \u0130slam Respublikas\u0131n\u0131n d\u00f6vl\u0259t ba\u015f\u00e7\u0131s\u0131 Seyid \u0130brahim R\u0259isi il\u0259\u00a0g\u00f6r\u00fc\u015f\u00fc, eyni zamanda d\u00fcnya ictimaiyy\u0259tin\u0259 veril\u0259n mesajlar iki \u00f6lk\u0259 aras\u0131nda yeni perspektivi ortaya qoyub. Bunlar\u0131n fonunda \u0130ran Prezidenti\u00a0faci\u0259vi \u015f\u0259kild\u0259\u00a0h\u0259yat\u0131n\u0131 itirdi. Bu m\u0259qamda bel\u0259 bir sual ortaya \u00e7\u0131x\u0131r. \u0130ran Prezidentinin \u00f6l\u00fcm\u00fc \u0259ld\u0259 olunan raz\u0131l\u0131qlara v\u0259 iki \u00f6lk\u0259 aras\u0131ndak\u0131 m\u00fcnasib\u0259tl\u0259rd\u0259 g\u00f6zl\u0259nil\u0259n inki\u015fafa nec\u0259 t\u0259sir g\u00f6st\u0259r\u0259c\u0259k? Baku TV-nin m\u00f6vzu il\u0259 ba\u011fl\u0131 haz\u0131rlad\u0131\u011f\u0131 s\u00fcjeti t\u0259qdim edirik: &nbsp; &nbsp;<\/p>\n","protected":false},"author":2,"featured_media":723435,"comment_status":"closed","ping_status":"closed","sticky":false,"template":"","format":"standard","meta":{"om_disable_all_campaigns":false,"_monsterinsights_skip_tracking":false,"_monsterinsights_sitenote_active":false,"_monsterinsights_sitenote_note":"","_monsterinsights_sitenote_category":0},"categories":[4],"tags":[],"aioseo_notices":[],"gutentor_comment":0,"rttpg_featured_image_url":{"full":["https:\/\/arantv.az\/wp-content\/uploads\/2024\/05\/img_1073-scaled-1.jpg",700,419,false],"landscape":["https:\/\/arantv.az\/wp-content\/uploads\/2024\/05\/img_1073-scaled-1.jpg",700,419,false],"portraits":["https:\/\/arantv.az\/wp-content\/uploads\/2024\/05\/img_1073-scaled-1.jpg",700,419,false],"thumbnail":["https:\/\/arantv.az\/wp-content\/uploads\/2024\/05\/img_1073-scaled-1-500x280.jpg",500,280,true],"medium":["https:\/\/arantv.az\/wp-content\/uploads\/2024\/05\/img_1073-scaled-1-610x365.jpg",610,365,true],"large":["https:\/\/arantv.az\/wp-content\/uploads\/2024\/05\/img_1073-scaled-1.jpg",640,383,false],"1536x1536":["https:\/\/arantv.az\/wp-content\/uploads\/2024\/05\/img_1073-scaled-1.jpg",700,419,false],"2048x2048":["https:\/\/arantv.az\/wp-content\/uploads\/2024\/05\/img_1073-scaled-1.jpg",700,419,false],"post-thumbnail":["https:\/\/arantv.az\/wp-content\/uploads\/2024\/05\/img_1073-scaled-1-240x172.jpg",240,172,true],"advps-thumb-one":["https:\/\/arantv.az\/wp-content\/uploads\/2024\/05\/img_1073-scaled-1.jpg",700,419,false]},"rttpg_author":{"display_name":"V\u00fcsal Rafiqo\u011flu","author_link":"https:\/\/arantv.az\/?author=2"},"rttpg_comment":0,"rttpg_category":"<a href=\"https:\/\/arantv.az\/?cat=4\" rel=\"category\">Siyas\u0259t<\/a>","rttpg_excerpt":"Son ill\u0259r \u0130ranla Az\u0259rbaycan aras\u0131nda ya\u015fanan g\u0259rginlikl\u0259ri n\u0259z\u0259r\u0259 alsaq, Prezident\u00a0\u0130lham \u018fliyevin\u00a0\u0130ran \u0130slam Respublikas\u0131n\u0131n d\u00f6vl\u0259t ba\u015f\u00e7\u0131s\u0131 Seyid \u0130brahim R\u0259isi il\u0259\u00a0g\u00f6r\u00fc\u015f\u00fc, eyni zamanda d\u00fcnya ictimaiyy\u0259tin\u0259 veril\u0259n mesajlar iki \u00f6lk\u0259 aras\u0131nda yeni perspektivi ortaya qoyub. Bunlar\u0131n fonunda \u0130ran Prezidenti\u00a0faci\u0259vi \u015f\u0259kild\u0259\u00a0h\u0259yat\u0131n\u0131 itirdi. Bu m\u0259qamda bel\u0259 bir sual ortaya \u00e7\u0131x\u0131r. \u0130ran Prezidentinin \u00f6l\u00fcm\u00fc \u0259ld\u0259 olunan raz\u0131l\u0131qlara v\u0259 iki \u00f6lk\u0259 aras\u0131ndak\u0131&hellip;","_links":{"self":[{"href":"https:\/\/arantv.az\/index.php?rest_route=\/wp\/v2\/posts\/723434"}],"collection":[{"href":"https:\/\/arantv.az\/index.php?rest_route=\/wp\/v2\/posts"}],"about":[{"href":"https:\/\/arantv.az\/index.php?rest_route=\/wp\/v2\/types\/post"}],"author":[{"embeddable":true,"href":"https:\/\/arantv.az\/index.php?rest_route=\/wp\/v2\/users\/2"}],"replies":[{"embeddable":true,"href":"https:\/\/arantv.az\/index.php?rest_route=%2Fwp%2Fv2%2Fcomments&post=723434"}],"version-history":[{"count":0,"href":"https:\/\/arantv.az\/index.php?rest_route=\/wp\/v2\/posts\/723434\/revisions"}],"wp:featuredmedia":[{"embeddable":true,"href":"https:\/\/arantv.az\/index.php?rest_route=\/wp\/v2\/media\/723435"}],"wp:attachment":[{"href":"https:\/\/arantv.az\/index.php?rest_route=%2Fwp%2Fv2%2Fmedia&parent=723434"}],"wp:term":[{"taxonomy":"category","embeddable":true,"href":"https:\/\/arantv.az\/index.php?rest_route=%2Fwp%2Fv2%2Fcategories&post=723434"},{"taxonomy":"post_tag","embeddable":true,"href":"https:\/\/arantv.az\/index.php?rest_route=%2Fwp%2Fv2%2Ftags&post=723434"}],"curies":[{"name":"wp","href":"https:\/\/api.w.org\/{rel}","templated":true}]}}