{"id":723441,"date":"2024-05-21T09:44:48","date_gmt":"2024-05-21T05:44:48","guid":{"rendered":"https:\/\/arantv.az\/?p=723441"},"modified":"2024-05-21T09:44:48","modified_gmt":"2024-05-21T05:44:48","slug":"baki-v%c9%99-vasinqton-munasib%c9%99tl%c9%99rind%c9%99-yeni-m%c9%99rh%c9%99l%c9%99","status":"publish","type":"post","link":"https:\/\/arantv.az\/?p=723441","title":{"rendered":"Bak\u0131 v\u0259 Va\u015finqton m\u00fcnasib\u0259tl\u0259rind\u0259 yeni m\u0259rh\u0259l\u0259"},"content":{"rendered":"<p><strong>\u00d6t\u0259n h\u0259ft\u0259 AB\u015e-da s\u0259f\u0259rd\u0259 olan Az\u0259rbaycan Prezidentinin k\u00f6m\u0259k\u00e7isi\u00a0 Hikm\u0259t Hac\u0131yev \u00a0 d\u00f6vl\u0259t katibinin siyasi m\u0259s\u0259l\u0259l\u0259r \u00fczr\u0259 m\u00fcavini Con Bass, d\u00f6vl\u0259t katibinin Avropa v\u0259 Avrasiya m\u0259s\u0259l\u0259l\u0259ri \u00fczr\u0259 k\u00f6m\u0259k\u00e7isinin birinci m\u00fcavini Yuri Kim v\u0259 d\u00f6vl\u0259t katibinin demokratiya, \u0259m\u0259k v\u0259 insan h\u00fcquqlar\u0131 \u00fczr\u0259 k\u00f6m\u0259k\u00e7isi Robert Cilkristl\u0259 g\u00f6r\u00fc\u015f\u00fcb. G\u00f6r\u00fc\u015fl\u0259rd\u0259 ikit\u0259r\u0259fli m\u00fcnasib\u0259tl\u0259r, m\u00f6vcud regional v\u0259 qlobal t\u0259hl\u00fck\u0259sizlik m\u00fchiti, habel\u0259 Az\u0259rbaycanla Erm\u0259nistan aras\u0131nda m\u00fcnasib\u0259tl\u0259rin normalla\u015fmas\u0131 prosesini \u0259hat\u0259 ed\u0259n geni\u015f spektrli m\u0259s\u0259l\u0259l\u0259r m\u00fczakir\u0259 olunub.\u00a0<\/strong><\/p>\n<p><strong>Hikm\u0259t Hac\u0131yev\u00a0 A\u011f Evd\u0259 AB\u015e prezidentinin milli t\u0259hl\u00fck\u0259sizlik \u00fczr\u0259 m\u00fc\u015faviri Ceyk Sallivanla da g\u00f6r\u00fc\u015f\u00fcb. Bu bar\u0259d\u0259 Hikm\u0259t Hac\u0131yev X Platformas\u0131nda yaz\u0131b:<\/strong>\u00a0\u201cA\u011f Evd\u0259 AB\u015e prezidentinin milli t\u0259hl\u00fck\u0259sizlik \u00fczr\u0259 m\u00fc\u015faviri Ceyk Sallivanla \u00e7ox m\u0259zmunlu g\u00f6r\u00fc\u015f ba\u015f tutdu v\u0259 biz \u00f6lk\u0259l\u0259rimiz aras\u0131nda ikit\u0259r\u0259fli \u0259m\u0259kda\u015fl\u0131\u011f\u0131 v\u0259 \u0259laq\u0259l\u0259rimizin g\u0259l\u0259c\u0259k inki\u015faf perspektivl\u0259rini n\u0259z\u0259rd\u0259n ke\u00e7irdik. H\u0259m\u00e7inin regional v\u0259 qlobal m\u0259s\u0259l\u0259l\u0259r d\u0259 m\u00fczakir\u0259 edilib. Biz h\u0259m\u00e7inin regionda s\u00fclh\u00fcn b\u0259rq\u0259rar olmas\u0131 v\u0259 Erm\u0259nistan-Az\u0259rbaycan m\u00fcnasib\u0259tl\u0259rinin normalla\u015fmas\u0131 prosesi il\u0259 ba\u011fl\u0131 fikir m\u00fcbadil\u0259si apard\u0131q\u201d.<\/p>\n<p><strong>Hikm\u0259t Hac\u0131yev AB\u015e S\u00fclh \u0130nstitutunda da\u00a0 Az\u0259rbaycan-Amerika t\u0259r\u0259fda\u015fl\u0131\u011f\u0131n\u0131 m\u00fczakir\u0259 edib:<\/strong>\u00a0\u201cH\u00f6rm\u0259tli i\u015ftirak\u00e7\u0131larla Az\u0259rbaycan v\u0259 AB\u015e aras\u0131nda ikit\u0259r\u0259fli m\u00fcnasib\u0259tl\u0259r v\u0259 t\u0259r\u0259fda\u015fl\u0131\u011f\u0131m\u0131z\u0131n daha da inki\u015faf etdirilm\u0259si, Az\u0259rbaycan \u00fc\u00e7\u00fcn COP29 kimi daha qlobal v\u0259 yeni xarici siyas\u0259t bax\u0131\u015f\u0131, iqlim v\u0259 ya\u015f\u0131l h\u0259mr\u0259ylik g\u00fcnd\u0259liyi, M\u0259rk\u0259zi Asiya v\u0259 Az\u0259rbaycan vahid geosiyasi v\u0259 geoiqtisadi m\u0259kan kimi v\u0259 regional \u0259m\u0259kda\u015fl\u0131\u011f\u0131n g\u00fccl\u0259ndirilm\u0259si, Orta d\u0259hliz, X\u0259z\u0259r-Qara d\u0259niz b\u0259rpa olunan enerji d\u0259hlizi layih\u0259si, Erm\u0259nistan-Az\u0259rbaycan m\u00fcnasib\u0259tl\u0259rinin normalla\u015fd\u0131r\u0131lmas\u0131 v\u0259 s\u00fclh g\u00fcnd\u0259liyinin t\u0259\u015fviqi, C\u0259nubi Qafqaz regionunun transformasiyas\u0131 v\u0259 inteqrasiyas\u0131 il\u0259 ba\u011fl\u0131 geni\u015f fikir m\u00fcbadil\u0259si apard\u0131q\u201d.<\/p>\n<p>Az\u0259rbaycan AB\u015e-\u0131n vacib strateji-iqtisadi t\u0259r\u0259fda\u015f\u0131, qlobal enerji t\u0259hl\u00fck\u0259sizliyind\u0259 v\u0259 C\u0259nubi Qafqazda \u0259n b\u00f6y\u00fck ticar\u0259t t\u0259r\u0259fda\u015f\u0131 kimi Avropan\u0131n enerji t\u0259hl\u00fck\u0259sizliyind\u0259 v\u0259 qit\u0259l\u0259raras\u0131 transmilli enerji n\u0259qli mar\u015frutlar\u0131nda AB\u015e-la eyni m\u00f6vqed\u0259n \u00e7\u0131x\u0131\u015f edir.\u00a0 Az\u0259rbaycan h\u0259m\u00e7inin Avropa il\u0259 Asiya v\u0259 Yax\u0131n \u015e\u0259rq regionu aras\u0131nda m\u00fch\u00fcm n\u0259qliyyat d\u0259hlizi olan X\u0259z\u0259r d\u0259nizinin sa\u011f v\u0259 sol sahill\u0259ri, Uzaq \u015e\u0259rq,\u00a0 \u00c7inl\u0259 Avropa bazarlar\u0131n\u0131 birl\u0259\u015fdir\u0259n \u0130p\u0259k yolu\u00a0 zola\u011f\u0131n\u0131n strateji b\u0259ndidir.<\/p>\n<p>M\u0259lumdur ki, bir qrup erm\u0259nip\u0259r\u0259st konqresmen Bak\u0131ya qar\u015f\u0131 \u201csanksiya siyah\u0131s\u0131\u201d haz\u0131rlay\u0131b. Sanksiya t\u0259\u015f\u0259bb\u00fcs\u00fcn\u00fcn q\u0259bul edilm\u0259si perspektivi z\u0259ifdir, x\u00fcsusil\u0259 N\u00fcmay\u0259nd\u0259l\u0259r Palatas\u0131n\u0131n xarici \u0259laq\u0259l\u0259r komit\u0259sind\u0259 m\u00fczakir\u0259l\u0259rd\u0259n AB\u015e prezidentin\u0259 t\u0259qdimata q\u0259d\u0259r uzanan prosedur qaydalar\u0131 bunu dem\u0259y\u0259 \u0259sas verir. Eyni zamanda AB\u015e-\u0131n xarici siyas\u0259t maraqlar\u0131 bunun m\u00fcmk\u00fcn olmas\u0131 ehtimal\u0131n\u0131 azald\u0131r.\u00a0 Amma bel\u0259 g\u00f6r\u00fcn\u00fcr ki, bu s\u0259f\u0259r h\u0259m d\u0259 m\u00fcnasib\u0259tl\u0259ri\u00a0 yenid\u0259n g\u00f6zd\u0259n ke\u00e7irm\u0259k, m\u00fcnasib\u0259tl\u0259r\u0259 z\u0259r\u0259r ver\u0259n probleml\u0259rin m\u00fczakir\u0259si,\u00a0 el\u0259c\u0259 d\u0259 g\u0259l\u0259c\u0259k \u0259m\u0259kda\u015fl\u0131q perspektivini m\u00fczakir\u0259 etm\u0259k f\u00fcrs\u0259ti kimi d\u0259y\u0259rl\u0259ndiril\u0259 bil\u0259r.<\/p>\n<p><img src=\"https:\/\/hurriyyet.az\/frontend\/uploads\/files_son\/archive2\/aydin(1).jpg\" alt=\"Deputat Ayd\u0131n H\u00fcseynov sosial \u015f\u0259b\u0259k\u0259d\u0259 g\u00fcl\u00fc\u015f h\u0259d\u0259fin\u0259 \u00e7evrildi - FOTO\" \/><\/p>\n<p><strong>Deputat: \u201cHikm\u0259t Hac\u0131yevin s\u0259f\u0259rinin v\u0259 apard\u0131\u011f\u0131 dan\u0131\u015f\u0131qlar\u0131n da bu m\u0259s\u0259l\u0259d\u0259 m\u00fcsb\u0259t t\u0259sirinin\u00a0olaca\u011f\u0131n\u0131 s\u00f6yl\u0259y\u0259 bil\u0259rik\u201d<\/strong><\/p>\n<p><strong>Milli M\u0259clisin deputat\u0131 Ayd\u0131n H\u00fcseynov \u201cYeni M\u00fcsavat\u201da bildirib ki, Prezidentin k\u00f6m\u0259k\u00e7isi h\u00f6rm\u0259tli Hikm\u0259t Hac\u0131yevin AB\u015e s\u0259f\u0259ri iki \u00f6lk\u0259 aras\u0131nda \u0259laq\u0259l\u0259rin inki\u015faf\u0131na, \u015f\u00fcbh\u0259siz, m\u00fcsb\u0259t t\u0259sirini g\u00f6st\u0259r\u0259c\u0259k:<\/strong>\u00a0\u201cAz\u0259rbaycan AB\u015e-la \u0259laq\u0259l\u0259rin h\u0259mi\u015f\u0259 normal olmas\u0131nda maraql\u0131 olub. M\u00fcxt\u0259lif zamanlarda Va\u015finqtonla Bak\u0131 aras\u0131nda m\u0259s\u0259l\u0259l\u0259r\u0259 m\u00fcnasib\u0259td\u0259 m\u00f6vqe f\u0259rqliliyi olmas\u0131 is\u0259 t\u0259biidir. \u018fsas m\u0259s\u0259l\u0259 odur ki, h\u0259r iki d\u00f6vl\u0259t sonda \u00fcmumi, h\u0259r iki t\u0259r\u0259fi qane ed\u0259 bil\u0259n anla\u015fman\u0131 \u0259ld\u0259 etm\u0259yi bacar\u0131b. AB\u015e-Az\u0259rbaycan m\u00fcnasib\u0259tl\u0259ri strateji xarakter da\u015f\u0131y\u0131r. C\u0259nab Hikm\u0259t Hac\u0131yevin AB\u015e-a s\u0259f\u0259ri il\u0259 ba\u011fl\u0131 h\u0259m \u00f6lk\u0259mizin bu \u00f6lk\u0259d\u0259ki s\u0259firliyinin yayd\u0131\u011f\u0131 r\u0259smi m\u0259lumat, h\u0259m d\u0259 d\u00f6vl\u0259t katibi m\u00fcavininin \u00f6z\u00fcn\u00fcn yayd\u0131\u011f\u0131 m\u0259lumatlara, h\u0259m d\u0259 Hikm\u0259t m\u00fc\u0259llimin yayd\u0131\u011f\u0131 m\u0259lumata istinad ets\u0259k g\u00f6r\u0259rik ki, ikit\u0259r\u0259fli, d\u00f6vl\u0259tl\u0259raras\u0131 m\u00fcnasib\u0259tl\u0259rin, strateji xarakter da\u015f\u0131yan sah\u0259l\u0259rd\u0259ki m\u00fcnasib\u0259tl\u0259rin ayd\u0131nla\u015fd\u0131r\u0131lmas\u0131 v\u0259 inki\u015faf etdirilm\u0259si kimi m\u0259s\u0259l\u0259l\u0259r m\u00fczakir\u0259 olunub. COP29-la ba\u011fl\u0131 AB\u015e-la Az\u0259rbaycan aras\u0131ndak\u0131 \u0259m\u0259kda\u015fl\u0131q Bak\u0131n\u0131n h\u0259min t\u0259dbir\u0259 ev sahibliyi ed\u0259c\u0259yi il\u0259 ba\u011fl\u0131 r\u0259smi m\u0259lumatlar d\u0259rc edildiyi andan ba\u015flay\u0131b. Hikm\u0259t Hac\u0131yevin s\u0259f\u0259ri iki \u00f6lk\u0259 aras\u0131ndak\u0131 \u0259laq\u0259l\u0259rin daha \u00e7ox inki\u015faf\u0131na t\u0259kan ver\u0259c\u0259k. Az\u0259rbaycan Prezidenti \u0130lham \u018fliyev Amerika il\u0259 \u0259laq\u0259l\u0259r\u0259 h\u0259mi\u015f\u0259 \u00f6n\u0259m verib. Az\u0259rbaycan milli maraqlar\u0131n\u0131n t\u0259min olunmas\u0131n\u0131 AB\u015e-la \u0259m\u0259kda\u015fl\u0131qda daim prioritet olaraq g\u00f6r\u00fcb v\u0259 g\u00f6r\u00fcr. AB\u015e-da bir qrup konqresmen v\u0259 bir s\u0131ra siyasi dair\u0259l\u0259r daim Az\u0259rbaycanla m\u00fcnasib\u0259tl\u0259rin korlanmas\u0131, Az\u0259rbaycana qar\u015f\u0131 sanksiyalar\u0131n q\u0259bul edilm\u0259sin\u0259 c\u0259hdl\u0259r g\u00f6st\u0259rirl\u0259r. Bu yax\u0131nlarda ki\u00e7ik bir qrupdan ibar\u0259t erm\u0259ni lobbisin\u0259 ba\u011fl\u0131 konqresmenl\u0259rin Konqres\u0259 t\u0259qdim etdiyi anti-Az\u0259rbaycan layih\u0259si d\u0259 bu q\u0259bild\u0259ndir. \u018fslind\u0259 h\u0259min layih\u0259 AB\u015e-\u0131n da maraqlar\u0131na ziddir. Y\u0259qin ki, AB\u015e Konqresi bu avant\u00fcrist layih\u0259ni q\u0259bul etm\u0259y\u0259c\u0259k. H\u0259tta edils\u0259 bel\u0259, AB\u015e prezidenti t\u0259r\u0259find\u0259n t\u0259sdiql\u0259nm\u0259y\u0259c\u0259k. Az\u0259rbaycan Prezidentinin xarici m\u0259s\u0259l\u0259l\u0259r \u00fczr\u0259 k\u00f6m\u0259k\u00e7isi Hikm\u0259t Hac\u0131yevin s\u0259f\u0259rinin v\u0259 apard\u0131\u011f\u0131 dan\u0131\u015f\u0131qlar\u0131n da bu m\u0259s\u0259l\u0259d\u0259 m\u00fcsb\u0259t t\u0259sirinin olaca\u011f\u0131n\u0131 s\u00f6yl\u0259y\u0259 bil\u0259rik. Bu s\u0259f\u0259r ticari-iqtisadi, t\u0259hl\u00fck\u0259sizlik, siyasi-diplomatik sah\u0259l\u0259rd\u0259 qar\u015f\u0131l\u0131ql\u0131 m\u00fcnasib\u0259tl\u0259rin daha da yax\u015f\u0131la\u015fmas\u0131na xidm\u0259t g\u00f6st\u0259r\u0259c\u0259k. AB\u015e Az\u0259rbaycan\u0131n regionda s\u00f6z v\u0259 n\u00fcfuz sahibi olan \u00f6lk\u0259l\u0259rd\u0259n oldu\u011funu q\u0259bul edir\u201d.<\/p>\n<p><img loading=\"lazy\" src=\"https:\/\/konkret.az\/cloud\/uploads\/2021\/04\/elxansahinoglu.jpg\" alt=\"Elxan \u015eahino\u011flu son \u00e7\u0131x\u0131\u015f\u0131 il\u0259 \u00f6z\u00fcn\u00fc v\u0259 \u201ca\u011falar\u0131n\u0131\u201d bel\u0259 \u0259l\u0259 verdi -  \u018fTRAFLI | KONKRET\" width=\"875\" height=\"602\" \/><\/p>\n<p><strong>Politoloq: \u201cAB\u015e Parisd\u0259n f\u0259rqli olaraq Az\u0259rbaycan\u0131n C\u0259nubi Qafqazda oynad\u0131\u011f\u0131 rolu d\u0259y\u0259rl\u0259ndir\u0259 bilir\u201d<\/strong><\/p>\n<p>Politoloq Elxan \u015eahino\u011flu is\u0259 bildirdi ki, Prezidentin k\u00f6m\u0259k\u00e7isi Hikm\u0259t Hac\u0131yevin Va\u015finqtonda amerikal\u0131 r\u0259smil\u0259rl\u0259 g\u00f6r\u00fc\u015fl\u0259ri iki \u00f6lk\u0259 aras\u0131nda ara verilm\u0259y\u0259n dialoqun t\u0259rkib hiss\u0259sidir: \u201cHikm\u0259t Hac\u0131yevin g\u00f6r\u00fc\u015fd\u00fcy\u00fc y\u00fcks\u0259k v\u0259zif\u0259li r\u0259smil\u0259rd\u0259n biri AB\u015e prezidentinin milli t\u0259hl\u00fck\u0259sizlik \u00fczr\u0259 k\u00f6m\u0259k\u00e7isi Ceyk Sallivan oldu. Bu, onu g\u00f6st\u0259rir ki, Va\u015finqton Parisd\u0259n f\u0259rqli olaraq Az\u0259rbaycan\u0131n C\u0259nubi Qafqazda oynad\u0131\u011f\u0131 rolu d\u0259y\u0259rl\u0259ndir\u0259 bilir. Yeni Kaledoniyada ba\u015f ver\u0259nl\u0259r fonunda Fransa-Az\u0259rbaycan m\u00fcnasib\u0259tl\u0259rinin daha da g\u0259rginl\u0259\u015f\u0259c\u0259yini ehtimal etm\u0259k olar. Paris birba\u015fa v\u0259 Avropadak\u0131 imkanlar\u0131ndan istifad\u0259 ed\u0259r\u0259k Az\u0259rbaycan \u0259leyhin\u0259 \u00e7irkin niyy\u0259tl\u0259rini h\u0259yata ke\u00e7irm\u0259y\u0259 \u00e7al\u0131\u015facaq. Odur ki, bel\u0259 v\u0259ziyy\u0259td\u0259 r\u0259smi Bak\u0131n\u0131n Va\u015finqtonla m\u00fcnasib\u0259tl\u0259rini inki\u015faf etdirm\u0259sin\u0259 ehtiyac var, \u0259ks halda, iki c\u0259bh\u0259d\u0259 diplomatik m\u00fcbariz\u0259 Az\u0259rbaycana \u0259lav\u0259 \u00e7\u0259tinlikl\u0259r yarada bil\u0259r.<\/p>\n<p><strong>Va\u015finqtondak\u0131 g\u00f6r\u00fc\u015fd\u0259 Az\u0259rbaycanla ba\u011fl\u0131 bu suallar\u0131n s\u0259sl\u0259nm\u0259si m\u00fcmk\u00fcnd\u00fcr: 1. Az\u0259rbaycanla Erm\u0259nistan aras\u0131nda s\u00fclh v\u0259 ya \u00e7\u0259r\u00e7iv\u0259 sazi\u015finin bu il imzalanmas\u0131 n\u0259 d\u0259r\u0259c\u0259d\u0259 reald\u0131r? 2. Az\u0259rbaycan Erm\u0259nistan\u0131n regional layih\u0259l\u0259r\u0259 qo\u015fulmas\u0131na raz\u0131d\u0131rm\u0131? 3. Rusiyan\u0131n dan\u0131\u015f\u0131qlar prosesini \u0259ng\u0259ll\u0259m\u0259si m\u00fcmk\u00fcnd\u00fcrm\u00fc?<\/strong><\/p>\n<p>Va\u015finqton C\u0259nubi Qafqazda s\u00fclh v\u0259 b\u00f6lg\u0259 \u00f6lk\u0259l\u0259ri aras\u0131nda \u0259m\u0259kda\u015fl\u0131qda maraql\u0131d\u0131r. Bu, Az\u0259rbaycan\u0131n maraqlar\u0131 il\u0259 \u00fcst-\u00fcst\u0259 d\u00fc\u015f\u00fcr. Bu s\u0259b\u0259bd\u0259n Va\u015finqton Prezident \u0130lham \u018fliyevin ir\u0259li s\u00fcrd\u00fcy\u00fc \u201cQafqaz evi\u201d ideyas\u0131n\u0131 d\u0259st\u0259kl\u0259m\u0259lidir. \u00c7\u00fcnki bu ideyan\u0131n realla\u015fmas\u0131 Rusiya v\u0259 \u0130ran\u0131n b\u00f6lg\u0259y\u0259 t\u0259sir imkanlar\u0131n\u0131 minimuma endir\u0259c\u0259k. Moskva il\u0259 Tehran\u0131n C\u0259nubi Qafqazda f\u0259all\u0131\u011f\u0131n\u0131n \u0259leyhin\u0259 olan Va\u015finqton eyni zamanda Orta d\u0259hliz layih\u0259sinin \u0259leyhin\u0259 olmamal\u0131d\u0131r.<\/p>\n<p>Eyni zamanda Va\u015finqton Amerikadak\u0131 erm\u0259ni diasporu il\u0259 i\u015fbirliyind\u0259 olan konqresmenl\u0259rin q\u0259bul etdirm\u0259k ist\u0259diyi ant-Az\u0259rbaycan sanksiya layih\u0259sinin q\u0259buluna imkan verm\u0259m\u0259lidir&#8221;.<\/p>\n","protected":false},"excerpt":{"rendered":"<p>\u00d6t\u0259n h\u0259ft\u0259 AB\u015e-da s\u0259f\u0259rd\u0259 olan Az\u0259rbaycan Prezidentinin k\u00f6m\u0259k\u00e7isi\u00a0 Hikm\u0259t Hac\u0131yev \u00a0 d\u00f6vl\u0259t katibinin siyasi m\u0259s\u0259l\u0259l\u0259r \u00fczr\u0259 m\u00fcavini Con Bass, d\u00f6vl\u0259t katibinin Avropa v\u0259 Avrasiya m\u0259s\u0259l\u0259l\u0259ri \u00fczr\u0259 k\u00f6m\u0259k\u00e7isinin birinci m\u00fcavini Yuri Kim v\u0259 d\u00f6vl\u0259t katibinin demokratiya, \u0259m\u0259k v\u0259 insan h\u00fcquqlar\u0131 \u00fczr\u0259 k\u00f6m\u0259k\u00e7isi Robert Cilkristl\u0259 g\u00f6r\u00fc\u015f\u00fcb. G\u00f6r\u00fc\u015fl\u0259rd\u0259 ikit\u0259r\u0259fli m\u00fcnasib\u0259tl\u0259r, m\u00f6vcud regional v\u0259 qlobal t\u0259hl\u00fck\u0259sizlik m\u00fchiti, habel\u0259 Az\u0259rbaycanla Erm\u0259nistan aras\u0131nda m\u00fcnasib\u0259tl\u0259rin normalla\u015fmas\u0131 prosesini \u0259hat\u0259 ed\u0259n geni\u015f spektrli m\u0259s\u0259l\u0259l\u0259r m\u00fczakir\u0259 olunub.\u00a0 Hikm\u0259t Hac\u0131yev\u00a0 A\u011f Evd\u0259 AB\u015e prezidentinin milli t\u0259hl\u00fck\u0259sizlik \u00fczr\u0259 m\u00fc\u015faviri Ceyk Sallivanla da g\u00f6r\u00fc\u015f\u00fcb. Bu bar\u0259d\u0259 Hikm\u0259t Hac\u0131yev X Platformas\u0131nda yaz\u0131b:\u00a0\u201cA\u011f Evd\u0259 AB\u015e&hellip;<\/p>\n","protected":false},"author":2,"featured_media":723442,"comment_status":"closed","ping_status":"closed","sticky":false,"template":"","format":"standard","meta":{"om_disable_all_campaigns":false,"_monsterinsights_skip_tracking":false,"_monsterinsights_sitenote_active":false,"_monsterinsights_sitenote_note":"","_monsterinsights_sitenote_category":0},"categories":[4],"tags":[],"aioseo_notices":[],"gutentor_comment":0,"rttpg_featured_image_url":{"full":["https:\/\/arantv.az\/wp-content\/uploads\/2024\/05\/b01603578ada204ea589bd754e7a2a17.jpg",870,500,false],"landscape":["https:\/\/arantv.az\/wp-content\/uploads\/2024\/05\/b01603578ada204ea589bd754e7a2a17.jpg",870,500,false],"portraits":["https:\/\/arantv.az\/wp-content\/uploads\/2024\/05\/b01603578ada204ea589bd754e7a2a17.jpg",870,500,false],"thumbnail":["https:\/\/arantv.az\/wp-content\/uploads\/2024\/05\/b01603578ada204ea589bd754e7a2a17-500x280.jpg",500,280,true],"medium":["https:\/\/arantv.az\/wp-content\/uploads\/2024\/05\/b01603578ada204ea589bd754e7a2a17-635x365.jpg",635,365,true],"large":["https:\/\/arantv.az\/wp-content\/uploads\/2024\/05\/b01603578ada204ea589bd754e7a2a17-840x483.jpg",640,368,true],"1536x1536":["https:\/\/arantv.az\/wp-content\/uploads\/2024\/05\/b01603578ada204ea589bd754e7a2a17.jpg",870,500,false],"2048x2048":["https:\/\/arantv.az\/wp-content\/uploads\/2024\/05\/b01603578ada204ea589bd754e7a2a17.jpg",870,500,false],"post-thumbnail":["https:\/\/arantv.az\/wp-content\/uploads\/2024\/05\/b01603578ada204ea589bd754e7a2a17-240x172.jpg",240,172,true],"advps-thumb-one":["https:\/\/arantv.az\/wp-content\/uploads\/2024\/05\/b01603578ada204ea589bd754e7a2a17.jpg",870,500,false]},"rttpg_author":{"display_name":"V\u00fcsal Rafiqo\u011flu","author_link":"https:\/\/arantv.az\/?author=2"},"rttpg_comment":0,"rttpg_category":"<a href=\"https:\/\/arantv.az\/?cat=4\" rel=\"category\">Siyas\u0259t<\/a>","rttpg_excerpt":"\u00d6t\u0259n h\u0259ft\u0259 AB\u015e-da s\u0259f\u0259rd\u0259 olan Az\u0259rbaycan Prezidentinin k\u00f6m\u0259k\u00e7isi\u00a0 Hikm\u0259t Hac\u0131yev \u00a0 d\u00f6vl\u0259t katibinin siyasi m\u0259s\u0259l\u0259l\u0259r \u00fczr\u0259 m\u00fcavini Con Bass, d\u00f6vl\u0259t katibinin Avropa v\u0259 Avrasiya m\u0259s\u0259l\u0259l\u0259ri \u00fczr\u0259 k\u00f6m\u0259k\u00e7isinin birinci m\u00fcavini Yuri Kim v\u0259 d\u00f6vl\u0259t katibinin demokratiya, \u0259m\u0259k v\u0259 insan h\u00fcquqlar\u0131 \u00fczr\u0259 k\u00f6m\u0259k\u00e7isi Robert Cilkristl\u0259 g\u00f6r\u00fc\u015f\u00fcb. G\u00f6r\u00fc\u015fl\u0259rd\u0259 ikit\u0259r\u0259fli m\u00fcnasib\u0259tl\u0259r, m\u00f6vcud regional v\u0259 qlobal t\u0259hl\u00fck\u0259sizlik m\u00fchiti, habel\u0259 Az\u0259rbaycanla&hellip;","_links":{"self":[{"href":"https:\/\/arantv.az\/index.php?rest_route=\/wp\/v2\/posts\/723441"}],"collection":[{"href":"https:\/\/arantv.az\/index.php?rest_route=\/wp\/v2\/posts"}],"about":[{"href":"https:\/\/arantv.az\/index.php?rest_route=\/wp\/v2\/types\/post"}],"author":[{"embeddable":true,"href":"https:\/\/arantv.az\/index.php?rest_route=\/wp\/v2\/users\/2"}],"replies":[{"embeddable":true,"href":"https:\/\/arantv.az\/index.php?rest_route=%2Fwp%2Fv2%2Fcomments&post=723441"}],"version-history":[{"count":0,"href":"https:\/\/arantv.az\/index.php?rest_route=\/wp\/v2\/posts\/723441\/revisions"}],"wp:featuredmedia":[{"embeddable":true,"href":"https:\/\/arantv.az\/index.php?rest_route=\/wp\/v2\/media\/723442"}],"wp:attachment":[{"href":"https:\/\/arantv.az\/index.php?rest_route=%2Fwp%2Fv2%2Fmedia&parent=723441"}],"wp:term":[{"taxonomy":"category","embeddable":true,"href":"https:\/\/arantv.az\/index.php?rest_route=%2Fwp%2Fv2%2Fcategories&post=723441"},{"taxonomy":"post_tag","embeddable":true,"href":"https:\/\/arantv.az\/index.php?rest_route=%2Fwp%2Fv2%2Ftags&post=723441"}],"curies":[{"name":"wp","href":"https:\/\/api.w.org\/{rel}","templated":true}]}}