{"id":723444,"date":"2024-05-21T09:45:45","date_gmt":"2024-05-21T05:45:45","guid":{"rendered":"https:\/\/arantv.az\/?p=723444"},"modified":"2024-05-21T09:45:45","modified_gmt":"2024-05-21T05:45:45","slug":"aspa-nin-az%c9%99rbaycan-dilemmasi","status":"publish","type":"post","link":"https:\/\/arantv.az\/?p=723444","title":{"rendered":"A\u015ePA-n\u0131n Az\u0259rbaycan dilemmas\u0131"},"content":{"rendered":"<p><strong>Macar\u0131stan\u0131n xarici i\u015fl\u0259r naziri Peter Siyarto Az\u0259rbaycan n\u00fcmay\u0259nd\u0259 hey\u0259tinin Avropa \u015euras\u0131 Parlament Assambleyas\u0131n\u0131n i\u015find\u0259 i\u015ftirak\u0131n\u0131n b\u0259rpas\u0131 m\u0259s\u0259l\u0259sini qurumun Nazirl\u0259r Komit\u0259sinin iclas\u0131nda qald\u0131r\u0131b.\u00a0<\/strong><\/p>\n<p>\u201cAz\u0259rbaycan n\u00fcmay\u0259nd\u0259 hey\u0259tinin A\u015ePA-dak\u0131 f\u0259aliyy\u0259ti b\u0259rpa olunmal\u0131d\u0131r\u201d.<\/p>\n<p>APA \u201cAlpha News\u201da istinad\u0259n x\u0259b\u0259r verir ki, bunu Macar\u0131stan\u0131n xarici i\u015fl\u0259r naziri Peter Siyarto bildirib. O h\u0259m\u00e7inin Avropa \u015euras\u0131nda t\u0259msil olunan b\u0259zi d\u00f6vl\u0259tl\u0259rin n\u00fcmay\u0259nd\u0259 hey\u0259ti \u00fczvl\u0259rinin h\u0259r hans\u0131 d\u00f6vl\u0259t\u0259 qar\u015f\u0131 ittihamlar s\u0259sl\u0259ndirm\u0259sini yolverilm\u0259z adland\u0131r\u0131b.<\/p>\n<p>Siyarto bildirib ki, bir s\u0131ra avroparlamentaril\u0259r v\u0259zif\u0259 s\u0259lahiyy\u0259tl\u0259rind\u0259n sui-istifad\u0259 ed\u0259r\u0259k, dig\u0259r \u00f6lk\u0259l\u0259r\u0259 qar\u015f\u0131 ikili yana\u015fma s\u0259rgil\u0259yir: \u201c\u018fks\u0259r hallarda onlar bu v\u0259 ya dig\u0259r d\u00f6vl\u0259t haqq\u0131ndak\u0131 neqativ fikirl\u0259rini h\u0259min d\u00f6vl\u0259tin t\u0259msil\u00e7il\u0259rinin yan\u0131nda s\u00f6yl\u0259m\u0259kd\u0259n \u00e7\u0259kinir. \u018flb\u0259tt\u0259 ki, bunun \u00fc\u00e7\u00fcn c\u0259sar\u0259t laz\u0131md\u0131r. Bir s\u0131ra \u015f\u0259xsl\u0259r Az\u0259rbaycan\u0131n Avropa \u015euras\u0131n\u0131n Parlament Assambleyas\u0131n\u0131n i\u015find\u0259 i\u015ftirak etm\u0259m\u0259sind\u0259n yararlanmaq ist\u0259yir. Avropa \u015euras\u0131 t\u0259nqid platformas\u0131 deyil\u201d &#8211; ba\u015f nazir bildirib.\u00a0 Yada salaq ki, C\u00fcmhuriyy\u0259t Xalq Partiyas\u0131n\u0131n s\u0259dri \u00d6zg\u00fcr \u00d6z\u0259l A\u015e PA-n\u0131n yaz sessiyas\u0131nda \u00e7\u0131x\u0131\u015f\u0131nda Az\u0259rbaycana d\u0259st\u0259yini ifad\u0259 edib.<\/p>\n<p><strong>\u00d6t\u0259n ay\u00a0 Avropa \u015euras\u0131 Parlament Assambleyas\u0131n\u0131n (A\u015e PA) Az\u0259rbaycan \u00fczr\u0259 h\u0259mm\u0259ruz\u0259\u00e7isi, norve\u00e7li deputat Liz Kristoffersen Az\u0259rbaycan\u0131n bu quruma qay\u0131tmas\u0131 \u00fc\u00e7\u00fcn Nazirl\u0259r Komit\u0259sind\u0259 dan\u0131\u015f\u0131qlar getdiyini bildirib.\u00a0<\/strong><\/p>\n<p>\u201cBiz Az\u0259rbaycan\u0131 assambleyada g\u00f6rm\u0259k ist\u0259yirik. Bunun \u00fc\u00e7\u00fcn Az\u0259rbaycan hakimiyy\u0259ti m\u00fc\u0259yy\u0259n g\u00fcz\u0259\u015ftl\u0259r\u0259 getm\u0259lidir v\u0259 bir s\u0131ra t\u0259l\u0259bl\u0259ri yerin\u0259 yetirm\u0259lidir\u201d, &#8211; Kristoffersen deyib.<\/p>\n<p>Bu il yanvar\u0131n 24-d\u0259 A\u015e PA Az\u0259rbaycan n\u00fcmay\u0259nd\u0259 hey\u0259tinin s\u0259lahiyy\u0259tl\u0259rini t\u0259sdiql\u0259m\u0259yib. Buna Az\u0259rbaycan\u0131n 23 il \u00f6nc\u0259 Avropa \u015euras\u0131na qo\u015fulanda g\u00f6t\u00fcrd\u00fcy\u00fc \u0259sas \u00f6hd\u0259likl\u0259rini yerin\u0259 yetirm\u0259m\u0259si s\u0259b\u0259b g\u00f6st\u0259rilib. Bak\u0131n\u0131n t\u0259\u015fkilat\u0131n prinsipl\u0259rini pozmas\u0131, \u00f6lk\u0259d\u0259 insan h\u00fcquqlar\u0131n\u0131n durumu, siyasi m\u0259hbuslar\u0131n say\u0131n\u0131n artmas\u0131 \u0259sas g\u0259tirilib.<\/p>\n<p>Az\u0259rbaycan\u0131n A\u015e PA-dak\u0131 n\u00fcmay\u0259nd\u0259 hey\u0259ti qurumla i\u015fbirliyini qeyri-m\u00fc\u0259yy\u0259n m\u00fcdd\u0259t\u0259 dayand\u0131rd\u0131\u011f\u0131n\u0131 elan edib. N\u00fcmay\u0259nd\u0259 hey\u0259tinin b\u0259yanat\u0131nda deyilirdi ki, Az\u0259rbaycan \u0259razi b\u00fct\u00f6vl\u00fcy\u00fc v\u0259 suverenliyini b\u0259rpa ed\u0259nd\u0259n sonra qarayaxma v\u0259 q\u0259r\u0259zli m\u00fcnasib\u0259tl\u0259 \u00fczl\u0259\u015fib. Az\u0259rbaycana d\u0259st\u0259k artsa da, Strasburq h\u0259l\u0259 ki q\u0259rar verm\u0259y\u0259 t\u0259l\u0259smir. Niy\u0259?<\/p>\n<p><img src=\"https:\/\/cdn.trend.az\/2015\/05\/12\/fikret_yusifov_120515.jpg\" alt=\"Fikr\u0259t Yusifov: \u201cPrezident \u0130lham \u018fliyev he\u00e7 vaxt neft\u0259 g\u00fcv\u0259nm\u0259yib...\u201d\" \/><\/p>\n<p><strong>Fikr\u0259t Yusifov<\/strong><\/p>\n<p><strong>Sabiq maliyy\u0259 naziri, siyasi v\u0259 iqtisadi m\u0259s\u0259l\u0259l\u0259r \u00fczr\u0259 ekspert Fikr\u0259t Yusifov hesab edir ki, ikili standartlar\u0131n oldu\u011fu yerd\u0259 he\u00e7 bir m\u0259s\u0259l\u0259nin obyektiv h\u0259lli m\u00fcmk\u00fcn deyil:<\/strong>\u00a0\u201cM\u00fcst\u0259qilliyimizin ilk ill\u0259rind\u0259n Qaraba\u011f problemi il\u0259 ba\u011fl\u0131 biz Q\u0259rbd\u0259n yaln\u0131z qeyri-obyektiv m\u00fcnasib\u0259t g\u00f6rm\u00fc\u015f\u00fck. Bunlar 30 il \u0259rzind\u0259 i\u015f\u011fal\u00e7\u0131n\u0131 ittiham ed\u0259c\u0259k bir add\u0131m atmad\u0131lar v\u0259 sonda bu problemi biz \u00f6z g\u00fcc\u00fcm\u00fczl\u0259 \u00e7\u00f6zd\u00fck. \u0130ndi n\u0259 haqla bizim daxili i\u015fl\u0259rimiz\u0259 qar\u0131\u015f\u0131b \u00fcst\u00fcm\u00fcz\u0259 g\u0259lirl\u0259r. Avropa \u015euras\u0131n\u0131n Parlament Assambleyas\u0131nda Az\u0259rbaycan n\u00fcmay\u0259nd\u0259 hey\u0259tini f\u0259aliyy\u0259tini dayand\u0131rma\u011fa kim m\u0259cbur etdi? A\u015e PA-n\u0131n \u0259dal\u0259tsiz m\u00f6vqeyi, Az\u0259rbaycan\u0131n daxili i\u015fl\u0259rin\u0259 qar\u0131\u015fmaq q\u0259d\u0259r h\u0259yas\u0131zl\u0131\u011f\u0131 sonda bizim n\u00fcmay\u0259nd\u0259 hey\u0259tini bel\u0259 bir add\u0131m atma\u011fa m\u0259cbur etdi. Biz he\u00e7 bir d\u00f6vl\u0259tin daxili i\u015fl\u0259rin\u0259 qar\u0131\u015fm\u0131r\u0131q. Bu g\u00fcn Avropa Birliyi \u00f6lk\u0259l\u0259rind\u0259 insan haqlar\u0131 v\u0259 azadl\u0131qlar\u0131 sah\u0259sind\u0259 n\u0259 q\u0259d\u0259r probleml\u0259r ya\u015fan\u0131r. Bu, h\u0259min probleml\u0259ri ya\u015fayan h\u0259r bir d\u00f6vl\u0259tin daxili i\u015fidir. Biz Fransada milli azl\u0131qlar\u0131n h\u00fcquqlar\u0131n\u0131n pozulmas\u0131 il\u0259 ba\u011fl\u0131 probleml\u0259r bar\u0259sind\u0259 indi dan\u0131\u015fma\u011fa ba\u015flam\u0131\u015f\u0131q. Buna m\u0259cbur olduq. \u00c7\u00fcnki Fransa h\u00f6kum\u0259ti art\u0131q ill\u0259rdir ki, h\u0259yas\u0131zcas\u0131na bizim daxili i\u015fl\u0259rimiz\u0259 qar\u0131\u015f\u0131r. Biz d\u0259 bunun qar\u015f\u0131l\u0131\u011f\u0131n\u0131 bu \u015f\u0259kild\u0259 veririk. G\u00f6r\u00fcn\u0259n budur ki, Fransa h\u00f6kum\u0259ti bundan \u00e7ox q\u0259z\u0259bl\u0259nib v\u0259 indi d\u0259 Az\u0259rbaycan\u0131 Fransan\u0131n daxili i\u015fl\u0259rin\u0259 qar\u0131\u015fmaqda ittiham edir. Dem\u0259li, bizim bu m\u0259s\u0259l\u0259y\u0259 m\u00fcdaxil\u0259 etm\u0259yimizd\u0259n \u0259ndi\u015f\u0259l\u0259nibl\u0259r. B\u0259s biz ill\u0259rdir sizl\u0259rin Az\u0259rbaycan\u0131n daxili i\u015fl\u0259rin\u0259 burun soxma\u011f\u0131n\u0131za nec\u0259 d\u00f6z\u00fcr\u00fck?<\/p>\n<p><strong>Avropa \u0130ttifaq\u0131 v\u0259 onun t\u0259sisatlar\u0131 C\u0259nubi Qafqazda kimin kim oldu\u011funu yax\u015f\u0131 anlay\u0131rlar. Onlar \u00e7ox yax\u015f\u0131 ba\u015fa d\u00fc\u015f\u00fcrl\u0259r ki, Az\u0259rbaycan n\u0259 Erm\u0259nistan, n\u0259 d\u0259 G\u00fcrc\u00fcstand\u0131r. Sad\u0259c\u0259, bizi ist\u0259dikl\u0259ri kimi g\u00f6rm\u0259k ist\u0259yirl\u0259r, biz is\u0259 onlar\u0131n ist\u0259diyi kimi g\u00f6r\u00fcnm\u0259k ist\u0259m\u0259y\u0259c\u0259yik. Biz kimins\u0259 dikt\u0259si il\u0259 oturub-duran bir \u00f6lk\u0259 olmaq ist\u0259mirik. Bunu h\u0259r k\u0259s anlamal\u0131d\u0131r. A\u015e PA bizim n\u00fcmay\u0259nd\u0259 hey\u0259timizin f\u0259aliyy\u0259tini d\u0259 \u00f6z\u00fc b\u0259rpa ed\u0259c\u0259k, \u00e7\u00fcnki bu, Az\u0259rbaycandan daha \u00e7ox A\u015e PA-ya v\u0259 onun sahibi oldu\u011fu AB-y\u0259 laz\u0131md\u0131r&#8221;.<\/strong><\/p>\n<p><strong><img loading=\"lazy\" src=\"https:\/\/www.e-huquq.az\/media\/2021\/09\/04\/behruz.jpg\" alt=\"B\u0259hruz M\u0259h\u0259rr\u0259mov yeni hakim t\u0259yinatlar\u0131na m\u00fcnasib\u0259t bildirdi\" width=\"939\" height=\"704\" \/><\/strong><\/p>\n<p><strong>B\u0259hruz M\u0259h\u0259rr\u0259mov<\/strong><\/p>\n<p><strong>Deputat B\u0259hruz M\u0259h\u0259rr\u0259mov bu davran\u0131\u015fla A\u015e PA-n\u0131n \u00f6z\u00fcn\u0259 x\u0259l\u0259l g\u0259tirdiyini s\u00f6yl\u0259di:<\/strong>\u00a0\u201cMacar\u0131stan\u0131n xarici i\u015fl\u0259r naziri Peter Siyartonun Az\u0259rbaycan n\u00fcmay\u0259nd\u0259 hey\u0259tinin Avropa \u015euras\u0131 Parlament Assambleyas\u0131n\u0131n i\u015find\u0259 i\u015ftirak\u0131n\u0131n b\u0259rpas\u0131 m\u0259s\u0259l\u0259sini qurumun Nazirl\u0259r Komit\u0259sinin iclas\u0131nda qald\u0131rmas\u0131 dostcas\u0131na davran\u0131\u015f olsa da, ilk n\u00f6vb\u0259d\u0259 t\u0259\u015fkilat\u0131n \u00f6z\u00fcn\u00fcn n\u00fcfuzunun b\u0259rpas\u0131na y\u00f6n\u0259lib. Daha \u00f6nc\u0259 ox\u015far m\u00f6vqeni s\u0259rgil\u0259y\u0259n dig\u0259r siyasil\u0259r kimi c\u0259nab Siyarto da Az\u0259rbaycan\u0131n yax\u0131n dostu v\u0259 eyni zamanda bir avropal\u0131 kimi ba\u015fa d\u00fc\u015f\u00fcr ki, m\u00f6vcud irq\u00e7ilik, az\u0259rbaycanofobiya v\u0259 islamofobiya m\u00fchiti, \u0259slind\u0259 Avropa \u015euras\u0131n\u0131n \u0259sl mahiyy\u0259tini if\u015fa etm\u0259kl\u0259 t\u0259\u015fkilat\u0131n etibarl\u0131l\u0131\u011f\u0131na v\u0259 q\u0259r\u0259zsizliyin\u0259 ciddi z\u0259rb\u0259 vurmaqdad\u0131r. M\u00fc\u015fahid\u0259 olunan prosesl\u0259rin t\u0259\u015fkilat \u00fc\u00e7\u00fcn ciddi v\u0259 gerid\u00f6nm\u0259z n\u0259tic\u0259l\u0259rin\u0259 g\u00f6r\u0259 is\u0259 Az\u0259rbaycan m\u0259suliyy\u0259t da\u015f\u0131m\u0131r. Az\u0259rbaycan 2001-ci ild\u0259n Avropa \u015euras\u0131 il\u0259 Avropa xalqlar\u0131 ail\u0259sin\u0259 inteqrasiya v\u0259 Avropa standart v\u0259 d\u0259y\u0259rl\u0259rind\u0259n b\u0259hr\u0259l\u0259nm\u0259d\u0259 ehtiva olunan \u0259m\u0259kda\u015fl\u0131q etm\u0259kd\u0259dir. \u018fm\u0259kda\u015fl\u0131\u011f\u0131m\u0131z d\u00f6vr\u00fcnd\u0259 biz Avropa \u015euras\u0131 Parlament Assambleyas\u0131na m\u00fcxt\u0259lif \u00f6lk\u0259l\u0259rin parlamentaril\u0259ri aras\u0131nda qar\u015f\u0131l\u0131ql\u0131 h\u00f6rm\u0259t v\u0259 b\u0259rab\u0259rh\u00fcquqlu dialoq platformas\u0131 kimi yana\u015faraq bu t\u0259\u015fkilat\u0131n Az\u0259rbaycan\u0131n m\u0259ruz qald\u0131\u011f\u0131 i\u015f\u011fal v\u0259 t\u0259cav\u00fcz faktoru v\u0259 n\u0259tic\u0259d\u0259 y\u00fczminl\u0259rl\u0259 v\u0259t\u0259nda\u015f\u0131n pozulan haqlar\u0131n\u0131n t\u0259min edilm\u0259sind\u0259 rol oynaya bil\u0259c\u0259yin\u0259 inanm\u0131\u015f\u0131q. Hesab etmi\u015fik ki, Avropa \u015euras\u0131 el\u0259 m\u0259hz insan haqlar\u0131n\u0131 v\u0259 qanunun aliliyini m\u00fcdafi\u0259 etm\u0259k \u00fc\u00e7\u00fcn m\u00f6vcuddur. Lakin \u00f6t\u0259n d\u00f6vr \u0259rzind\u0259 Avropa \u015euras\u0131n\u0131n b\u00fct\u00fcn t\u0259sisatlar\u0131 kimi, A\u015e PA da m\u00fcnaqi\u015f\u0259 il\u0259 ba\u011fl\u0131 m\u0259s\u0259l\u0259l\u0259rin m\u00fczakir\u0259sind\u0259n imtina ed\u0259r\u0259k, n\u0259 q\u0259d\u0259r absurd s\u0259sl\u0259ns\u0259 d\u0259, Erm\u0259nistan\u0131n i\u015f\u011fal siyas\u0259ti n\u0259tic\u0259sind\u0259 1 milyondan art\u0131q insan\u0131n h\u00fcququnun pozulmas\u0131n\u0131n t\u0259\u015fkilat\u0131n mandat\u0131na uy\u011fun olmad\u0131\u011f\u0131n\u0131 iddia edirdi. Lakin Az\u0259rbaycan\u0131n \u00f6z\u00fcn\u00fcn beyn\u0259lxalq s\u0259viyy\u0259d\u0259 tan\u0131nan \u0259razil\u0259rini i\u015f\u011faldan azad etm\u0259si, s\u0259rh\u0259d b\u00fct\u00f6vl\u00fcy\u00fcn\u00fc v\u0259 b\u00fct\u00fcn \u0259razil\u0259rind\u0259 konstitusiya qurulu\u015funu b\u0259rpa etm\u0259si prosesind\u0259n d\u0259rhal sonra A\u015e PA m\u00f6vqeyini k\u0259skin \u015f\u0259kild\u0259 d\u0259yi\u015f\u0259r\u0259k \u00e7ox isterik formada erm\u0259ni psevdo maraqlar\u0131n\u0131n m\u00fcdafi\u0259\u00e7isin\u0259 \u00e7evrildi v\u0259 art\u0131q ba\u015fa \u00e7atm\u0131\u015f m\u00fcnaqi\u015f\u0259nin t\u0259r\u0259fi kimi davranma\u011fa ba\u015flad\u0131. X\u00fcsus\u0259n \u00f6t\u0259n il oktyabr\u0131n 23-d\u0259 \u201dDa\u011fl\u0131q Qaraba\u011fda humanitar v\u0259ziyy\u0259t&#8221; adl\u0131 q\u0259tnam\u0259 q\u0259bul ed\u0259r\u0259k Az\u0259rbaycan Respublikas\u0131n\u0131n suverenliyi, \u0259razi b\u00fct\u00f6vl\u00fcy\u00fc, s\u0259rh\u0259dl\u0259rinin toxunulmazl\u0131\u011f\u0131, milli maraqlar\u0131n\u0131 h\u0259d\u0259f\u0259 alan m\u00f6vqe ifad\u0259 etdi. Bu g\u00fcn Az\u0259rbaycan n\u00fcmay\u0259nd\u0259 hey\u0259tinin f\u0259aliyy\u0259tinin m\u0259hdudla\u015fd\u0131r\u0131lmas\u0131n\u0131 \u201cinsan haqlar\u0131 v\u0259 demokratik d\u0259y\u0259rl\u0259r\u201d amili il\u0259 p\u0259rd\u0259l\u0259m\u0259y\u0259 \u00e7al\u0131\u015fan A\u015e PA qeyd olunan q\u0259tnam\u0259nin 23-c\u00fc b\u0259ndind\u0259 \u201cDa\u011fl\u0131q Qaraba\u011f\u0131n erm\u0259ni \u0259halisinin humanitar v\u0259ziyy\u0259ti\u201dni \u0259sas g\u0259tirib h\u0259l\u0259 o zaman Az\u0259rbaycan n\u00fcmay\u0259nd\u0259 hey\u0259tinin etimadnam\u0259sini 2024-c\u00fc ilin ilk iclas\u0131nda tan\u0131mamaqla h\u0259d\u0259l\u0259mi\u015fdi. Y\u0259ni g\u00f6r\u00fcn\u0259n odur ki, Avropa \u015euras\u0131 n\u00fcmay\u0259nd\u0259 hey\u0259timizin etimadnam\u0259sini a\u00e7\u0131q-a\u015fkar lokal xarakterli antiterror t\u0259dbirl\u0259rin\u0259 cavab olaraq, qisas z\u0259minind\u0259 tan\u0131maqdan imtina edib.<\/p>\n<p><strong>Lakin A\u015e PA r\u0259smil\u0259ri v\u0259 siyasil\u0259r d\u0259 g\u00f6r\u00fcr ki, m\u00f6vcud fonda Az\u0259rbaycan n\u0259 is\u0259 itirmir. \u018fksin\u0259, lobbi al\u0259tin\u0259 \u00e7evrilmi\u015f Avropa \u015euras\u0131 Az\u0259rbaycan kimi bir t\u0259r\u0259fda\u015fdan m\u0259hrum olmaqla h\u0259m d\u0259 C\u0259nubi Qafqazda \u00f6z\u00fcn\u00fcn sonunu g\u0259tirir. Sonrak\u0131 d\u00f6vrl\u0259rd\u0259 A\u015e PA-n\u0131n siyasi muzdlusu Frank \u015evabenin yeni cinay\u0259tkar b\u0259yanat\u0131 da g\u00f6st\u0259rir ki, t\u0259\u015fkilat \u0259l atd\u0131\u011f\u0131 t\u0259zyiq metodlar\u0131 il\u0259 Az\u0259rbaycan\u0131n irad\u0259sin\u0259 t\u0259sir etm\u0259yin m\u00fcmk\u00fcns\u00fczl\u00fcy\u00fcn\u00fcn f\u0259rqin\u0259 var\u0131b. \u015evabe kimi siyasi \u0259xlaqs\u0131z\u0131n yenid\u0259n d\u00f6vriyy\u0259y\u0259 daxil olmas\u0131 da yaln\u0131z u\u011fursuzluqdan do\u011fan isterikad\u0131r. C\u0259nab Peter Siyarto da m\u0259hz bu reall\u0131\u011f\u0131 g\u00f6r\u00fcr v\u0259 bu m\u0259nada Avropa \u015euras\u0131nda t\u0259msil olunan b\u0259zi d\u00f6vl\u0259tl\u0259rin n\u00fcmay\u0259nd\u0259 hey\u0259ti \u00fczvl\u0259rinin h\u0259r hans\u0131 d\u00f6vl\u0259t\u0259 qar\u015f\u0131 ittihamlar s\u0259sl\u0259ndirm\u0259sini yolverilm\u0259z adland\u0131r\u0131r. Macar siyas\u0259t\u00e7i ayd\u0131n \u015f\u0259kild\u0259 ba\u015fa d\u00fc\u015f\u00fcr ki, bu ritorika il\u0259 A\u015e PA yaln\u0131z \u00f6z\u00fcn\u00fc n\u00fcfuzdan sal\u0131r. Y\u0259ni prosesin bu ssenari \u00fczr\u0259 uzanmas\u0131, m\u00fcnasib\u0259tl\u0259rin g\u0259rginl\u0259\u015fm\u0259si yaln\u0131z kollektiv Q\u0259rb \u00fc\u00e7\u00fcn al\u0259t\u0259 \u00e7evrilmi\u015f A\u015e PA-n\u0131n \u00f6z\u00fc \u00fc\u00e7\u00fcn l\u0259k\u0259dir.\u00a0<\/strong><\/p>\n<p>\u0130ndiki m\u0259qamda is\u0259 biz Avropa \u015euras\u0131 Parlament Assambleyas\u0131 il\u0259 m\u00fcnasib\u0259tl\u0259rin normalla\u015fmas\u0131 istiqam\u0259tind\u0259 x\u00fcsusi t\u0259\u015fviql\u0259rd\u0259 bulunmaq niyy\u0259tind\u0259 deyilik. M\u00fcnasib\u0259tl\u0259r Avropa \u015euras\u0131 Parlament Assambleyas\u0131n\u0131n Q\u0259rbin \u00e7irkli al\u0259tin\u0259 \u00e7evrilm\u0259sind\u0259n sonra korlan\u0131b v\u0259 bu proses\u0259 g\u00f6r\u0259 Az\u0259rbaycan m\u0259suliyy\u0259t da\u015f\u0131m\u0131r. T\u0259bii ki, Avropa \u015euras\u0131 Parlament Assambleyas\u0131 Az\u0259rbaycanla \u0259m\u0259kda\u015fl\u0131qda maraql\u0131 olacaqsa, \u00f6z\u00fcn\u00fcn ay\u0131r\u0131c\u0131 x\u0259tl\u0259rind\u0259n imtina ed\u0259c\u0259yi halda v\u0259 \u015evabe kimi siyasi etikadan k\u0259nar, korrupsiyala\u015fm\u0131\u015f \u015f\u0259xsl\u0259rin dili il\u0259 dan\u0131\u015fmaqdan imtina etdikd\u0259n sonra Az\u0259rbaycan bu bar\u0259d\u0259 d\u00fc\u015f\u00fcn\u0259 bil\u0259r. Biz maraqlar\u0131m\u0131z\u0131 t\u0259min ed\u0259 bil\u0259c\u0259yimiz b\u00fct\u00fcn platformalara a\u00e7\u0131\u011f\u0131q, o c\u00fcml\u0259d\u0259n \u0259m\u0259kda\u015fl\u0131\u011f\u0131m\u0131z d\u00f6vr\u00fcnd\u0259 A\u015e PA-n\u0131n \u00f6zl\u00fcy\u00fcnd\u0259 Az\u0259rbaycanla ba\u011fl\u0131 h\u0259r hans\u0131 m\u00fczakir\u0259 il\u0259 h\u0259ll olunmayacaq problemi olmay\u0131b. Bu g\u00fcn d\u0259 biz he\u00e7 bir subyektl\u0259, o c\u00fcml\u0259d\u0259n Avropa \u015euras\u0131 t\u0259sisatlar\u0131 il\u0259 problemli m\u00fcnasib\u0259t arzulam\u0131r\u0131q. Lakin m\u00f6vcud g\u0259rginlik bizd\u0259n qaynaqlanmad\u0131\u011f\u0131 \u00fc\u00e7\u00fcn gedi\u015fat bizi narahat etmir, A\u015e PA Az\u0259rbaycan\u0131n Avropada m\u00f6vcudlu\u011fu \u00fc\u00e7\u00fcn h\u0259lledici t\u0259sisat deyil. C\u0259nab \u0130lham \u018fliyev el\u0259 geosiyasi konfiqurasiya formala\u015fd\u0131r\u0131b ki, Az\u0259rbaycan Avropada 9 d\u00f6vl\u0259tl\u0259 strateji \u0259m\u0259kda\u015fl\u0131q m\u00fcnasib\u0259tl\u0259rin\u0259 malikdir, eyni zamanda bir s\u0131ra Avropa d\u00f6vl\u0259tl\u0259rinin enerji t\u0259hl\u00fck\u0259sizliyi, dolay\u0131s\u0131 il\u0259 milli t\u0259hl\u00fck\u0259sizliyind\u0259 rol al\u0131r. Y\u0259ni A\u015e PA-n\u0131n bu davran\u0131\u015f\u0131 il\u0259 \u0259slind\u0259 Az\u0259rbaycan he\u00e7 n\u0259 itirmir, \u0259ksin\u0259 A\u015e PA birm\u0259nal\u0131 \u015f\u0259kild\u0259 \u00f6z\u00fcn\u00fc if\u015fa etmi\u015f olur&#8221;.<\/p>\n","protected":false},"excerpt":{"rendered":"<p>Macar\u0131stan\u0131n xarici i\u015fl\u0259r naziri Peter Siyarto Az\u0259rbaycan n\u00fcmay\u0259nd\u0259 hey\u0259tinin Avropa \u015euras\u0131 Parlament Assambleyas\u0131n\u0131n i\u015find\u0259 i\u015ftirak\u0131n\u0131n b\u0259rpas\u0131 m\u0259s\u0259l\u0259sini qurumun Nazirl\u0259r Komit\u0259sinin iclas\u0131nda qald\u0131r\u0131b.\u00a0 \u201cAz\u0259rbaycan n\u00fcmay\u0259nd\u0259 hey\u0259tinin A\u015ePA-dak\u0131 f\u0259aliyy\u0259ti b\u0259rpa olunmal\u0131d\u0131r\u201d. APA \u201cAlpha News\u201da istinad\u0259n x\u0259b\u0259r verir ki, bunu Macar\u0131stan\u0131n xarici i\u015fl\u0259r naziri Peter Siyarto bildirib. O h\u0259m\u00e7inin Avropa \u015euras\u0131nda t\u0259msil olunan b\u0259zi d\u00f6vl\u0259tl\u0259rin n\u00fcmay\u0259nd\u0259 hey\u0259ti \u00fczvl\u0259rinin h\u0259r hans\u0131 d\u00f6vl\u0259t\u0259 qar\u015f\u0131 ittihamlar s\u0259sl\u0259ndirm\u0259sini yolverilm\u0259z adland\u0131r\u0131b. Siyarto bildirib ki, bir s\u0131ra avroparlamentaril\u0259r v\u0259zif\u0259 s\u0259lahiyy\u0259tl\u0259rind\u0259n sui-istifad\u0259 ed\u0259r\u0259k, dig\u0259r \u00f6lk\u0259l\u0259r\u0259 qar\u015f\u0131 ikili yana\u015fma s\u0259rgil\u0259yir: \u201c\u018fks\u0259r hallarda onlar bu v\u0259 ya dig\u0259r d\u00f6vl\u0259t haqq\u0131ndak\u0131 neqativ fikirl\u0259rini&hellip;<\/p>\n","protected":false},"author":2,"featured_media":723445,"comment_status":"closed","ping_status":"closed","sticky":false,"template":"","format":"standard","meta":{"om_disable_all_campaigns":false,"_monsterinsights_skip_tracking":false,"_monsterinsights_sitenote_active":false,"_monsterinsights_sitenote_note":"","_monsterinsights_sitenote_category":0},"categories":[4],"tags":[],"aioseo_notices":[],"gutentor_comment":0,"rttpg_featured_image_url":{"full":["https:\/\/arantv.az\/wp-content\/uploads\/2024\/05\/c0146e30904793f57749807ae9f21994.jpg",870,500,false],"landscape":["https:\/\/arantv.az\/wp-content\/uploads\/2024\/05\/c0146e30904793f57749807ae9f21994.jpg",870,500,false],"portraits":["https:\/\/arantv.az\/wp-content\/uploads\/2024\/05\/c0146e30904793f57749807ae9f21994.jpg",870,500,false],"thumbnail":["https:\/\/arantv.az\/wp-content\/uploads\/2024\/05\/c0146e30904793f57749807ae9f21994-500x280.jpg",500,280,true],"medium":["https:\/\/arantv.az\/wp-content\/uploads\/2024\/05\/c0146e30904793f57749807ae9f21994-635x365.jpg",635,365,true],"large":["https:\/\/arantv.az\/wp-content\/uploads\/2024\/05\/c0146e30904793f57749807ae9f21994-840x483.jpg",640,368,true],"1536x1536":["https:\/\/arantv.az\/wp-content\/uploads\/2024\/05\/c0146e30904793f57749807ae9f21994.jpg",870,500,false],"2048x2048":["https:\/\/arantv.az\/wp-content\/uploads\/2024\/05\/c0146e30904793f57749807ae9f21994.jpg",870,500,false],"post-thumbnail":["https:\/\/arantv.az\/wp-content\/uploads\/2024\/05\/c0146e30904793f57749807ae9f21994-240x172.jpg",240,172,true],"advps-thumb-one":["https:\/\/arantv.az\/wp-content\/uploads\/2024\/05\/c0146e30904793f57749807ae9f21994.jpg",870,500,false]},"rttpg_author":{"display_name":"V\u00fcsal Rafiqo\u011flu","author_link":"https:\/\/arantv.az\/?author=2"},"rttpg_comment":0,"rttpg_category":"<a href=\"https:\/\/arantv.az\/?cat=4\" rel=\"category\">Siyas\u0259t<\/a>","rttpg_excerpt":"Macar\u0131stan\u0131n xarici i\u015fl\u0259r naziri Peter Siyarto Az\u0259rbaycan n\u00fcmay\u0259nd\u0259 hey\u0259tinin Avropa \u015euras\u0131 Parlament Assambleyas\u0131n\u0131n i\u015find\u0259 i\u015ftirak\u0131n\u0131n b\u0259rpas\u0131 m\u0259s\u0259l\u0259sini qurumun Nazirl\u0259r Komit\u0259sinin iclas\u0131nda qald\u0131r\u0131b.\u00a0 \u201cAz\u0259rbaycan n\u00fcmay\u0259nd\u0259 hey\u0259tinin A\u015ePA-dak\u0131 f\u0259aliyy\u0259ti b\u0259rpa olunmal\u0131d\u0131r\u201d. APA \u201cAlpha News\u201da istinad\u0259n x\u0259b\u0259r verir ki, bunu Macar\u0131stan\u0131n xarici i\u015fl\u0259r naziri Peter Siyarto bildirib. O h\u0259m\u00e7inin Avropa \u015euras\u0131nda t\u0259msil olunan b\u0259zi d\u00f6vl\u0259tl\u0259rin n\u00fcmay\u0259nd\u0259 hey\u0259ti \u00fczvl\u0259rinin&hellip;","_links":{"self":[{"href":"https:\/\/arantv.az\/index.php?rest_route=\/wp\/v2\/posts\/723444"}],"collection":[{"href":"https:\/\/arantv.az\/index.php?rest_route=\/wp\/v2\/posts"}],"about":[{"href":"https:\/\/arantv.az\/index.php?rest_route=\/wp\/v2\/types\/post"}],"author":[{"embeddable":true,"href":"https:\/\/arantv.az\/index.php?rest_route=\/wp\/v2\/users\/2"}],"replies":[{"embeddable":true,"href":"https:\/\/arantv.az\/index.php?rest_route=%2Fwp%2Fv2%2Fcomments&post=723444"}],"version-history":[{"count":0,"href":"https:\/\/arantv.az\/index.php?rest_route=\/wp\/v2\/posts\/723444\/revisions"}],"wp:featuredmedia":[{"embeddable":true,"href":"https:\/\/arantv.az\/index.php?rest_route=\/wp\/v2\/media\/723445"}],"wp:attachment":[{"href":"https:\/\/arantv.az\/index.php?rest_route=%2Fwp%2Fv2%2Fmedia&parent=723444"}],"wp:term":[{"taxonomy":"category","embeddable":true,"href":"https:\/\/arantv.az\/index.php?rest_route=%2Fwp%2Fv2%2Fcategories&post=723444"},{"taxonomy":"post_tag","embeddable":true,"href":"https:\/\/arantv.az\/index.php?rest_route=%2Fwp%2Fv2%2Ftags&post=723444"}],"curies":[{"name":"wp","href":"https:\/\/api.w.org\/{rel}","templated":true}]}}