{"id":723447,"date":"2024-05-21T09:46:46","date_gmt":"2024-05-21T05:46:46","guid":{"rendered":"https:\/\/arantv.az\/?p=723447"},"modified":"2024-05-21T09:46:46","modified_gmt":"2024-05-21T05:46:46","slug":"dord-k%c9%99nd-1976-ci-il-x%c9%99rit%c9%99si-il%c9%99-b%c9%99s-sonra","status":"publish","type":"post","link":"https:\/\/arantv.az\/?p=723447","title":{"rendered":"D\u00f6rd k\u0259nd 1976-c\u0131 il x\u0259rit\u0259si il\u0259&#8230; &#8211; b\u0259s sonra?"},"content":{"rendered":"<p><strong>Ke\u00e7mi\u015f xarici i\u015fl\u0259r naziri Tofiq Z\u00fclf\u00fcqarov Axar.az-a m\u00fcsahib\u0259sind\u0259 Erm\u0259nistan\u0131n niy\u0259 b\u00fct\u00fcn delimitasiya prosesinin 1976-c\u0131 ilin x\u0259rit\u0259sin\u0259 \u0259sas\u0259n olmas\u0131n\u0131 ist\u0259m\u0259sin\u0259 ayd\u0131nl\u0131q g\u0259tirib.\u00a0 Onun s\u00f6zl\u0259rin\u0259 g\u00f6r\u0259, Almat\u0131 B\u0259yannam\u0259sind\u0259, \u00fcmumiyy\u0259tl\u0259, x\u0259rit\u0259, \u00f6lk\u0259l\u0259rin s\u0259rh\u0259dl\u0259ri haqda he\u00e7 n\u0259 yoxdur.\u00a0<\/strong><\/p>\n<p>Ke\u00e7mi\u015f nazir vur\u011fulay\u0131b ki, s\u0259rh\u0259dl\u0259rin delimitasiyas\u0131 1976-c\u0131 il x\u0259rit\u0259si il\u0259 davam etm\u0259y\u0259c\u0259k: \u201cAz\u0259rbaycan\u0131n r\u0259smi m\u00f6vqeyi b\u0259llidir. Bu proses \u00fcmumi olaraq 4 k\u0259ndl\u0259 ba\u011fl\u0131d\u0131r. \u00c7\u00fcnki s\u0259rh\u0259din m\u0259hz bu hiss\u0259si (Qazax-Tavu\u015f s\u0259rh\u0259di &#8211; red.) 1920-ci ild\u0259n d\u0259yi\u015fm\u0259yib. \u018fg\u0259r Almat\u0131 B\u0259yannam\u0259sinin prinsipini g\u00f6t\u00fcrs\u0259k, m\u0259ntiql\u0259 bel\u0259 \u00e7\u0131x\u0131r ki, sovet d\u00f6vr\u00fcn\u00fcn ilk g\u00fcn\u00fcnd\u0259 olan s\u0259rh\u0259dl\u0259r \u0259sas g\u00f6t\u00fcr\u00fclm\u0259lidir. Sovet d\u00f6vr\u00fc Az\u0259rbaycanda 1920-ci ilin aprelind\u0259n ba\u015flay\u0131r. Erm\u0259nistan is\u0259 Rusiya t\u0259r\u0259find\u0259n noyabrda i\u015f\u011fal olunub. Y\u0259ni s\u0259rh\u0259din dig\u0259r hiss\u0259l\u0259rinin delimitasiya prinsipl\u0259ri m\u0259s\u0259l\u0259si h\u0259l\u0259 a\u00e7\u0131qd\u0131r. Haz\u0131rda s\u0259rh\u0259din t\u0259xmin\u0259n 1 faizi m\u00fc\u0259yy\u0259nl\u0259\u015fib\u201d.<\/p>\n<p><img src=\"https:\/\/cdn.yenisabah.az\/resize.php?w=0&amp;h=0&amp;file=image_750x422_660e63edb6d87.jpg\" alt=\"Tofiq Z\u00fclf\u00fcqarov: \u201cAz\u0259rbaycan Rusiyaya g\u00f6r\u0259 bu add\u0131ma getm\u0259y\u0259c\u0259k\u201d Yeni Sabah\" \/><\/p>\n<p><strong>Tofiq Z\u00fclf\u00fcqarov: \u201cS\u0259rh\u0259dl\u0259rin delimitasiyas\u0131 1976-c\u0131 il x\u0259rit\u0259si il\u0259 davam etm\u0259y\u0259c\u0259k\u201d<\/strong><\/p>\n<p>Ke\u00e7mi\u015f nazir qeyd edib ki, 1976-c\u0131 il x\u0259rit\u0259si b\u00fct\u00fcn s\u0259rh\u0259d \u00fc\u00e7\u00fcn \u0259sas g\u00f6t\u00fcr\u00fcl\u0259 bilm\u0259z: \u201cZ\u0259ng\u0259zuru Erm\u0259nistana sovetl\u0259r verib, he\u00e7 bir referendum olmadan, konstitusiyaya zidd \u015f\u0259kild\u0259. Bu &#8220;pay\u0131&#8221; i\u015f\u011fal\u00e7\u0131 administrasiya ba\u011f\u0131\u015flay\u0131b, burada Az\u0259rbaycan xalq\u0131n\u0131n irad\u0259si olmay\u0131b. O c\u00fcml\u0259d\u0259n G\u00f6y\u00e7\u0259 mahal\u0131 da eyni qayda il\u0259 verilib. Ona g\u00f6r\u0259 d\u0259 haz\u0131rda bu m\u0259s\u0259l\u0259ni qald\u0131r\u0131r\u0131q: biz d\u0259d\u0259-baba torpaqlar\u0131m\u0131zdan niy\u0259 imtina etm\u0259liyik?! R\u0259smi m\u00f6vqeyimiz bundan ibar\u0259tdir ki, s\u0259rh\u0259dl\u0259rin m\u00fcxt\u0259lif hiss\u0259l\u0259ri m\u00fcxt\u0259lif ill\u0259rin x\u0259rit\u0259l\u0259ri \u0259sas\u0131nda delimitasiya v\u0259 demarkasiya oluna bil\u0259r. Qazaxla s\u0259rh\u0259d xat\u0131rlatd\u0131\u011f\u0131m s\u0259b\u0259b\u0259 g\u00f6r\u0259 1976-c\u0131 il x\u0259rit\u0259si il\u0259 delimitasiya olundu. Amma dig\u0259r \u0259razil\u0259rd\u0259 tamamil\u0259 f\u0259rqli x\u0259rit\u0259l\u0259r \u0259sas g\u00f6t\u00fcr\u00fclm\u0259lidir v\u0259 g\u00f6t\u00fcr\u00fcl\u0259c\u0259k d\u0259&#8221;.<\/p>\n<p>&nbsp;<\/p>\n<p><strong>\u201cAlyans\u201d Ara\u015fd\u0131rmalar M\u0259rk\u0259zinin s\u0259dri Abutal\u0131b S\u0259m\u0259dov \u201cYeni M\u00fcsavat\u201da bildirib ki, Erm\u0259nistan hakimiyy\u0259ti uzun m\u00fcdd\u0259t delimitasiyan\u0131n 1970-ci ill\u0259rin x\u0259rit\u0259l\u0259ri \u0259sas\u0131nda apar\u0131lmas\u0131na \u00e7al\u0131\u015fd\u0131:<\/strong>\u00a0&#8220;H\u0259tta konkret 1975-ci il x\u0259rit\u0259sinin \u00fcz\u0259rind\u0259 t\u0259kid edirdil\u0259r. Az\u0259rbaycan buna etiraz el\u0259di v\u0259 \u0259sas da onu g\u0259tirdi ki, So\u00e7i raz\u0131la\u015fmas\u0131na \u0259sas\u0259n delimitasiyan\u0131n sovet d\u00f6vr\u00fcn\u00fcn x\u0259rit\u0259l\u0259ri \u0259sas\u0131nda apar\u0131lmas\u0131 raz\u0131la\u015fd\u0131r\u0131l\u0131b, bir x\u0259rit\u0259d\u0259n s\u00f6hb\u0259t ged\u0259 bilm\u0259z. Sonradan bu x\u0259rit\u0259l\u0259r m\u0259s\u0259l\u0259sin\u0259 erm\u0259nil\u0259r Almat\u0131 B\u0259yannam\u0259sini d\u0259 qo\u015fdular, dedil\u0259r orada yaz\u0131l\u0131b ki, d\u00f6vl\u0259tl\u0259r aras\u0131ndak\u0131 inzibati s\u0259rh\u0259dl\u0259r d\u00f6vl\u0259t s\u0259rh\u0259din\u0259 \u00e7evrilm\u0259lidir. Buna da Az\u0259rbaycan Prezidenti d\u0259f\u0259l\u0259rl\u0259 izahat verdi, ba\u015fa sald\u0131 ki, Az\u0259rbaycanla Erm\u0259nistan aras\u0131nda inzibati s\u0259rh\u0259dl\u0259r h\u0259r yerd\u0259 m\u00fc\u0259yy\u0259n olunmay\u0131b, x\u00fcsusil\u0259 da\u011fl\u0131q \u0259razil\u0259rd\u0259 m\u00fc\u0259yy\u0259n deyil. Bu s\u0259b\u0259bd\u0259n Almat\u0131 B\u0259yannam\u0259sin\u0259 istinad el\u0259m\u0259k v\u0259 onun \u0259sas\u0131nda d\u00f6vl\u0259t s\u0259rh\u0259dl\u0259rini m\u00fc\u0259yy\u0259nl\u0259\u015fdirm\u0259k qeyri-m\u00fcmk\u00fcnd\u00fcr. Ancaq \u00f6t\u0259n ay h\u00f6kum\u0259t t\u0259msil\u00e7il\u0259rind\u0259n ibar\u0259t h\u00f6kum\u0259t komissiyalar\u0131 aras\u0131nda raz\u0131la\u015fma \u0259ld\u0259 olundu v\u0259 m\u0259lum oldu ki, Qazax \u0259razisind\u0259 s\u0259rh\u0259dl\u0259r 1976-c\u0131 il x\u0259rit\u0259si \u0259sas\u0131nda m\u00fc\u0259yy\u0259nl\u0259\u015fir. Lakin bu o dem\u0259k deyil ki, Az\u0259rbaycanla Erm\u0259nistan aras\u0131nda olan s\u0259rh\u0259dl\u0259rin ham\u0131s\u0131 bu x\u0259rit\u0259 \u0259sas\u0131nda m\u00fc\u0259yy\u0259nl\u0259\u015fm\u0259lidir. N\u0259 bel\u0259 bir raz\u0131la\u015fma var, n\u0259 d\u0259 q\u0259rar var. Az\u0259rbaycan b\u00fct\u00fcn s\u0259rh\u0259dl\u0259rin 1976-c\u0131 il x\u0259rit\u0259si il\u0259 m\u00fc\u0259yy\u0259nl\u0259\u015fdirilm\u0259sini q\u0259bul el\u0259m\u0259yib. T\u0259biidir ki, bu m\u0259s\u0259l\u0259 il\u0259 ba\u011fl\u0131 biz b\u00fct\u00fcn detallar\u0131 bilmirik. Ancaq Prezident \u0130lham \u018fliyevin m\u00f6vqeyi a\u00e7\u0131q \u015f\u0259kild\u0259 s\u0259sl\u0259ndirilib ki, sovetl\u0259r d\u00f6vr\u00fcnd\u0259 d\u0259f\u0259l\u0259rl\u0259 Az\u0259rbaycan \u0259razil\u0259ri Erm\u0259nistana pe\u015fk\u0259\u015f edilib v\u0259 bu s\u0259b\u0259bd\u0259n delimitasiya son ill\u0259rin x\u0259rit\u0259l\u0259ri \u0259sas\u0131nda apar\u0131la bilm\u0259z v\u0259 buna 1976-c\u0131 il x\u0259rit\u0259si d\u0259 daxildir. Lakin n\u0259 q\u0259d\u0259r arxaya qay\u0131da bil\u0259rik, SSR\u0130-nin yarand\u0131\u011f\u0131 d\u00f6vr\u0259 gedib \u00e7\u0131xa bil\u0259rikmi, yoxsa ondan \u0259vv\u0259lki d\u00f6vr d\u0259 n\u0259z\u0259r\u0259 al\u0131nmal\u0131d\u0131r? Bunlar t\u0259biidir ki, m\u00fczakir\u0259l\u0259rin gedi\u015find\u0259 m\u00fc\u0259yy\u0259nl\u0259\u015f\u0259c\u0259k\u201d.<\/p>\n<p><img loading=\"lazy\" src=\"https:\/\/cdn.musavat.com\/news\/thumbnails\/2ce14c8df1124c2ec60570dab5a1df8f.jpg\" alt=\"Abutalib-semedov-121-900x604.jpg (83 KB)\" width=\"900\" height=\"604\" \/><\/p>\n<p><strong>Abutal\u0131b S\u0259m\u0259dov: \u201cPrezidentin m\u00f6vqeyi a\u00e7\u0131q \u015f\u0259kild\u0259 s\u0259sl\u0259ndirilib ki, sovetl\u0259r d\u00f6vr\u00fcnd\u0259 d\u0259f\u0259l\u0259rl\u0259 Az\u0259rbaycan \u0259razil\u0259ri Erm\u0259nistana pe\u015fk\u0259\u015f edilib v\u0259 bu s\u0259b\u0259bd\u0259n delimitasiya son ill\u0259rin x\u0259rit\u0259l\u0259ri \u0259sas\u0131nda apar\u0131la bilm\u0259z\u201d<\/strong><\/p>\n<p>M\u0259rk\u0259z s\u0259dri qeyd etdi ki, bizim arzumuz pe\u015fk\u0259\u015f edil\u0259n torpaqlar\u0131n ham\u0131s\u0131n\u0131n geri qaytar\u0131lmas\u0131d\u0131r. Ancaq t\u0259kc\u0259 bizim \u0259dal\u0259tli ist\u0259yimizl\u0259 m\u0259s\u0259l\u0259l\u0259r h\u0259ll olunmur. Burada dig\u0259r faktorlar da var: \u201cM\u0259n hesab edir\u0259m ki, sabiq xarici i\u015fl\u0259r naziri Tofiq Z\u00fclf\u00fcqarovun s\u00f6yl\u0259dikl\u0259ri d\u0259 bizim ham\u0131m\u0131z\u0131n arzular\u0131m\u0131z\u0131n ifad\u0259sidir. Biz Erm\u0259nistana bir qar\u0131\u015f torpa\u011f\u0131m\u0131z\u0131 da pe\u015fk\u0259\u015f etm\u0259k ist\u0259mirik. Buna n\u0259 q\u0259d\u0259r nail ola bil\u0259rik? Bunu t\u0259bii ki, yax\u0131n aylarda, yax\u0131n ill\u0259rd\u0259 g\u00f6r\u0259c\u0259yik. Ancaq d\u0259qiq olan odur ki, Az\u0259rbaycan\u0131n m\u00f6vqeyi d\u0259yi\u015fm\u0259zdir. Bunu Az\u0259rbaycan Prezidenti son d\u0259f\u0259 ADA Universitetind\u0259 \u00e7\u0131x\u0131\u015f\u0131nda da ayd\u0131n \u015f\u0259kild\u0259 g\u00f6st\u0259rdi. Birincisi, Almat\u0131 B\u0259yannam\u0259sind\u0259n delimitasiya prosesind\u0259 istifad\u0259nin m\u00fcmk\u00fcns\u00fcz oldu\u011funu dedi, ondan \u0259vv\u0259lki \u00e7\u0131x\u0131\u015flar\u0131nda m\u00fcxt\u0259lif x\u0259rit\u0259l\u0259rin \u0259sas g\u00f6t\u00fcr\u00fclm\u0259sinin z\u0259ruri oldu\u011funu b\u0259yan el\u0259di. V\u0259 bu m\u00fczakir\u0259l\u0259rin n\u0259tic\u0259l\u0259ri \u00fcmid edir\u0259m ki, Az\u0259rbaycan \u00fc\u00e7\u00fcn u\u011furlu olacaq, itirilmi\u015f \u0259razil\u0259rimizi m\u00fczakir\u0259l\u0259rin gedi\u015find\u0259 geri qaytarmaq m\u00fcmk\u00fcn olacaq\u201d.<\/p>\n","protected":false},"excerpt":{"rendered":"<p>Ke\u00e7mi\u015f xarici i\u015fl\u0259r naziri Tofiq Z\u00fclf\u00fcqarov Axar.az-a m\u00fcsahib\u0259sind\u0259 Erm\u0259nistan\u0131n niy\u0259 b\u00fct\u00fcn delimitasiya prosesinin 1976-c\u0131 ilin x\u0259rit\u0259sin\u0259 \u0259sas\u0259n olmas\u0131n\u0131 ist\u0259m\u0259sin\u0259 ayd\u0131nl\u0131q g\u0259tirib.\u00a0 Onun s\u00f6zl\u0259rin\u0259 g\u00f6r\u0259, Almat\u0131 B\u0259yannam\u0259sind\u0259, \u00fcmumiyy\u0259tl\u0259, x\u0259rit\u0259, \u00f6lk\u0259l\u0259rin s\u0259rh\u0259dl\u0259ri haqda he\u00e7 n\u0259 yoxdur.\u00a0 Ke\u00e7mi\u015f nazir vur\u011fulay\u0131b ki, s\u0259rh\u0259dl\u0259rin delimitasiyas\u0131 1976-c\u0131 il x\u0259rit\u0259si il\u0259 davam etm\u0259y\u0259c\u0259k: \u201cAz\u0259rbaycan\u0131n r\u0259smi m\u00f6vqeyi b\u0259llidir. Bu proses \u00fcmumi olaraq 4 k\u0259ndl\u0259 ba\u011fl\u0131d\u0131r. \u00c7\u00fcnki s\u0259rh\u0259din m\u0259hz bu hiss\u0259si (Qazax-Tavu\u015f s\u0259rh\u0259di &#8211; red.) 1920-ci ild\u0259n d\u0259yi\u015fm\u0259yib. \u018fg\u0259r Almat\u0131 B\u0259yannam\u0259sinin prinsipini g\u00f6t\u00fcrs\u0259k, m\u0259ntiql\u0259 bel\u0259 \u00e7\u0131x\u0131r ki, sovet d\u00f6vr\u00fcn\u00fcn ilk g\u00fcn\u00fcnd\u0259 olan s\u0259rh\u0259dl\u0259r \u0259sas g\u00f6t\u00fcr\u00fclm\u0259lidir. Sovet d\u00f6vr\u00fc Az\u0259rbaycanda 1920-ci&hellip;<\/p>\n","protected":false},"author":2,"featured_media":723448,"comment_status":"closed","ping_status":"closed","sticky":false,"template":"","format":"standard","meta":{"om_disable_all_campaigns":false,"_monsterinsights_skip_tracking":false,"_monsterinsights_sitenote_active":false,"_monsterinsights_sitenote_note":"","_monsterinsights_sitenote_category":0},"categories":[4],"tags":[],"aioseo_notices":[],"gutentor_comment":0,"rttpg_featured_image_url":{"full":["https:\/\/arantv.az\/wp-content\/uploads\/2024\/05\/840ee0eff9c97e237dbf69d10808fefc.jpg",850,500,false],"landscape":["https:\/\/arantv.az\/wp-content\/uploads\/2024\/05\/840ee0eff9c97e237dbf69d10808fefc.jpg",850,500,false],"portraits":["https:\/\/arantv.az\/wp-content\/uploads\/2024\/05\/840ee0eff9c97e237dbf69d10808fefc.jpg",850,500,false],"thumbnail":["https:\/\/arantv.az\/wp-content\/uploads\/2024\/05\/840ee0eff9c97e237dbf69d10808fefc-500x280.jpg",500,280,true],"medium":["https:\/\/arantv.az\/wp-content\/uploads\/2024\/05\/840ee0eff9c97e237dbf69d10808fefc-621x365.jpg",621,365,true],"large":["https:\/\/arantv.az\/wp-content\/uploads\/2024\/05\/840ee0eff9c97e237dbf69d10808fefc-840x494.jpg",640,376,true],"1536x1536":["https:\/\/arantv.az\/wp-content\/uploads\/2024\/05\/840ee0eff9c97e237dbf69d10808fefc.jpg",850,500,false],"2048x2048":["https:\/\/arantv.az\/wp-content\/uploads\/2024\/05\/840ee0eff9c97e237dbf69d10808fefc.jpg",850,500,false],"post-thumbnail":["https:\/\/arantv.az\/wp-content\/uploads\/2024\/05\/840ee0eff9c97e237dbf69d10808fefc-240x172.jpg",240,172,true],"advps-thumb-one":["https:\/\/arantv.az\/wp-content\/uploads\/2024\/05\/840ee0eff9c97e237dbf69d10808fefc.jpg",850,500,false]},"rttpg_author":{"display_name":"V\u00fcsal Rafiqo\u011flu","author_link":"https:\/\/arantv.az\/?author=2"},"rttpg_comment":0,"rttpg_category":"<a href=\"https:\/\/arantv.az\/?cat=4\" rel=\"category\">Siyas\u0259t<\/a>","rttpg_excerpt":"Ke\u00e7mi\u015f xarici i\u015fl\u0259r naziri Tofiq Z\u00fclf\u00fcqarov Axar.az-a m\u00fcsahib\u0259sind\u0259 Erm\u0259nistan\u0131n niy\u0259 b\u00fct\u00fcn delimitasiya prosesinin 1976-c\u0131 ilin x\u0259rit\u0259sin\u0259 \u0259sas\u0259n olmas\u0131n\u0131 ist\u0259m\u0259sin\u0259 ayd\u0131nl\u0131q g\u0259tirib.\u00a0 Onun s\u00f6zl\u0259rin\u0259 g\u00f6r\u0259, Almat\u0131 B\u0259yannam\u0259sind\u0259, \u00fcmumiyy\u0259tl\u0259, x\u0259rit\u0259, \u00f6lk\u0259l\u0259rin s\u0259rh\u0259dl\u0259ri haqda he\u00e7 n\u0259 yoxdur.\u00a0 Ke\u00e7mi\u015f nazir vur\u011fulay\u0131b ki, s\u0259rh\u0259dl\u0259rin delimitasiyas\u0131 1976-c\u0131 il x\u0259rit\u0259si il\u0259 davam etm\u0259y\u0259c\u0259k: \u201cAz\u0259rbaycan\u0131n r\u0259smi m\u00f6vqeyi b\u0259llidir. Bu proses \u00fcmumi olaraq 4&hellip;","_links":{"self":[{"href":"https:\/\/arantv.az\/index.php?rest_route=\/wp\/v2\/posts\/723447"}],"collection":[{"href":"https:\/\/arantv.az\/index.php?rest_route=\/wp\/v2\/posts"}],"about":[{"href":"https:\/\/arantv.az\/index.php?rest_route=\/wp\/v2\/types\/post"}],"author":[{"embeddable":true,"href":"https:\/\/arantv.az\/index.php?rest_route=\/wp\/v2\/users\/2"}],"replies":[{"embeddable":true,"href":"https:\/\/arantv.az\/index.php?rest_route=%2Fwp%2Fv2%2Fcomments&post=723447"}],"version-history":[{"count":0,"href":"https:\/\/arantv.az\/index.php?rest_route=\/wp\/v2\/posts\/723447\/revisions"}],"wp:featuredmedia":[{"embeddable":true,"href":"https:\/\/arantv.az\/index.php?rest_route=\/wp\/v2\/media\/723448"}],"wp:attachment":[{"href":"https:\/\/arantv.az\/index.php?rest_route=%2Fwp%2Fv2%2Fmedia&parent=723447"}],"wp:term":[{"taxonomy":"category","embeddable":true,"href":"https:\/\/arantv.az\/index.php?rest_route=%2Fwp%2Fv2%2Fcategories&post=723447"},{"taxonomy":"post_tag","embeddable":true,"href":"https:\/\/arantv.az\/index.php?rest_route=%2Fwp%2Fv2%2Ftags&post=723447"}],"curies":[{"name":"wp","href":"https:\/\/api.w.org\/{rel}","templated":true}]}}