{"id":723454,"date":"2024-05-21T09:51:49","date_gmt":"2024-05-21T05:51:49","guid":{"rendered":"https:\/\/arantv.az\/?p=723454"},"modified":"2024-05-21T09:51:49","modified_gmt":"2024-05-21T05:51:49","slug":"k%c9%99mal%c9%99ddin-heyd%c9%99rov-iranin-daxili-isl%c9%99r-nazirin%c9%99-bassagligi-verib","status":"publish","type":"post","link":"https:\/\/arantv.az\/?p=723454","title":{"rendered":"K\u0259mal\u0259ddin Heyd\u0259rov \u0130ran\u0131n daxili i\u015fl\u0259r nazirin\u0259 ba\u015fsa\u011fl\u0131\u011f\u0131 verib"},"content":{"rendered":"<p>Az\u0259rbaycan Respublikas\u0131n\u0131n f\u00f6vq\u0259lad\u0259 hallar naziri general-polkovnik K\u0259mal\u0259ddin Heyd\u0259rov faci\u0259vi helikopter q\u0259zas\u0131 n\u0259tic\u0259sind\u0259 \u0130ran \u0130slam Respublikas\u0131n\u0131n Prezidenti c\u0259nab \u0130brahim R\u0259isinin v\u0259 onu m\u00fc\u015fayi\u0259t ed\u0259n n\u00fcmay\u0259nd\u0259 hey\u0259tinin h\u0259lak olmas\u0131 il\u0259 ba\u011fl\u0131 dost \u00f6lk\u0259nin daxili i\u015fl\u0259r naziri \u018fhm\u0259d Vahidiy\u0259 ba\u015fsa\u011fl\u0131\u011f\u0131 m\u0259ktubu g\u00f6nd\u0259rib.<\/p>\n<p>Nazirlikd\u0259n\u00a0<strong>\u201c\u0130ki sahil\u201d<\/strong>\u0259 veril\u0259n m\u0259lumata g\u00f6r\u0259, nazir, \u018f.Vahidiy\u0259 bel\u0259 a\u011f\u0131r m\u0259qamda k\u0259d\u0259rl\u0259rini b\u00f6l\u00fc\u015fd\u00fcy\u00fcn\u00fc bildirib, d\u0259rin h\u00fcznl\u0259 ba\u015fsa\u011fl\u0131\u011f\u0131n\u0131 \u00e7atd\u0131r\u0131b.<\/p>\n","protected":false},"excerpt":{"rendered":"<p>Az\u0259rbaycan Respublikas\u0131n\u0131n f\u00f6vq\u0259lad\u0259 hallar naziri general-polkovnik K\u0259mal\u0259ddin Heyd\u0259rov faci\u0259vi helikopter q\u0259zas\u0131 n\u0259tic\u0259sind\u0259 \u0130ran \u0130slam Respublikas\u0131n\u0131n Prezidenti c\u0259nab \u0130brahim R\u0259isinin v\u0259 onu m\u00fc\u015fayi\u0259t ed\u0259n n\u00fcmay\u0259nd\u0259 hey\u0259tinin h\u0259lak olmas\u0131 il\u0259 ba\u011fl\u0131 dost \u00f6lk\u0259nin daxili i\u015fl\u0259r naziri \u018fhm\u0259d Vahidiy\u0259 ba\u015fsa\u011fl\u0131\u011f\u0131 m\u0259ktubu g\u00f6nd\u0259rib. Nazirlikd\u0259n\u00a0\u201c\u0130ki sahil\u201d\u0259 veril\u0259n m\u0259lumata g\u00f6r\u0259, nazir, \u018f.Vahidiy\u0259 bel\u0259 a\u011f\u0131r m\u0259qamda k\u0259d\u0259rl\u0259rini b\u00f6l\u00fc\u015fd\u00fcy\u00fcn\u00fc bildirib, d\u0259rin h\u00fcznl\u0259 ba\u015fsa\u011fl\u0131\u011f\u0131n\u0131 \u00e7atd\u0131r\u0131b.<\/p>\n","protected":false},"author":2,"featured_media":723455,"comment_status":"closed","ping_status":"closed","sticky":false,"template":"","format":"standard","meta":{"om_disable_all_campaigns":false,"_monsterinsights_skip_tracking":false,"_monsterinsights_sitenote_active":false,"_monsterinsights_sitenote_note":"","_monsterinsights_sitenote_category":0},"categories":[4],"tags":[],"aioseo_notices":[],"gutentor_comment":0,"rttpg_featured_image_url":{"full":["https:\/\/arantv.az\/wp-content\/uploads\/2024\/05\/b8002139160776970038319173910833615.jpg",975,540,false],"landscape":["https:\/\/arantv.az\/wp-content\/uploads\/2024\/05\/b8002139160776970038319173910833615.jpg",975,540,false],"portraits":["https:\/\/arantv.az\/wp-content\/uploads\/2024\/05\/b8002139160776970038319173910833615.jpg",975,540,false],"thumbnail":["https:\/\/arantv.az\/wp-content\/uploads\/2024\/05\/b8002139160776970038319173910833615-500x280.jpg",500,280,true],"medium":["https:\/\/arantv.az\/wp-content\/uploads\/2024\/05\/b8002139160776970038319173910833615-660x365.jpg",660,365,true],"large":["https:\/\/arantv.az\/wp-content\/uploads\/2024\/05\/b8002139160776970038319173910833615-840x465.jpg",640,354,true],"1536x1536":["https:\/\/arantv.az\/wp-content\/uploads\/2024\/05\/b8002139160776970038319173910833615.jpg",975,540,false],"2048x2048":["https:\/\/arantv.az\/wp-content\/uploads\/2024\/05\/b8002139160776970038319173910833615.jpg",975,540,false],"post-thumbnail":["https:\/\/arantv.az\/wp-content\/uploads\/2024\/05\/b8002139160776970038319173910833615-240x172.jpg",240,172,true],"advps-thumb-one":["https:\/\/arantv.az\/wp-content\/uploads\/2024\/05\/b8002139160776970038319173910833615.jpg",975,540,false]},"rttpg_author":{"display_name":"V\u00fcsal Rafiqo\u011flu","author_link":"https:\/\/arantv.az\/?author=2"},"rttpg_comment":0,"rttpg_category":"<a href=\"https:\/\/arantv.az\/?cat=4\" rel=\"category\">Siyas\u0259t<\/a>","rttpg_excerpt":"Az\u0259rbaycan Respublikas\u0131n\u0131n f\u00f6vq\u0259lad\u0259 hallar naziri general-polkovnik K\u0259mal\u0259ddin Heyd\u0259rov faci\u0259vi helikopter q\u0259zas\u0131 n\u0259tic\u0259sind\u0259 \u0130ran \u0130slam Respublikas\u0131n\u0131n Prezidenti c\u0259nab \u0130brahim R\u0259isinin v\u0259 onu m\u00fc\u015fayi\u0259t ed\u0259n n\u00fcmay\u0259nd\u0259 hey\u0259tinin h\u0259lak olmas\u0131 il\u0259 ba\u011fl\u0131 dost \u00f6lk\u0259nin daxili i\u015fl\u0259r naziri \u018fhm\u0259d Vahidiy\u0259 ba\u015fsa\u011fl\u0131\u011f\u0131 m\u0259ktubu g\u00f6nd\u0259rib. Nazirlikd\u0259n\u00a0\u201c\u0130ki sahil\u201d\u0259 veril\u0259n m\u0259lumata g\u00f6r\u0259, nazir, \u018f.Vahidiy\u0259 bel\u0259 a\u011f\u0131r m\u0259qamda k\u0259d\u0259rl\u0259rini b\u00f6l\u00fc\u015fd\u00fcy\u00fcn\u00fc bildirib, d\u0259rin h\u00fcznl\u0259 ba\u015fsa\u011fl\u0131\u011f\u0131n\u0131&hellip;","_links":{"self":[{"href":"https:\/\/arantv.az\/index.php?rest_route=\/wp\/v2\/posts\/723454"}],"collection":[{"href":"https:\/\/arantv.az\/index.php?rest_route=\/wp\/v2\/posts"}],"about":[{"href":"https:\/\/arantv.az\/index.php?rest_route=\/wp\/v2\/types\/post"}],"author":[{"embeddable":true,"href":"https:\/\/arantv.az\/index.php?rest_route=\/wp\/v2\/users\/2"}],"replies":[{"embeddable":true,"href":"https:\/\/arantv.az\/index.php?rest_route=%2Fwp%2Fv2%2Fcomments&post=723454"}],"version-history":[{"count":0,"href":"https:\/\/arantv.az\/index.php?rest_route=\/wp\/v2\/posts\/723454\/revisions"}],"wp:featuredmedia":[{"embeddable":true,"href":"https:\/\/arantv.az\/index.php?rest_route=\/wp\/v2\/media\/723455"}],"wp:attachment":[{"href":"https:\/\/arantv.az\/index.php?rest_route=%2Fwp%2Fv2%2Fmedia&parent=723454"}],"wp:term":[{"taxonomy":"category","embeddable":true,"href":"https:\/\/arantv.az\/index.php?rest_route=%2Fwp%2Fv2%2Fcategories&post=723454"},{"taxonomy":"post_tag","embeddable":true,"href":"https:\/\/arantv.az\/index.php?rest_route=%2Fwp%2Fv2%2Ftags&post=723454"}],"curies":[{"name":"wp","href":"https:\/\/api.w.org\/{rel}","templated":true}]}}