{"id":723458,"date":"2024-05-21T09:53:40","date_gmt":"2024-05-21T05:53:40","guid":{"rendered":"https:\/\/arantv.az\/?p=723458"},"modified":"2024-05-21T09:53:40","modified_gmt":"2024-05-21T05:53:40","slug":"milli-h%c9%99mr%c9%99ylik-m%c9%99d%c9%99ni-muxt%c9%99lifliy%c9%99-horm%c9%99t-xalqimizin-yasam-t%c9%99rzidir","status":"publish","type":"post","link":"https:\/\/arantv.az\/?p=723458","title":{"rendered":"Milli h\u0259mr\u0259ylik, m\u0259d\u0259ni m\u00fcxt\u0259lifliy\u0259 h\u00f6rm\u0259t xalq\u0131m\u0131z\u0131n ya\u015fam t\u0259rzidir"},"content":{"rendered":"<p>\u018fsrl\u0259rd\u0259n b\u0259ri m\u00fcxt\u0259lif m\u0259d\u0259niyy\u0259tl\u0259rin v\u0259 sivilizasiyalar\u0131n t\u0259mas, \u00fcnsiyy\u0259t m\u0259kan\u0131, h\u0259mr\u0259ylik \u00fcnvan\u0131 olan, Avropa il\u0259 Asiya aras\u0131nda yerl\u0259\u015f\u0259n Az\u0259rbaycan\u0131n \u00e7oxmill\u0259tli v\u0259 \u00e7oxkonfessiyal\u0131 d\u0259y\u0259rl\u0259r\u0259 sadiqliyi reall\u0131qd\u0131r. B\u00fct\u00fcn s\u0259mavi dinl\u0259rin yegan\u0259 m\u0259ram\u0131 olan m\u0259rh\u0259m\u0259t, xeyirxahl\u0131q kimi \u00fclvi duy\u011fular\u0131 birl\u0259\u015fdir\u0259n \u0130slam m\u0259d\u0259niyy\u0259tinin bar\u0131\u015fd\u0131r\u0131c\u0131l\u0131q, d\u00f6z\u00fcml\u00fcl\u00fck x\u00fcsusiyy\u0259tl\u0259ri, \u00f6lk\u0259mizd\u0259 m\u0259n\u0259vi d\u0259y\u0259r kimi qorunur. \u0130slam al\u0259minin ayr\u0131lmaz par\u00e7as\u0131 olan Az\u0259rbaycan\u0131n tolerantl\u0131\u011fa sadiqliyinin bariz n\u00fcmun\u0259si m\u00fcxt\u0259lif xalqlar\u0131n \u00f6lk\u0259mizd\u0259 bir ail\u0259nin \u00fczv\u00fc kimi ya\u015famas\u0131d\u0131r. M\u0259d\u0259ni m\u00fcxt\u0259lifliyin qorundu\u011fu nadir \u00f6lk\u0259l\u0259rd\u0259n say\u0131lan, \u015e\u0259rq il\u0259 Q\u0259rbin, \u015eimal il\u0259 C\u0259nubun qov\u015fa\u011f\u0131nda yerl\u0259\u015f\u0259n, eyni zamanda \u0130slam v\u0259 Avropa t\u0259\u015fkilatlar\u0131n\u0131n \u00fczv\u00fc kimi b\u0259\u015f\u0259ri d\u0259y\u0259rl\u0259r\u0259 sadiqliyini tolerantl\u0131\u011f\u0131 il\u0259 bildir\u0259n Az\u0259rbaycanda ya\u015fayan m\u00fcxt\u0259lif mill\u0259tl\u0259rin n\u00fcmay\u0259nd\u0259l\u0259ri respublikam\u0131z\u0131n ictimai- siyasi h\u0259yat\u0131nda b\u0259rab\u0259r h\u00fcquqlar \u0259sas\u0131nda, eyni s\u0259lahiyy\u0259tl\u0259r\u0259 malik v\u0259t\u0259nda\u015f kimi i\u015ftirak edirl\u0259r. M\u0259d\u0259niyy\u0259tl\u0259raras\u0131 platformaya \u00e7evril\u0259n \u0130slam dinini terrorla \u0259laq\u0259l\u0259ndir\u0259n q\u0259r\u0259zli g\u00fccl\u0259rin m\u0259nfur niyy\u0259tl\u0259rini multikultural d\u0259y\u0259rl\u0259ri il\u0259 t\u0259kzib ed\u0259n Az\u0259rbaycan m\u0259d\u0259niyy\u0259tl\u0259raras\u0131 k\u00f6rp\u00fc rolunu layiqinc\u0259 davam etdirir.<\/p>\n<p>\u00abAz\u0259rbaycan \u0130slam h\u0259mr\u0259yliyi i\u015fin\u0259 b\u00f6y\u00fck t\u00f6hf\u0259l\u0259r verir. Bu m\u0259s\u0259l\u0259 bizim \u00fc\u00e7\u00fcn prioritet m\u0259s\u0259l\u0259l\u0259rd\u0259n biridir. Az\u0259rbaycan q\u0259dim tarix\u0259 malik olan bir \u00f6lk\u0259dir. Az\u0259rbaycan xalq\u0131 \u0259srl\u0259r boyu \u00f6z milli- m\u0259n\u0259vi d\u0259y\u0259rl\u0259rini ya\u015fatm\u0131\u015f, qorumu\u015fdur. \u0130slam d\u0259y\u0259rl\u0259ri is\u0259 milli- m\u0259n\u0259vi d\u0259y\u0259rl\u0259rimizin t\u0259rkib hiss\u0259sidir\u00bb s\u00f6zl\u0259rini \u0259m\u0259li f\u0259aliyy\u0259ti il\u0259 do\u011fruldan Prezident \u0130lham \u018fliyev q\u00fcrurla bildirir ki, 743-c\u00fc ild\u0259 in\u015fa edilmi\u015f, Az\u0259rbaycan xalq\u0131 t\u0259r\u0259find\u0259n qorunmu\u015f v\u0259 bir ne\u00e7\u0259 il bundan \u0259vv\u0259l \u0259sasl\u0131 \u015f\u0259kild\u0259 b\u0259rpa edilmi\u015f \u015eamax\u0131 C\u00fcm\u0259 m\u0259scidi kimi m\u00fcxt\u0259lif xalqlara m\u0259xsus dini abid\u0259l\u0259r bizim b\u00f6y\u00fck s\u0259rv\u0259timizdir. T\u00fcrk d\u00fcnyas\u0131n\u0131n \u00f6nd\u0259rl\u0259rind\u0259n olan m\u00fcdrik \u015f\u0259xsiyy\u0259t Heyd\u0259r \u018fliyevin \u0130slami d\u0259y\u0259rl\u0259r\u0259 sadiqliyinin u\u011furla davam etdirilm\u0259si, \u00f6lk\u0259mizd\u0259 dini d\u0259y\u0259rl\u0259r\u0259 h\u00f6rm\u0259t v\u0259 ehtiram\u0131n, dinl\u0259raras\u0131 m\u00fcnasib\u0259tl\u0259rin y\u00fcks\u0259k s\u0259viyy\u0259d\u0259 t\u0259nziml\u0259nm\u0259si Az\u0259rbaycan tolerantl\u0131\u011f\u0131n\u0131n bariz n\u00fcmun\u0259si, respublikam\u0131z\u0131 g\u00fccl\u0259ndir\u0259n amill\u0259rd\u0259ndir. \u0130slam al\u0259minin ayr\u0131lmaz t\u0259rkib hiss\u0259si olan Az\u0259rbaycan\u0131n multikultural, tolerantl\u0131q t\u0259cr\u00fcb\u0259sin\u0259 artan maraq, qar\u015f\u0131l\u0131ql\u0131 h\u00f6rm\u0259t\u0259, anla\u015fmaya xidm\u0259t ed\u0259n islami d\u0259y\u0259rl\u0259rin t\u0259bli\u011fi istiqam\u0259tind\u0259 apard\u0131\u011f\u0131 t\u0259bli\u011fat mili-m\u0259n\u0259vi d\u0259y\u0259rl\u0259rimiz\u0259 ba\u011fl\u0131l\u0131qdan qaynaqlan\u0131r.<\/p>\n<p>Bu g\u00fcnl\u0259rd\u0259 \u015eu\u015fan\u0131n C\u0131d\u0131r d\u00fcz\u00fcnd\u0259 VII \u00abXar\u0131b\u00fclb\u00fcl\u00bb\u201d Beyn\u0259lxalq Musiqi Festival\u0131n\u0131n v\u0259 \u00ab\u015eu\u015fa \u2013 \u0130slam d\u00fcnyas\u0131n\u0131n m\u0259d\u0259niyy\u0259t paytaxt\u0131 2024\u201d\u00bb ilinin a\u00e7\u0131l\u0131\u015f m\u0259rasiminin ke\u00e7irilm\u0259si, 2023-c\u00fc il noyabr\u0131n 10-da \u0130stanbulda \u0130slam \u018fm\u0259kda\u015fl\u0131q T\u0259\u015fkilat\u0131n\u0131n G\u0259ncl\u0259r Forumu \u0130craiyy\u0259 \u015euras\u0131n\u0131n 11-ci iclas\u0131nda \u00ab\u015eu\u015fa \u015f\u0259h\u0259rinin 2024-c\u00fc il \u00fc\u00e7\u00fcn \u00ab\u0130slam \u018fm\u0259kda\u015fl\u0131q T\u0259\u015fkilat\u0131n\u0131n g\u0259ncl\u0259r paytaxt\u0131\u201d\u00bb se\u00e7ilm\u0259si art\u0131q \u015e\u0259rqd\u0259 bel\u0259 z\u0259ngin m\u0259d\u0259niyy\u0259t n\u00fcmun\u0259l\u0259ri il\u0259 tan\u0131nan bu q\u0259dim \u015f\u0259h\u0259r\u0259 g\u00f6st\u0259ril\u0259n diqq\u0259tdir. \u0130qtisadi \u018fm\u0259kda\u015fl\u0131q T\u0259\u015fkilat\u0131na \u00fczv d\u00f6vl\u0259tl\u0259rin y\u00fcks\u0259k s\u0259viyy\u0259li turizm ekspertl\u0259rinin 7-ci g\u00f6r\u00fc\u015f\u00fc v\u0259 turizm nazirl\u0259rinin 5-ci iclas\u0131nda \u015eu\u015fa \u015f\u0259h\u0259rinin \u0130qtisadi \u018fm\u0259kda\u015fl\u0131q T\u0259\u015fkilat\u0131n\u0131n 2026-c\u0131 il \u00fc\u00e7\u00fcn turizm paytaxt\u0131 se\u00e7ilm\u0259si b\u00fct\u00fcnl\u00fckd\u0259 Az\u0259rbaycan\u0131n \u0130slami d\u0259y\u0259rl\u0259r\u0259 sadiqliyinin d\u0259st\u0259kl\u0259nm\u0259sidir.<\/p>\n<p>\u015eu\u015fada olark\u0259n b\u0259rpas\u0131 ba\u015fa \u00e7atan Mamay\u0131 m\u0259scidinin a\u00e7\u0131l\u0131\u015f\u0131nda itirak ed\u0259n, A\u015fa\u011f\u0131 G\u00f6vh\u0259r A\u011fa, \u00c7\u00f6l Qala m\u0259scidl\u0259rind\u0259 yenid\u0259nqurma i\u015fl\u0259ri il\u0259 tan\u0131\u015f olan Prezident \u0130lham \u018fliyevin v\u0259 birinci xan\u0131m Mehriban \u018fliyevan\u0131n milli-m\u0259n\u0259vi d\u0259y\u0259rl\u0259rimizin qounmas\u0131na g\u00f6st\u0259rdikl\u0259ri qay\u011f\u0131 \u00f6lk\u0259mizin multikulturalizm d\u0259y\u0259rl\u0259rin\u0259 sadiqliyinin ifad\u0259sidir.<\/p>\n<p>Art\u0131q yeddinci d\u0259f\u0259 ke\u00e7iril\u0259n \u00abXar\u0131b\u00fclb\u00fcl\u00bb festivallar\u0131nda m\u00fcxt\u0259lif dinl\u0259r\u0259, konfessiyalara malik xalqlar\u0131n m\u0259d\u0259niyy\u0259tl\u0259rini, xalq yarad\u0131c\u0131l\u0131qlar\u0131n\u0131 n\u00fcmayi\u015f etdirm\u0259k \u00fc\u00e7\u00fcn yarad\u0131lan \u015f\u0259rait \u00f6lk\u0259mizd\u0259 \u0130slam h\u0259mr\u0259yliyinin m\u00f6hk\u0259ml\u0259nm\u0259si istiqam\u0259tind\u0259 at\u0131lan add\u0131mlar\u0131n d\u0259st\u0259kl\u0259nm\u0259sidir. \u00abBu g\u00fcn bir \u00e7ox m\u00fcs\u0259lman \u00f6lk\u0259l\u0259rinin kollektivl\u0259ri bizim \u00fc\u00e7\u00fcn m\u00fcq\u0259dd\u0259s olan C\u0131d\u0131r d\u00fcz\u00fcnd\u0259 \u00f6z m\u0259har\u0259tl\u0259rini ifad\u0259 ed\u0259c\u0259kl\u0259r. Bu, birlik bayram\u0131 olacaq, bu, h\u0259mr\u0259ylik bayram\u0131 olacaq. Eyni zamanda, Az\u0259rbaycan xalq\u0131n\u0131n \u0259yilm\u0259z ruhunu n\u00fcmayi\u015f etdir\u0259n bu m\u0259kan h\u0259m i\u015f\u011fala q\u0259d\u0259r, h\u0259m i\u015f\u011fal d\u00f6vr\u00fcnd\u0259, h\u0259m d\u0259 i\u015f\u011fala son qoyulandan sonra h\u0259r birimiz \u00fc\u00e7\u00fcn do\u011fma v\u0259 \u0259zizdir\u00bb s\u00f6zl\u0259ri il\u0259 bu c\u00fcr m\u0259d\u0259ni t\u0259dbirl\u0259rin siyasi \u0259h\u0259miyy\u0259tini d\u0259 diqq\u0259t\u0259 \u00e7atd\u0131ran d\u00f6vl\u0259t ba\u015f\u00e7\u0131m\u0131z \u0130lham \u018fliyevl\u0259 h\u0259mr\u0259yliyini ifad\u0259 ed\u0259n \u0130slam D\u00fcnyas\u0131 T\u0259hsil, Elm v\u0259 M\u0259d\u0259niyy\u0259t T\u0259\u015fkilat\u0131n\u0131n (ISESCO) Ba\u015f direktoru Salem bin Mohammed Al-Malik \u015eu\u015fan\u0131n \u0130slam d\u00fcnyas\u0131n\u0131n m\u0259d\u0259niyy\u0259t paytaxt\u0131 elan olunmas\u0131n\u0131 Az\u0259rbaycan xalq\u0131n\u0131n \u0130slam h\u0259mr\u0259yliyinin m\u00f6hk\u0259ml\u0259nm\u0259si namin\u0259 g\u00f6st\u0259rdiyi xidm\u0259t\u0259 layiqli t\u00f6hf\u0259 adland\u0131rd\u0131: \u00abBuna g\u00f6r\u0259 d\u0259 t\u0259\u0259cc\u00fcbl\u00fc deyil ki, \u015eu\u015fa b\u00fct\u00fcnl\u00fckl\u0259 Qafqazda musiqinin paytaxt\u0131d\u0131r, t\u0259sviri s\u0259n\u0259tin m\u0259kan\u0131d\u0131r, g\u00f6z\u0259l Az\u0259rbaycan xal\u00e7as\u0131n\u0131n v\u0259t\u0259nidir, musiqi, fikir v\u0259 \u015fairl\u0259r yurdudur. G\u00f6r\u0259s\u0259n, b\u00fct\u00fcn bunlar pakl\u0131\u011f\u0131n v\u0259 safl\u0131\u011f\u0131n h\u0259diyy\u0259sidirmi?\u00bb<\/p>\n<p>M\u0259d\u0259niyy\u0259t paytaxt\u0131, eyni zamanda q\u0259hr\u0259manl\u0131q \u015f\u0259h\u0259ri kimi tan\u0131nan, m\u00fct\u0259f\u0259kkirl\u0259ri, yarad\u0131c\u0131 \u015f\u0259xsiyy\u0259tl\u0259ri il\u0259 m\u0259\u015fhur olan \u015eu\u015fa m\u00fcxt\u0259lif mill\u0259tl\u0259r\u0259 m\u0259xsus \u00f6lk\u0259 v\u0259t\u0259nda\u015flar\u0131n\u0131n birg\u0259 s\u0259yi, ke\u00e7mi\u015fl\u0259 m\u00fcasirliyin v\u0259hd\u0259tind\u0259 inki\u015faf edir, yenid\u0259n qurulur. Xeyirxahl\u0131q v\u0259 m\u0259rh\u0259m\u0259t \u00fcnvan\u0131 kimi beyn\u0259lxalq al\u0259md\u0259 bel\u0259 tan\u0131nan Heyd\u0259r \u018fliyev Fondu t\u0259r\u0259find\u0259n \u015eu\u015fada h\u0259yata ke\u00e7iril\u0259n layih\u0259l\u0259r dini, dili m\u00fcxt\u0259lif xalqlar\u0131n n\u00fcmay\u0259nd\u0259l\u0259rinin birg\u0259 s\u0259yi il\u0259 ger\u00e7\u0259kl\u0259\u015fdirilir. Fondun milli d\u0259y\u0259rl\u0259rimizin qorunmas\u0131, t\u0259bli\u011fi istiqam\u0259tind\u0259 g\u00f6rd\u00fcy\u00fc i\u015fl\u0259r birliy\u0259 \u00e7a\u011f\u0131r\u0131\u015f\u0131dr. Bu \u015f\u0259h\u0259rin Qafqaz\u0131n incisi adland\u0131r\u0131lmas\u0131 Az\u0259rbaycan multikulturalizmin\u0259 veril\u0259n d\u0259y\u0259rdir.<\/p>\n<p>May\u0131n 12-d\u0259 \u015eu\u015fada, 13-d\u0259 is\u0259 La\u00e7\u0131nda Heyd\u0259r \u018fliyev Fondunun v\u0259 M\u0259d\u0259niyy\u0259t Nazirliyinin t\u0259\u015fkilat\u00e7\u0131l\u0131\u011f\u0131 il\u0259 ke\u00e7iril\u0259n VII \u00abXar\u0131b\u00fclb\u00fcl\u00bb festival\u0131n\u0131n repertuar\u0131n\u0131n z\u0259nginliyi, musiqi bayram\u0131nda Az\u0259rbaycanla yana\u015f\u0131, T\u00fcrkiy\u0259nin, Birl\u0259\u015fmi\u015f \u018fr\u0259b \u018fmirlikl\u0259rinin, \u0130ndoneziyan\u0131n, \u0130ran\u0131n, Qazax\u0131stan\u0131n, Q\u0259t\u0259rin, Qvineyan\u0131n, M\u0259rake\u015fin, \u00d6zb\u0259kistan\u0131n da t\u0259msil olunmas\u0131, milli-m\u0259n\u0259vi z\u0259nginlikl\u0259rini n\u00fcmayi\u015f etdirm\u0259l\u0259ri \u0130slami d\u0259y\u0259rl\u0259rin t\u0259bli\u011fi bax\u0131m\u0131ndan \u00e7ox \u00f6n\u0259mlidir. D\u00fcnyan\u0131n bir \u00e7ox \u00f6lk\u0259l\u0259rind\u0259n g\u0259lmi\u015f \u00e7oxsayl\u0131 musiqi\u00e7il\u0259rin i\u015ftirak etdikl\u0259ri bu dostluq v\u0259 musiqi bayram\u0131 m\u00fcxt\u0259lif m\u0259d\u0259niyy\u0259tl\u0259rin, z\u0259ngin \u0259n\u0259n\u0259l\u0259rin t\u0259bli\u011fi bax\u0131m\u0131ndan da \u0259h\u0259miyy\u0259tlidir. Bu kimi t\u0259dbirl\u0259rl\u0259 m\u00fcxt\u0259lif xalqlar aras\u0131nda \u00fcnsiyy\u0259t v\u0259 \u0259m\u0259kda\u015fl\u0131q, m\u0259d\u0259niyy\u0259tl\u0259raras\u0131 dialoqlar formala\u015f\u0131r.<\/p>\n<p>Az\u0259rbaycan torpaqlar\u0131n\u0131 i\u015f\u011fal alt\u0131nda saxlad\u0131qlar\u0131 30 ild\u0259 tarixi abid\u0259l\u0259rimizi da\u011f\u0131dan erm\u0259ni v\u0259h\u015fil\u0259ri Z\u0259ngilanda da vandall\u0131qlar t\u00f6r\u0259tmi\u015fl\u0259r. M\u00fcq\u0259dd\u0259s ocaqlar\u0131m\u0131z erm\u0259nil\u0259r t\u0259r\u0259find\u0259n da\u011f\u0131d\u0131l\u0131b, t\u0259hqir edilib. XIX \u0259srd\u0259 in\u015fa edilmi\u015f v\u0259 memarl\u0131q abid\u0259si kimi inventarla\u015fd\u0131r\u0131lan m\u0259scid da\u011f\u0131d\u0131l\u0131b, ilkin g\u00f6rk\u0259mini 70 faiz\u0259 q\u0259d\u0259r itirib. Qaraba\u011fdak\u0131 tarixi, dini v\u0259 m\u0259d\u0259niyy\u0259t abid\u0259l\u0259rinin b\u0259rpas\u0131 layih\u0259l\u0259ri \u00e7\u0259r\u00e7iv\u0259sind\u0259 Z\u0259ngilan m\u0259scidind\u0259 b\u0259rpa-tikinti i\u015fl\u0259ri aparal\u0131b. Yerli v\u0259 xarici ekspertl\u0259rd\u0259n ibar\u0259t i\u015f\u00e7i qrup m\u0259scidin m\u00f6vcud binas\u0131nda qiym\u0259tl\u0259ndirm\u0259 apar\u0131b v\u0259 buna \u0259sas\u0259n binan\u0131n konservasiyas\u0131na q\u0259rar verilib. Konservasiya olunan tarixi m\u0259scidin yan\u0131nda yenisinin in\u015fa olunmas\u0131 tariximizin ya\u015fad\u0131lmas\u0131, m\u0259n\u0259vi v\u0259 \u0130slami d\u0259y\u0259rl\u0259rimizin qorunmas\u0131 bax\u0131m\u0131ndan \u0259h\u0259miyy\u0259tlidir.<\/p>\n<p>Bu g\u00fcnl\u0259rd\u0259 Z\u0259ngilana s\u0259f\u0259ri \u00e7\u0259r\u00e7iv\u0259sind\u0259 dini abid\u0259l\u0259rimizin b\u0259rpas\u0131 istiqam\u0259tind\u0259 g\u00f6r\u00fcl\u0259n i\u015fl\u0259rl\u0259 maraqlanan, \u015f\u0259h\u0259r m\u0259scidinin a\u00e7\u0131l\u0131\u015f\u0131nda i\u015ftirak ed\u0259n Prezident \u0130lham \u018fliyev v\u0259 birinci xan\u0131m Mehriban \u018fliyeva n\u00f6vb\u0259ti d\u0259f\u0259 milli -m\u0259n\u0259vi d\u0259y\u0259rl\u0259rimiz\u0259 diqq\u0259t v\u0259 qay\u011f\u0131lar\u0131n\u0131 ifad\u0259 etmi\u015fl\u0259r. Erm\u0259nistan\u0131n 30 illik i\u015f\u011fal\u0131 d\u00f6vr\u00fcnd\u0259 dig\u0259r abid\u0259l\u0259rimiz kimi, da\u011f\u0131d\u0131lm\u0131\u015f Z\u0259ngilan \u015f\u0259h\u0259r m\u0259scidinin \u0259razisind\u0259 a\u00e7\u0131q s\u0259ma alt\u0131nda s\u0259rginin yarad\u0131lmas\u0131 yenilik olsa da , tarixi d\u0259y\u0259rl\u0259r\u0259 ba\u011fl\u0131l\u0131qd\u0131r.<\/p>\n<p>\u00d6lk\u0259mizd\u0259 IV \u0130slam H\u0259mr\u0259yliyi Oyunlar\u0131n\u0131\u201dn t\u0259\u015fkili, 2017-ci ilin respublikam\u0131zda \u00ab\u0130slam h\u0259mr\u0259yliyi \u0130li\u00bb elan olunmas\u0131, \u00f6lk\u0259mizd\u0259 ke\u00e7iril\u0259n humanitar forumlarda xalqlar\u0131 birl\u0259\u015fdir\u0259n milli-m\u0259n\u0259vi d\u0259y\u0259rl\u0259rin t\u0259bli\u011fi, sivilizasiyalar\u0131 birl\u0259\u015fdir\u0259n \u00e7a\u011f\u0131r\u0131\u015flar\u0131n d\u0259st\u0259kl\u0259nm\u0259si b\u00fct\u00fcn dinl\u0259r\u0259 h\u00f6rm\u0259tin, etimad\u0131n ifad\u0259si olmaqla d\u00fcnyada s\u00fclh\u00fcn, \u0259min-amanl\u0131\u011f\u0131n qorunmas\u0131na veril\u0259n d\u0259y\u0259rdir. \u0130slamofobiya, ksenofobiya, antisemitizm kimi meyill\u0259rin g\u00fccl\u0259nm\u0259sin\u0259 qar\u015f\u0131 etibarl\u0131 m\u00fcbariz\u0259dir.<\/p>\n","protected":false},"excerpt":{"rendered":"<p>\u018fsrl\u0259rd\u0259n b\u0259ri m\u00fcxt\u0259lif m\u0259d\u0259niyy\u0259tl\u0259rin v\u0259 sivilizasiyalar\u0131n t\u0259mas, \u00fcnsiyy\u0259t m\u0259kan\u0131, h\u0259mr\u0259ylik \u00fcnvan\u0131 olan, Avropa il\u0259 Asiya aras\u0131nda yerl\u0259\u015f\u0259n Az\u0259rbaycan\u0131n \u00e7oxmill\u0259tli v\u0259 \u00e7oxkonfessiyal\u0131 d\u0259y\u0259rl\u0259r\u0259 sadiqliyi reall\u0131qd\u0131r. B\u00fct\u00fcn s\u0259mavi dinl\u0259rin yegan\u0259 m\u0259ram\u0131 olan m\u0259rh\u0259m\u0259t, xeyirxahl\u0131q kimi \u00fclvi duy\u011fular\u0131 birl\u0259\u015fdir\u0259n \u0130slam m\u0259d\u0259niyy\u0259tinin bar\u0131\u015fd\u0131r\u0131c\u0131l\u0131q, d\u00f6z\u00fcml\u00fcl\u00fck x\u00fcsusiyy\u0259tl\u0259ri, \u00f6lk\u0259mizd\u0259 m\u0259n\u0259vi d\u0259y\u0259r kimi qorunur. \u0130slam al\u0259minin ayr\u0131lmaz par\u00e7as\u0131 olan Az\u0259rbaycan\u0131n tolerantl\u0131\u011fa sadiqliyinin bariz n\u00fcmun\u0259si m\u00fcxt\u0259lif xalqlar\u0131n \u00f6lk\u0259mizd\u0259 bir ail\u0259nin \u00fczv\u00fc kimi ya\u015famas\u0131d\u0131r. M\u0259d\u0259ni m\u00fcxt\u0259lifliyin qorundu\u011fu nadir \u00f6lk\u0259l\u0259rd\u0259n say\u0131lan, \u015e\u0259rq il\u0259 Q\u0259rbin, \u015eimal il\u0259 C\u0259nubun qov\u015fa\u011f\u0131nda yerl\u0259\u015f\u0259n, eyni zamanda \u0130slam v\u0259 Avropa t\u0259\u015fkilatlar\u0131n\u0131n \u00fczv\u00fc kimi b\u0259\u015f\u0259ri d\u0259y\u0259rl\u0259r\u0259 sadiqliyini tolerantl\u0131\u011f\u0131&hellip;<\/p>\n","protected":false},"author":2,"featured_media":723459,"comment_status":"closed","ping_status":"closed","sticky":false,"template":"","format":"standard","meta":{"om_disable_all_campaigns":false,"_monsterinsights_skip_tracking":false,"_monsterinsights_sitenote_active":false,"_monsterinsights_sitenote_note":"","_monsterinsights_sitenote_category":0},"categories":[19],"tags":[],"aioseo_notices":[],"gutentor_comment":0,"rttpg_featured_image_url":{"full":["https:\/\/arantv.az\/wp-content\/uploads\/2024\/05\/62889e73163828521464036652810369260.jpg",975,540,false],"landscape":["https:\/\/arantv.az\/wp-content\/uploads\/2024\/05\/62889e73163828521464036652810369260.jpg",975,540,false],"portraits":["https:\/\/arantv.az\/wp-content\/uploads\/2024\/05\/62889e73163828521464036652810369260.jpg",975,540,false],"thumbnail":["https:\/\/arantv.az\/wp-content\/uploads\/2024\/05\/62889e73163828521464036652810369260-500x280.jpg",500,280,true],"medium":["https:\/\/arantv.az\/wp-content\/uploads\/2024\/05\/62889e73163828521464036652810369260-660x365.jpg",660,365,true],"large":["https:\/\/arantv.az\/wp-content\/uploads\/2024\/05\/62889e73163828521464036652810369260-840x465.jpg",640,354,true],"1536x1536":["https:\/\/arantv.az\/wp-content\/uploads\/2024\/05\/62889e73163828521464036652810369260.jpg",975,540,false],"2048x2048":["https:\/\/arantv.az\/wp-content\/uploads\/2024\/05\/62889e73163828521464036652810369260.jpg",975,540,false],"post-thumbnail":["https:\/\/arantv.az\/wp-content\/uploads\/2024\/05\/62889e73163828521464036652810369260-240x172.jpg",240,172,true],"advps-thumb-one":["https:\/\/arantv.az\/wp-content\/uploads\/2024\/05\/62889e73163828521464036652810369260.jpg",975,540,false]},"rttpg_author":{"display_name":"V\u00fcsal Rafiqo\u011flu","author_link":"https:\/\/arantv.az\/?author=2"},"rttpg_comment":0,"rttpg_category":"<a href=\"https:\/\/arantv.az\/?cat=19\" rel=\"category\">G\u00fcnd\u0259m<\/a>","rttpg_excerpt":"\u018fsrl\u0259rd\u0259n b\u0259ri m\u00fcxt\u0259lif m\u0259d\u0259niyy\u0259tl\u0259rin v\u0259 sivilizasiyalar\u0131n t\u0259mas, \u00fcnsiyy\u0259t m\u0259kan\u0131, h\u0259mr\u0259ylik \u00fcnvan\u0131 olan, Avropa il\u0259 Asiya aras\u0131nda yerl\u0259\u015f\u0259n Az\u0259rbaycan\u0131n \u00e7oxmill\u0259tli v\u0259 \u00e7oxkonfessiyal\u0131 d\u0259y\u0259rl\u0259r\u0259 sadiqliyi reall\u0131qd\u0131r. B\u00fct\u00fcn s\u0259mavi dinl\u0259rin yegan\u0259 m\u0259ram\u0131 olan m\u0259rh\u0259m\u0259t, xeyirxahl\u0131q kimi \u00fclvi duy\u011fular\u0131 birl\u0259\u015fdir\u0259n \u0130slam m\u0259d\u0259niyy\u0259tinin bar\u0131\u015fd\u0131r\u0131c\u0131l\u0131q, d\u00f6z\u00fcml\u00fcl\u00fck x\u00fcsusiyy\u0259tl\u0259ri, \u00f6lk\u0259mizd\u0259 m\u0259n\u0259vi d\u0259y\u0259r kimi qorunur. \u0130slam al\u0259minin ayr\u0131lmaz par\u00e7as\u0131 olan Az\u0259rbaycan\u0131n tolerantl\u0131\u011fa sadiqliyinin bariz&hellip;","_links":{"self":[{"href":"https:\/\/arantv.az\/index.php?rest_route=\/wp\/v2\/posts\/723458"}],"collection":[{"href":"https:\/\/arantv.az\/index.php?rest_route=\/wp\/v2\/posts"}],"about":[{"href":"https:\/\/arantv.az\/index.php?rest_route=\/wp\/v2\/types\/post"}],"author":[{"embeddable":true,"href":"https:\/\/arantv.az\/index.php?rest_route=\/wp\/v2\/users\/2"}],"replies":[{"embeddable":true,"href":"https:\/\/arantv.az\/index.php?rest_route=%2Fwp%2Fv2%2Fcomments&post=723458"}],"version-history":[{"count":0,"href":"https:\/\/arantv.az\/index.php?rest_route=\/wp\/v2\/posts\/723458\/revisions"}],"wp:featuredmedia":[{"embeddable":true,"href":"https:\/\/arantv.az\/index.php?rest_route=\/wp\/v2\/media\/723459"}],"wp:attachment":[{"href":"https:\/\/arantv.az\/index.php?rest_route=%2Fwp%2Fv2%2Fmedia&parent=723458"}],"wp:term":[{"taxonomy":"category","embeddable":true,"href":"https:\/\/arantv.az\/index.php?rest_route=%2Fwp%2Fv2%2Fcategories&post=723458"},{"taxonomy":"post_tag","embeddable":true,"href":"https:\/\/arantv.az\/index.php?rest_route=%2Fwp%2Fv2%2Ftags&post=723458"}],"curies":[{"name":"wp","href":"https:\/\/api.w.org\/{rel}","templated":true}]}}