{"id":723461,"date":"2024-05-21T09:54:46","date_gmt":"2024-05-21T05:54:46","guid":{"rendered":"https:\/\/arantv.az\/?p=723461"},"modified":"2024-05-21T09:54:46","modified_gmt":"2024-05-21T05:54:46","slug":"v%c9%99t%c9%99n-bagi-al-%c9%99lvan-don-geyinir","status":"publish","type":"post","link":"https:\/\/arantv.az\/?p=723461","title":{"rendered":"V\u0259t\u0259n ba\u011f\u0131 al-\u0259lvan don geyinir!"},"content":{"rendered":"<p><em><strong>Tezlikl\u0259 C\u0259bray\u0131l da B\u00f6y\u00fck Qay\u0131d\u0131\u015f\u0131n n\u00f6vb\u0259ti \u00fcnvanlar\u0131ndan olacaq<\/strong><\/em><\/p>\n<p>Qaraba\u011fa v\u0259 \u015e\u0259rgi Z\u0259ng\u0259zura yenid\u0259n h\u0259yat qay\u0131d\u0131r, erm\u0259ni v\u0259h\u015filiyinin qurban\u0131na \u00e7evrilmi\u015f yurd yerl\u0259rimiz bir-birinin ard\u0131nca c\u0259nn\u0259t\u0259 \u00e7evrilir. Uzun ill\u0259r \u00f6z do\u011fma ev-e\u015fikl\u0259rind\u0259n did\u0259rgin d\u00fc\u015fm\u00fc\u015f ke\u00e7mi\u015f m\u0259cburi k\u00f6\u00e7k\u00fcnl\u0259rin B\u00f6y\u00fck Qay\u0131d\u0131\u015f\u0131 prosesini s\u00fcr\u0259tl\u0259ndirm\u0259k, b\u0259rpa edil\u0259n, daha do\u011frusu yenid\u0259n tikil\u0259n ya\u015fay\u0131\u015f m\u0259nt\u0259q\u0259l\u0259rind\u0259 sakinl\u0259r \u00fc\u00e7\u00fcn rahat v\u0259 m\u00fcasir standartlara uy\u011fun h\u0259yat \u015f\u0259raitinin yarad\u0131lmas\u0131 \u00fc\u00e7\u00fcn i\u015f\u011faldan azad edilmi\u015f torpaqlar\u0131m\u0131zda bu g\u00fcn milli \u00f6z\u0259llikl\u0259r n\u0259z\u0259r\u0259 al\u0131nmaqla qabaqc\u0131l \u015f\u0259h\u0259rsalma standartlar\u0131na uy\u011fun yenid\u0259nqurma v\u0259 quruculuq i\u015fl\u0259ri h\u0259yata ke\u00e7irilir. Az\u0259rbaycan d\u00f6vl\u0259tinin prioritet istiqam\u0259t kimi yana\u015fmas\u0131 n\u0259tic\u0259sind\u0259 h\u0259yata ke\u00e7iril\u0259n m\u0259qs\u0259dy\u00f6nl\u00fc layih\u0259l\u0259r Qaraba\u011f v\u0259 \u015e\u0259rqi Z\u0259ng\u0259zur iqtisadi rayonlar\u0131n\u0131n s\u00fcr\u0259tl\u0259 dir\u00e7\u0259lm\u0259sin\u0259, \u0259halinin dayan\u0131ql\u0131 m\u0259skunla\u015fmas\u0131na v\u0259 davaml\u0131 iqtisadi aktivliyinin t\u0259min olunmas\u0131na xidm\u0259t edir, habel\u0259 h\u0259min \u0259razil\u0259rin inki\u015faf etmi\u015f regiona \u00e7evrilm\u0259si \u00fc\u00e7\u00fcn z\u0259min yarad\u0131r.<\/p>\n<p>Qeyd edil\u0259n i\u015fl\u0259rin gedi\u015fi Az\u0259rbaycan Prezidenti \u0130lham \u018fliyev t\u0259r\u0259find\u0259n h\u0259r zaman diqq\u0259td\u0259 saxlan\u0131l\u0131r, layih\u0259l\u0259rin vaxt\u0131nda v\u0259 y\u00fcks\u0259k keyfiyy\u0259tl\u0259 icra edilm\u0259si \u00fc\u00e7\u00fcn d\u00f6vl\u0259t ba\u015f\u00e7\u0131s\u0131 m\u00fcvafiq g\u00f6st\u0259ri\u015fl\u0259r verir. M\u0259hz m\u00f6ht\u0259r\u0259m Prezidentimizin bu diqq\u0259ti say\u0259sind\u0259 B\u00f6y\u00fck Qay\u0131d\u0131\u015f Az\u0259rbaycan\u0131n 2030-cu il\u0259d\u0259k be\u015f Milli Prioritetind\u0259n biridir. D\u00f6vl\u0259t ba\u015f\u00e7\u0131s\u0131n\u0131n 2022-ci il noyabr\u0131n 16-da imzalada\u011f\u0131 \u201cAz\u0259rbaycan Respublikas\u0131n\u0131n i\u015f\u011faldan azad edilmi\u015f \u0259razil\u0259rin\u0259 B\u00f6y\u00fck Qay\u0131d\u0131\u015fa dair I D\u00f6vl\u0259t Proqram\u0131\u201dn\u0131n t\u0259sdiq edilm\u0259si haqq\u0131nda\u201d S\u0259r\u0259ncam da m\u0259hz bu prioritetl\u0259r\u0259 \u0259saslanan h\u0259d\u0259fl\u0259r\u0259 \u00e7atma\u011fa xidm\u0259t ed\u0259n m\u00fch\u00fcm s\u0259n\u0259ddir. S\u00f6z\u00fcged\u0259n D\u00f6vl\u0259t Proqram\u0131nda ke\u00e7mi\u015f m\u0259cburi k\u00f6\u00e7k\u00fcnl\u0259rin beyn\u0259lxalq qanunvericiliy\u0259 uy\u011fun k\u00f6n\u00fcll\u00fc, t\u0259hl\u00fck\u0259siz v\u0259 l\u0259yaq\u0259tli \u015f\u0259kild\u0259 \u00f6z do\u011fma yurdlar\u0131na qay\u0131d\u0131\u015f\u0131 prosesinin b\u00fct\u00fcn aspektl\u0259rini \u0259hat\u0259 ed\u0259n t\u0259dbirl\u0259r m\u00fc\u0259yy\u0259nl\u0259\u015fdirilib. Be\u015fillik m\u00fcdd\u0259ti \u0259hat\u0259 ed\u0259n h\u0259min d\u00f6vl\u0259t proqram\u0131 \u00e7\u0259r\u00e7iv\u0259sind\u0259 2026-c\u0131 ilin sonunad\u0259k \u00fcmumilikd\u0259 34 min 500 ke\u00e7mi\u015f m\u0259cburi k\u00f6\u00e7k\u00fcn ail\u0259sinin, y\u0259ni 140 min\u0259 yax\u0131n insan\u0131n Qaraba\u011f v\u0259 \u015e\u0259rqi Z\u0259ng\u0259zur rayonlar\u0131nda m\u0259skunla\u015fd\u0131r\u0131lmas\u0131 n\u0259z\u0259rd\u0259 tutulub.<\/p>\n<p>\u018fsas h\u0259d\u0259f is\u0259 m\u0259cburi k\u00f6\u00e7k\u00fcnl\u00fck h\u0259yat\u0131 il\u0259 vidala\u015fanlar \u00fc\u00e7\u00fcn \u0259n m\u00fcasir standartlara uy\u011fun ya\u015fay\u0131\u015f \u015f\u0259raitinin yarad\u0131lmas\u0131, onlar\u0131n q\u0131sa vaxtda t\u0259hl\u00fck\u0259siz v\u0259 l\u0259yaq\u0259tli qay\u0131d\u0131\u015f\u0131n\u0131n t\u0259min edilm\u0259sidir. Prezident \u0130lham \u018fliyevin 2023-c\u00fc il dekabr\u0131n 6-da ADA Universitetind\u0259 ke\u00e7iril\u0259n \u201cQaraba\u011f: 30 ild\u0259n sonra ev\u0259 d\u00f6n\u00fc\u015f. Nailiyy\u0259tl\u0259r v\u0259 \u00e7\u0259tinlikl\u0259r\u201d Forumunda dediyi kimi: \u201cBiz \u0259limizd\u0259n g\u0259l\u0259ni edirik ki, ke\u00e7mi\u015f m\u0259cburi k\u00f6\u00e7k\u00fcnl\u0259r \u00fc\u00e7\u00fcn \u0259n yax\u015f\u0131 \u015f\u0259rait yarad\u0131ls\u0131n. Onlar buna layiqdirl\u0259r\u201d.<\/p>\n<p>T\u0259sad\u00fcfi deyil ki, d\u00f6vl\u0259timizin ba\u015f\u00e7\u0131s\u0131 m\u00fct\u0259madi olaraq i\u015f\u011faldan azad edilmi\u015f \u0259razil\u0259r\u0259 s\u0259f\u0259rl\u0259r edir v\u0259 h\u0259r n\u00f6vb\u0259ti s\u0259f\u0259r yeni a\u00e7\u0131l\u0131\u015flar, h\u0259m\u00e7inin yeni t\u0259m\u0259ll\u0259rin at\u0131lmas\u0131, m\u00fch\u00fcm layih\u0259l\u0259rin icras\u0131n\u0131n ba\u015flan\u0131lmas\u0131 il\u0259 yadda qal\u0131r. 2024-c\u00fc il may\u0131n 18-d\u0259 is\u0259 Az\u0259rbaycan Prezidenti t\u0259r\u0259find\u0259n t\u0259m\u0259li qoyulan ya\u015fay\u0131\u015f m\u0259nt\u0259q\u0259l\u0259rinin s\u0131ras\u0131na daha d\u00f6rd k\u0259nd \u2013 C\u0259bray\u0131l rayonunun B\u00f6y\u00fck M\u0259rcanl\u0131, Karxulu, Sar\u0131call\u0131 v\u0259 Ma\u015fanl\u0131 k\u0259ndl\u0259ri d\u0259 \u0259lav\u0259 edilib. C\u0259bray\u0131l, Qubadl\u0131 v\u0259 Z\u0259ngilan rayonlar\u0131nda B\u0259rpa, Tikinti v\u0259 \u0130dar\u0259etm\u0259 Xidm\u0259tinin \u0130ctimaiyy\u0259tl\u0259 \u0259laq\u0259l\u0259r \u015f\u00f6b\u0259sinin m\u00fcdiri \u0130lhamiyy\u0259 Rzayeva jurnalistl\u0259r\u0259 a\u00e7\u0131qlamas\u0131nda bildirib ki, C\u0259bray\u0131l\u0131n s\u00f6z\u00fcged\u0259n k\u0259ndl\u0259rin\u0259 birinci m\u0259rh\u0259l\u0259d\u0259 \u00fcmumilikd\u0259 3193 sakin k\u00f6\u00e7\u00fcr\u00fcl\u0259c\u0259k. \u00a0\u0130lkin olaraq B\u00f6y\u00fck M\u0259rcanl\u0131ya 542 n\u0259f\u0259rin k\u00f6\u00e7\u00fcr\u00fclm\u0259si \u00fc\u00e7\u00fcn 149 f\u0259rdi ev tikil\u0259c\u0259k. 2040-c\u0131 il\u0259d\u0259k is\u0259 6230 n\u0259f\u0259r \u0259hali \u00fc\u00e7\u00fcn 1074 f\u0259rdi ev v\u0259 \u00e7oxm\u0259rt\u0259b\u0259li ya\u015fay\u0131\u015f binalar\u0131 layih\u0259l\u0259ndirilib. H\u0259m\u00e7inin B\u00f6y\u00fck M\u0259rcanl\u0131 k\u0259ndind\u0259 \u0259halinin t\u0259l\u0259bat\u0131na uy\u011fun olaraq iki m\u0259kt\u0259b v\u0259 be\u015f u\u015faq ba\u011f\u00e7as\u0131 in\u015fa olunacaq.<\/p>\n<p>\u0130.Rzayeva Karxuluda g\u00f6r\u00fcl\u0259c\u0259k i\u015fl\u0259r haqq\u0131nda m\u0259lumat ver\u0259rk\u0259n bildirib ki, 2040-c\u0131 il\u0259d\u0259k k\u0259ndin layih\u0259l\u0259ndiril\u0259n \u0259razisi 313 hektar t\u0259\u015fkil edir v\u0259 bu m\u00fcdd\u0259t \u0259rzind\u0259 k\u0259ndd\u0259 4428 sakinin dayan\u0131ql\u0131 m\u0259skunla\u015fd\u0131r\u0131lmas\u0131 n\u0259z\u0259rd\u0259 tutulur: \u201cBurada iki tam orta m\u0259kt\u0259b v\u0259 d\u00f6rd u\u015faq ba\u011f\u00e7as\u0131 tikil\u0259c\u0259k. 2026-c\u0131 il\u0259d\u0259k d\u00f6vr\u00fc \u0259hat\u0259 ed\u0259n birinci m\u0259rh\u0259l\u0259d\u0259 691 sakin \u00fc\u00e7\u00fcn 145 f\u0259rdi evin tikintisi planla\u015fd\u0131r\u0131l\u0131r.\u201d<\/p>\n<p>Sar\u0131call\u0131 k\u0259ndind\u0259 d\u0259 iki tam orta m\u0259kt\u0259bin, 4 u\u015faq ba\u011f\u00e7as\u0131n\u0131n layih\u0259l\u0259ndirilm\u0259si n\u0259z\u0259rd\u0259 tutulub. Burada ilk m\u0259rh\u0259l\u0259d\u0259 1016 sakinin k\u00f6\u00e7\u00fcr\u00fclm\u0259si \u00fc\u00e7\u00fcn 242 f\u0259rdi ev in\u015fa olunacaq.<\/p>\n<p>C\u0259bray\u0131l rayonunun d\u00f6vl\u0259t ba\u015f\u00e7\u0131s\u0131 t\u0259r\u0259find\u0259n t\u0259m\u0259li qoyulmu\u015f daha bir k\u0259ndinin \u2013 Ma\u015fanl\u0131n\u0131n is\u0259 2040-c\u0131 il\u0259d\u0259k layih\u0259l\u0259ndiril\u0259n \u0259razisi 157,54 hektar olacaq. H\u0259min m\u00fcdd\u0259td\u0259 k\u0259ndd\u0259 2360 sakin \u00fc\u00e7\u00fcn 590 f\u0259rdi evin layih\u0259l\u0259ndirilm\u0259si v\u0259 tikintisi n\u0259z\u0259rd\u0259 tutulub. Bu k\u0259ndd\u0259 d\u0259 tam orta m\u0259kt\u0259bin v\u0259 iki u\u015faq ba\u011f\u00e7as\u0131n\u0131n tikintisi n\u0259z\u0259rd\u0259 tutulub. \u0130lk m\u0259rh\u0259l\u0259d\u0259 Ma\u015fanl\u0131da 236 f\u0259rdi ev\u0259 944 sakin k\u00f6\u00e7\u00fcr\u00fcl\u0259c\u0259k. H\u0259r d\u00f6rd k\u0259ndd\u0259 d\u0259 \u0259halinin m\u0259\u015f\u011fullu\u011funun t\u0259min edilm\u0259si \u00fc\u00e7\u00fcn d\u0259 h\u0259r c\u00fcr \u015f\u0259rait yarad\u0131lacaq, inzibati bina, klub-icma, ail\u0259 v\u0259 idman sa\u011flaml\u0131q m\u0259rk\u0259zl\u0259ri, ticar\u0259t v\u0259 m\u0259i\u015f\u0259t xidm\u0259ti binas\u0131, yan\u011f\u0131ns\u00f6nd\u00fcrm\u0259 deposu, aqrotexniki park, m\u0259rasim evi, k\u0259nd bazar\u0131, ki\u00e7ik sahibkarl\u0131q obyektl\u0259ri tikil\u0259c\u0259k.<\/p>\n<p>B\u00fct\u00fcn bu g\u00f6r\u00fclm\u0259si planla\u015fd\u0131r\u0131lan i\u015fl\u0259r, h\u0259yata ke\u00e7iril\u0259n geni\u015fmiqyasl\u0131 layih\u0259l\u0259r uzun ill\u0259r do\u011fma yurd h\u0259sr\u0259ti il\u0259 ya\u015fam\u0131\u015f ke\u00e7mi\u015f m\u0259cburi k\u00f6\u00e7k\u00fcnl\u0259ri s\u00fcr\u0259tl\u0259 \u0259n b\u00f6y\u00fck arzular\u0131n\u0131n realla\u015faca\u011f\u0131 ana yax\u0131nla\u015fd\u0131r\u0131r. Tezlikl\u0259 did\u0259rginlik h\u0259yat\u0131 bit\u0259n onminl\u0259rin s\u0131ras\u0131na c\u0259bray\u0131ll\u0131lar da qo\u015fulacaq. Onlar\u0131n k\u00f6\u00e7 karvanlar\u0131 \u201cba\u011f\u0131 al-\u0259lvan don geyin\u0259n\u201d V\u0259t\u0259n\u0259, yenid\u0259n qurulan c\u0259nn\u0259t C\u0259bray\u0131la istiqam\u0259tl\u0259n\u0259c\u0259k&#8230;<\/p>\n","protected":false},"excerpt":{"rendered":"<p>Tezlikl\u0259 C\u0259bray\u0131l da B\u00f6y\u00fck Qay\u0131d\u0131\u015f\u0131n n\u00f6vb\u0259ti \u00fcnvanlar\u0131ndan olacaq Qaraba\u011fa v\u0259 \u015e\u0259rgi Z\u0259ng\u0259zura yenid\u0259n h\u0259yat qay\u0131d\u0131r, erm\u0259ni v\u0259h\u015filiyinin qurban\u0131na \u00e7evrilmi\u015f yurd yerl\u0259rimiz bir-birinin ard\u0131nca c\u0259nn\u0259t\u0259 \u00e7evrilir. Uzun ill\u0259r \u00f6z do\u011fma ev-e\u015fikl\u0259rind\u0259n did\u0259rgin d\u00fc\u015fm\u00fc\u015f ke\u00e7mi\u015f m\u0259cburi k\u00f6\u00e7k\u00fcnl\u0259rin B\u00f6y\u00fck Qay\u0131d\u0131\u015f\u0131 prosesini s\u00fcr\u0259tl\u0259ndirm\u0259k, b\u0259rpa edil\u0259n, daha do\u011frusu yenid\u0259n tikil\u0259n ya\u015fay\u0131\u015f m\u0259nt\u0259q\u0259l\u0259rind\u0259 sakinl\u0259r \u00fc\u00e7\u00fcn rahat v\u0259 m\u00fcasir standartlara uy\u011fun h\u0259yat \u015f\u0259raitinin yarad\u0131lmas\u0131 \u00fc\u00e7\u00fcn i\u015f\u011faldan azad edilmi\u015f torpaqlar\u0131m\u0131zda bu g\u00fcn milli \u00f6z\u0259llikl\u0259r n\u0259z\u0259r\u0259 al\u0131nmaqla qabaqc\u0131l \u015f\u0259h\u0259rsalma standartlar\u0131na uy\u011fun yenid\u0259nqurma v\u0259 quruculuq i\u015fl\u0259ri h\u0259yata ke\u00e7irilir. Az\u0259rbaycan d\u00f6vl\u0259tinin prioritet istiqam\u0259t kimi yana\u015fmas\u0131 n\u0259tic\u0259sind\u0259 h\u0259yata ke\u00e7iril\u0259n m\u0259qs\u0259dy\u00f6nl\u00fc layih\u0259l\u0259r Qaraba\u011f&hellip;<\/p>\n","protected":false},"author":2,"featured_media":723462,"comment_status":"closed","ping_status":"closed","sticky":false,"template":"","format":"standard","meta":{"om_disable_all_campaigns":false,"_monsterinsights_skip_tracking":false,"_monsterinsights_sitenote_active":false,"_monsterinsights_sitenote_note":"","_monsterinsights_sitenote_category":0},"categories":[1],"tags":[],"aioseo_notices":[],"gutentor_comment":0,"rttpg_featured_image_url":{"full":["https:\/\/arantv.az\/wp-content\/uploads\/2024\/05\/e9287a53171497880254228260810516831.jpg",975,540,false],"landscape":["https:\/\/arantv.az\/wp-content\/uploads\/2024\/05\/e9287a53171497880254228260810516831.jpg",975,540,false],"portraits":["https:\/\/arantv.az\/wp-content\/uploads\/2024\/05\/e9287a53171497880254228260810516831.jpg",975,540,false],"thumbnail":["https:\/\/arantv.az\/wp-content\/uploads\/2024\/05\/e9287a53171497880254228260810516831-500x280.jpg",500,280,true],"medium":["https:\/\/arantv.az\/wp-content\/uploads\/2024\/05\/e9287a53171497880254228260810516831-660x365.jpg",660,365,true],"large":["https:\/\/arantv.az\/wp-content\/uploads\/2024\/05\/e9287a53171497880254228260810516831-840x465.jpg",640,354,true],"1536x1536":["https:\/\/arantv.az\/wp-content\/uploads\/2024\/05\/e9287a53171497880254228260810516831.jpg",975,540,false],"2048x2048":["https:\/\/arantv.az\/wp-content\/uploads\/2024\/05\/e9287a53171497880254228260810516831.jpg",975,540,false],"post-thumbnail":["https:\/\/arantv.az\/wp-content\/uploads\/2024\/05\/e9287a53171497880254228260810516831-240x172.jpg",240,172,true],"advps-thumb-one":["https:\/\/arantv.az\/wp-content\/uploads\/2024\/05\/e9287a53171497880254228260810516831.jpg",975,540,false]},"rttpg_author":{"display_name":"V\u00fcsal Rafiqo\u011flu","author_link":"https:\/\/arantv.az\/?author=2"},"rttpg_comment":0,"rttpg_category":"<a href=\"https:\/\/arantv.az\/?cat=1\" rel=\"category\">C\u0259miyy\u0259t<\/a>","rttpg_excerpt":"Tezlikl\u0259 C\u0259bray\u0131l da B\u00f6y\u00fck Qay\u0131d\u0131\u015f\u0131n n\u00f6vb\u0259ti \u00fcnvanlar\u0131ndan olacaq Qaraba\u011fa v\u0259 \u015e\u0259rgi Z\u0259ng\u0259zura yenid\u0259n h\u0259yat qay\u0131d\u0131r, erm\u0259ni v\u0259h\u015filiyinin qurban\u0131na \u00e7evrilmi\u015f yurd yerl\u0259rimiz bir-birinin ard\u0131nca c\u0259nn\u0259t\u0259 \u00e7evrilir. Uzun ill\u0259r \u00f6z do\u011fma ev-e\u015fikl\u0259rind\u0259n did\u0259rgin d\u00fc\u015fm\u00fc\u015f ke\u00e7mi\u015f m\u0259cburi k\u00f6\u00e7k\u00fcnl\u0259rin B\u00f6y\u00fck Qay\u0131d\u0131\u015f\u0131 prosesini s\u00fcr\u0259tl\u0259ndirm\u0259k, b\u0259rpa edil\u0259n, daha do\u011frusu yenid\u0259n tikil\u0259n ya\u015fay\u0131\u015f m\u0259nt\u0259q\u0259l\u0259rind\u0259 sakinl\u0259r \u00fc\u00e7\u00fcn rahat v\u0259 m\u00fcasir standartlara uy\u011fun h\u0259yat&hellip;","_links":{"self":[{"href":"https:\/\/arantv.az\/index.php?rest_route=\/wp\/v2\/posts\/723461"}],"collection":[{"href":"https:\/\/arantv.az\/index.php?rest_route=\/wp\/v2\/posts"}],"about":[{"href":"https:\/\/arantv.az\/index.php?rest_route=\/wp\/v2\/types\/post"}],"author":[{"embeddable":true,"href":"https:\/\/arantv.az\/index.php?rest_route=\/wp\/v2\/users\/2"}],"replies":[{"embeddable":true,"href":"https:\/\/arantv.az\/index.php?rest_route=%2Fwp%2Fv2%2Fcomments&post=723461"}],"version-history":[{"count":0,"href":"https:\/\/arantv.az\/index.php?rest_route=\/wp\/v2\/posts\/723461\/revisions"}],"wp:featuredmedia":[{"embeddable":true,"href":"https:\/\/arantv.az\/index.php?rest_route=\/wp\/v2\/media\/723462"}],"wp:attachment":[{"href":"https:\/\/arantv.az\/index.php?rest_route=%2Fwp%2Fv2%2Fmedia&parent=723461"}],"wp:term":[{"taxonomy":"category","embeddable":true,"href":"https:\/\/arantv.az\/index.php?rest_route=%2Fwp%2Fv2%2Fcategories&post=723461"},{"taxonomy":"post_tag","embeddable":true,"href":"https:\/\/arantv.az\/index.php?rest_route=%2Fwp%2Fv2%2Ftags&post=723461"}],"curies":[{"name":"wp","href":"https:\/\/api.w.org\/{rel}","templated":true}]}}