{"id":723464,"date":"2024-05-21T09:55:22","date_gmt":"2024-05-21T05:55:22","guid":{"rendered":"https:\/\/arantv.az\/?p=723464"},"modified":"2024-05-21T09:55:22","modified_gmt":"2024-05-21T05:55:22","slug":"paris-bakidan-n%c9%99-ist%c9%99yir","status":"publish","type":"post","link":"https:\/\/arantv.az\/?p=723464","title":{"rendered":"Paris Bak\u0131dan n\u0259 ist\u0259yir?"},"content":{"rendered":"<p>Fransa Prezidenti Emmanuel Makron v\u0259 onun nazirl\u0259ri, h\u0259m\u00e7inin bu \u00f6lk\u0259nin \u00fczd\u0259niraq siyas\u0259t\u00e7il\u0259ri t\u00fcrk d\u00fcnyas\u0131na, x\u00fcsusil\u0259 Az\u0259rbaycana qar\u015f\u0131 t\u0259xribatlardan bir an bel\u0259 \u0259l \u00e7\u0259kmil\u0259r. Onlar\u0131n h\u0259yas\u0131zl\u0131\u011f\u0131 o s\u0259viyy\u0259y\u0259 \u00e7at\u0131b ki, Fransan\u0131n m\u00fcst\u0259ml\u0259k\u0259 z\u00fclm\u00fcn\u0259 boyun \u0259ym\u0259k ist\u0259m\u0259y\u0259n v\u0259 m\u00fcst\u0259qil ya\u015famaq arzusun\u00adda olan Sakit okeandak\u0131 Yeni Kaledoniyada ba\u015f ver\u0259n k\u00fctl\u0259vi etirazlarda, i\u011ftia\u015fa\u015flarda da Az\u0259rbaycan izi axtarma\u011fa ba\u015flay\u0131blar.<\/p>\n<p>Bel\u0259 ki, Fransan\u0131n daxili i\u015fl\u0259r naziri Jerar Darman Az\u0259rbaycan\u0131 adadak\u0131 m\u00fcst\u0259qillik t\u0259r\u0259f\u00addarlar\u0131n\u0131 d\u0259st\u0259kl\u0259m\u0259kd\u0259 ittiham edib. \u201cFrance-2\u201d televiziya kanal\u0131na m\u00fcsa\u00adhib\u0259 ver\u0259n nazir deyib: \u201cBu, fantaziya deyil. T\u0259\u0259ss\u00fcf ki, b\u0259zi separat\u00e7\u0131lar Az\u0259rbaycanla raz\u0131l\u0131\u011fa g\u0259libl\u0259r\u201d. Amma o, h\u0259min \u201craz\u0131l\u0131\u011f\u0131n\u201d detallar\u0131n\u0131 a\u00e7\u0131qlamay\u0131b. \u015e\u00fcbh\u0259siz, bu da h\u0259min fikirl\u0259rin nazirin fantaziyas\u0131n\u0131n m\u0259hsulu olmas\u0131ndan x\u0259b\u0259r verir.<\/p>\n<p>Fransal\u0131 politoloq Lui D\u00fcklo is\u0259 so\u00adsial \u015f\u0259b\u0259k\u0259 hesab\u0131nda yaz\u0131b ki, guya Az\u0259r\u00adbaycan Fransaya qar\u015f\u0131 sabitliyi pozan f\u0259aliyy\u0259tl\u0259r h\u0259yata ke\u00e7irir. \u018fg\u0259r onlar\u00a0 h\u0259min etirazlarda g\u00f6r\u00fcn\u0259n Yeni Kaledoniyan\u0131n bayra\u011f\u0131na ox\u015far bayra\u011f\u0131m\u0131z\u0131 n\u0259z\u0259rd\u0259 tuturlarsa, bu, sad\u0259c\u0259, neokolonializml\u0259 m\u00fcbariz\u0259d\u0259 Az\u0259rbaycan\u0131n f\u0259all\u0131\u011f\u0131na i\u015far\u0259d\u0259n ba\u015fqa bir \u015fey deyil. Ba\u015fqa s\u00f6zl\u0259 des\u0259k, bu, \u00f6lk\u0259mizin m\u00fcst\u0259ml\u0259k\u0259\u00e7iliy\u0259 qar\u015f\u0131 apard\u0131\u011f\u0131 m\u00fcbariz\u0259 il\u0259 ba\u011fl\u0131d\u0131r. B\u0259li, Az\u0259rbaycan art\u0131q ne\u00e7\u0259 ildir ki, neokolonializm meyill\u0259rinin artmas\u0131n\u00addan ciddi narahatl\u0131\u011f\u0131n\u0131 d\u0259f\u0259l\u0259rl\u0259 b\u0259yan edib v\u0259 etm\u0259kd\u0259 davam edir.\u00a0 Az\u0259rbaycan beyn\u0259lxalq h\u00fcququ, \u00f6z azadl\u0131\u011f\u0131n\u0131 b\u0259rpa etm\u0259kl\u0259 d\u00fcnyada \u0259zil\u0259n xalqlar\u0131n m\u00fcbariz\u0259 simvoluna \u00e7evrilibs\u0259, buna ba\u015fqa don geyindirm\u0259k tamamil\u0259 absurddur. Az\u0259rbaycan sad\u0259c\u0259 beyn\u0259lxalq h\u00fcquq v\u0259 diplomatik protokol \u00e7\u0259r\u00e7iv\u0259sind\u0259 g\u00fcnahs\u0131z kanak xalq\u0131na, Fransan\u0131n m\u00fcst\u0259ml\u0259k\u0259 siyas\u0259tind\u0259n \u0259ziyy\u0259t \u00e7\u0259k\u0259n, iztirablar i\u00e7ind\u0259 bo\u011fulan insanlara \u00f6z m\u0259n\u0259vi d\u0259st\u0259yini g\u00f6st\u0259rir. Yeni Kaledoniyda ba\u015f ver\u0259nl\u0259r is\u0259 \u00a0s\u00f6z\u00fcged\u0259n \u00f6lk\u0259nin neokolonial siyas\u0259tinin n\u0259tic\u0259sidir. Bu m\u0259nada orada ba\u015f ver\u0259nl\u0259ri Az\u0259rbaycanla \u0259laq\u0259l\u0259ndirm\u0259k, sabitliyi pozmaq kimi q\u0259l\u0259m\u0259 verm\u0259k \u0259sla do\u011fru deyil. Halbuki, Erm\u0259nistan\u0131 silahland\u0131rmaqla, revani\u015fistl\u0259ri v\u0259 separt\u00e7\u0131lar\u0131 d\u0259st\u0259kl\u0259m\u0259kl\u0259 C\u0259nubi Qafqazda, o c\u00fcml\u0259d\u0259n u\u011furlar\u0131n\u0131 h\u0259zm etm\u0259kd\u0259 h\u0259l\u0259 d\u0259 \u00e7\u0259tinlik \u00e7\u0259kdiyi Az\u0259rbaycanda sabitliyi pozma\u011fa, onun daxili i\u015fl\u0259rin\u0259 qar\u0131\u015fma\u011fa \u00e7al\u0131\u015fan m\u0259hz Makron Fransas\u0131d\u0131r. Bu g\u00fcn r\u0259smi Bak\u0131n\u0131 \u201cseparat\u00e7\u0131\u201dlar\u0131 d\u0259st\u0259kl\u0259m\u0259kd\u0259 ittiham ed\u0259n Fransa Az\u0259rbaycan \u0259razil\u0259rind\u0259 k\u00f6k salan separat\u00e7\u0131lar\u0131 silahland\u0131raraq Qaraba\u011f\u0131 m\u00fcnaqi\u015f\u0259 oca\u011f\u0131na \u00e7evirm\u0259dimi?\u00a0 2020-ci ilin V\u0259t\u0259n m\u00fcharib\u0259si zaman\u0131 v\u0259 ondan sonrak\u0131 d\u00f6vrl\u0259rd\u0259 \u00f6lk\u0259miz\u0259 qar\u015f\u0131 \u0259dal\u0259tsiz m\u00f6vqe s\u0259rgil\u0259m\u0259dimi? Parlamentin h\u0259r iki palatas\u0131, Fransa d\u00f6vl\u0259ti \u00a0Qaraba\u011fdak\u0131 separat\u00e7\u0131 rejimi a\u00e7\u0131q \u015f\u0259kild\u0259 d\u0259st\u0259kl\u0259m\u0259dimi? El\u0259 Rusiya-Ukrayna m\u00fcnaqi\u015f\u0259sinin bu q\u0259d\u0259r davam etm\u0259sinin, Q\u0259zzadak\u0131 alovun s\u00f6nm\u0259m\u0259sinin, G\u00fcrc\u00fcstan\u0131n qar\u0131\u015fmas\u0131n\u0131n baiskar\u0131 da Fransad\u0131r. Az\u0259rbaycan is\u0259 indiy\u0259d\u0259k\u00a0 d\u00fcn\u00adyan\u0131n he\u00e7 bir \u00f6lk\u0259sinin, o c\u00fcml\u0259d\u0259n Fransan\u0131n daxili i\u015fl\u0259rin\u0259 qar\u0131\u015fma\u011fa c\u0259hd g\u00f6st\u0259rm\u0259yib.<\/p>\n<p>Az\u0259rbaycan\u0131 iqtisadi sanksiyalarla, Erm\u0259nistana d\u0259st\u0259yi art\u0131rmaqla h\u0259d\u0259l\u0259y\u0259n Lui D\u00fcklo y\u0259qin bilm\u0259mi\u015f deyil ki, Fransan\u0131n Az\u0259rbaycana hans\u0131sa iqtisadi sanksiyalar t\u0259tbiq ed\u0259c\u0259yi t\u0259q\u00addird\u0259 bundan el\u0259 \u0259n \u00e7ox onun \u00f6lk\u0259sinin Az\u0259rbaycanda f\u0259aliyy\u0259t g\u00f6st\u0259r\u0259n \u201cTotal\u201d, h\u0259m\u00e7inin dig\u0259r \u015firk\u0259tl\u0259ri ziyan \u00e7\u0259k\u0259c\u0259kl\u0259r. Erm\u0259nistan\u0131 silahland\u0131rmas\u0131na g\u0259ldikd\u0259 Prezident \u0130lham \u018fliyevin bu s\u00f6zl\u0259rini xat\u0131rlatmaq yerin\u0259 d\u00fc\u015f\u0259rdi: \u201cQoy e\u015fid\u0259n e\u015fitsin ki, biz g\u00f6rs\u0259k, biz\u0259 qar\u015f\u0131 real t\u0259hl\u00fck\u0259, o Fransan\u0131n s\u0131n\u0131q-salxaq \u201cBastion\u201d ma\u015f\u0131nlar\u0131, o konserv bankalar\u0131 yox, real t\u0259hl\u00fck\u0259 yaransa, biz preventiv add\u0131mlarla o t\u0259hl\u00fck\u0259ni ist\u0259nil\u0259n n\u00f6qt\u0259d\u0259 m\u0259hv ed\u0259c\u0259yik\u201d.<\/p>\n<p>Bu m\u0259nada onlar\u0131n say\u0131qlamalar\u0131 tamamil\u0259 \u0259sass\u0131zd\u0131r. Daha do\u011frusu, Az\u0259rbaycanla ba\u011fl\u0131 s\u0259sl\u0259n\u0259n iddialar absurddur v\u0259 siyasi m\u0259n\u0259viyyats\u0131zl\u0131qd\u0131r. Haql\u0131 olaraq Az\u0259rbaycan Xarici \u0130\u015fl\u0259r Nazirliyi bununla ba\u011fl\u0131 r\u0259smi m\u00fcnasib\u0259t bildirib: \u201c\u018fks t\u0259qdird\u0259, bu, Az\u0259rbaycan-Fransa m\u00fcnasib\u0259tl\u0259rin\u0259 daha m\u0259nfi t\u0259sirl\u0259r\u0259 g\u0259tirib \u00e7\u0131xaracaqd\u0131r\u201d. B\u00fct\u00fcn bunlardan bel\u0259 n\u0259tic\u0259y\u0259 g\u0259lm\u0259k olar ki, demokratiyadan dan\u0131\u015fma\u011fa haqq\u0131 olmayan ba\u015fda Makron olmaqla Fransan\u0131n indiki hakimiyy\u0259ti tamamil\u0259 ba\u015f\u0131n\u0131 itirib. Bu is\u0259 o dem\u0259kdir ki, \u0259g\u0259r sabah Fransada h\u0259r hans\u0131 t\u0259bii f\u0259lak\u0259t ba\u015f ver\u0259rs\u0259, \u00f6lk\u0259 r\u0259smil\u0259ri onu da Az\u0259rbaycanla \u0259laq\u0259l\u0259ndirm\u0259y\u0259 \u00e7al\u0131\u015facaqlar. Amma insaf\u0259n Lui D\u00fcklonun a\u00e7\u0131qlamas\u0131nda \u00f6lk\u0259mizin ad\u0131 Rusiya v\u0259 \u00c7in kimi b\u00f6\u00ady\u00fck g\u00fccl\u0259rl\u0259 yana\u015f\u0131 \u00e7\u0259kilir. Bu is\u0259 o dem\u0259kdir ki, art\u0131q frans\u0131zlar da \u00f6lk\u0259mizin g\u00fccl\u00fc d\u00f6vl\u0259t\u0259 \u00e7evrilm\u0259sini, Prezident \u0130lham \u018fliyevin m\u00fcst\u0259qil siyas\u0259t y\u00fcr\u00fctm\u0259k m\u0259har\u0259tini etiraf edirl\u0259r. Amma n\u0259d\u0259ns\u0259 b\u00fct\u00fcn bunlar\u0131 a\u00e7\u0131q, ba\u015fqa s\u00f6zl\u0259 des\u0259k, d\u00fcnyan\u0131n e\u015fid\u0259 bil\u0259c\u0259yi \u015f\u0259kild\u0259 dil\u0259 g\u0259tirm\u0259kd\u0259n \u00e7\u0259kinirl\u0259r. G\u00f6r\u0259s\u0259n, \u00f6lk\u0259miz\u0259 qar\u015f\u0131 q\u0259r\u0259zli m\u00f6vqe n\u00fcmayi\u015f etdir\u0259n Paris Bak\u0131dan n\u0259 ist\u0259yir?<\/p>\n<p>Yeri g\u0259lmi\u015fk\u0259n qeyd ed\u0259k ki, may\u0131n 13-d\u0259 Yeni Kaledoniyan\u0131n paytaxt\u0131nda yerli se\u00e7kil\u0259r \u00fc\u00e7\u00fcn se\u00e7ici siyah\u0131lar\u0131n\u0131n geni\u015fl\u0259ndirilm\u0259si il\u0259 ba\u011fl\u0131 Fransa qanun layih\u0259sin\u0259 etirazlar i\u011fti\u015fa\u015flara \u00e7evrilib. Yeni Kaledoniyada 12 g\u00fcn m\u00fcdd\u0259tin\u0259 f\u00f6vq\u0259lad\u0259 v\u0259ziyy\u0259t elan edilib, liman v\u0259 hava limanlar\u0131n\u0131n m\u00fchafiz\u0259si \u00fc\u00e7\u00fcn h\u0259rb\u00e7il\u0259r g\u0259tirilib.<\/p>\n","protected":false},"excerpt":{"rendered":"<p>Fransa Prezidenti Emmanuel Makron v\u0259 onun nazirl\u0259ri, h\u0259m\u00e7inin bu \u00f6lk\u0259nin \u00fczd\u0259niraq siyas\u0259t\u00e7il\u0259ri t\u00fcrk d\u00fcnyas\u0131na, x\u00fcsusil\u0259 Az\u0259rbaycana qar\u015f\u0131 t\u0259xribatlardan bir an bel\u0259 \u0259l \u00e7\u0259kmil\u0259r. Onlar\u0131n h\u0259yas\u0131zl\u0131\u011f\u0131 o s\u0259viyy\u0259y\u0259 \u00e7at\u0131b ki, Fransan\u0131n m\u00fcst\u0259ml\u0259k\u0259 z\u00fclm\u00fcn\u0259 boyun \u0259ym\u0259k ist\u0259m\u0259y\u0259n v\u0259 m\u00fcst\u0259qil ya\u015famaq arzusun\u00adda olan Sakit okeandak\u0131 Yeni Kaledoniyada ba\u015f ver\u0259n k\u00fctl\u0259vi etirazlarda, i\u011ftia\u015fa\u015flarda da Az\u0259rbaycan izi axtarma\u011fa ba\u015flay\u0131blar. Bel\u0259 ki, Fransan\u0131n daxili i\u015fl\u0259r naziri Jerar Darman Az\u0259rbaycan\u0131 adadak\u0131 m\u00fcst\u0259qillik t\u0259r\u0259f\u00addarlar\u0131n\u0131 d\u0259st\u0259kl\u0259m\u0259kd\u0259 ittiham edib. \u201cFrance-2\u201d televiziya kanal\u0131na m\u00fcsa\u00adhib\u0259 ver\u0259n nazir deyib: \u201cBu, fantaziya deyil. T\u0259\u0259ss\u00fcf ki, b\u0259zi separat\u00e7\u0131lar Az\u0259rbaycanla raz\u0131l\u0131\u011fa g\u0259libl\u0259r\u201d. Amma o, h\u0259min \u201craz\u0131l\u0131\u011f\u0131n\u201d&hellip;<\/p>\n","protected":false},"author":2,"featured_media":723465,"comment_status":"closed","ping_status":"closed","sticky":false,"template":"","format":"standard","meta":{"om_disable_all_campaigns":false,"_monsterinsights_skip_tracking":false,"_monsterinsights_sitenote_active":false,"_monsterinsights_sitenote_note":"","_monsterinsights_sitenote_category":0},"categories":[19],"tags":[],"aioseo_notices":[],"gutentor_comment":0,"rttpg_featured_image_url":{"full":["https:\/\/arantv.az\/wp-content\/uploads\/2024\/05\/a0dc078c171293149782157331510453387.jpg",975,540,false],"landscape":["https:\/\/arantv.az\/wp-content\/uploads\/2024\/05\/a0dc078c171293149782157331510453387.jpg",975,540,false],"portraits":["https:\/\/arantv.az\/wp-content\/uploads\/2024\/05\/a0dc078c171293149782157331510453387.jpg",975,540,false],"thumbnail":["https:\/\/arantv.az\/wp-content\/uploads\/2024\/05\/a0dc078c171293149782157331510453387-500x280.jpg",500,280,true],"medium":["https:\/\/arantv.az\/wp-content\/uploads\/2024\/05\/a0dc078c171293149782157331510453387-660x365.jpg",660,365,true],"large":["https:\/\/arantv.az\/wp-content\/uploads\/2024\/05\/a0dc078c171293149782157331510453387-840x465.jpg",640,354,true],"1536x1536":["https:\/\/arantv.az\/wp-content\/uploads\/2024\/05\/a0dc078c171293149782157331510453387.jpg",975,540,false],"2048x2048":["https:\/\/arantv.az\/wp-content\/uploads\/2024\/05\/a0dc078c171293149782157331510453387.jpg",975,540,false],"post-thumbnail":["https:\/\/arantv.az\/wp-content\/uploads\/2024\/05\/a0dc078c171293149782157331510453387-240x172.jpg",240,172,true],"advps-thumb-one":["https:\/\/arantv.az\/wp-content\/uploads\/2024\/05\/a0dc078c171293149782157331510453387.jpg",975,540,false]},"rttpg_author":{"display_name":"V\u00fcsal Rafiqo\u011flu","author_link":"https:\/\/arantv.az\/?author=2"},"rttpg_comment":0,"rttpg_category":"<a href=\"https:\/\/arantv.az\/?cat=19\" rel=\"category\">G\u00fcnd\u0259m<\/a>","rttpg_excerpt":"Fransa Prezidenti Emmanuel Makron v\u0259 onun nazirl\u0259ri, h\u0259m\u00e7inin bu \u00f6lk\u0259nin \u00fczd\u0259niraq siyas\u0259t\u00e7il\u0259ri t\u00fcrk d\u00fcnyas\u0131na, x\u00fcsusil\u0259 Az\u0259rbaycana qar\u015f\u0131 t\u0259xribatlardan bir an bel\u0259 \u0259l \u00e7\u0259kmil\u0259r. Onlar\u0131n h\u0259yas\u0131zl\u0131\u011f\u0131 o s\u0259viyy\u0259y\u0259 \u00e7at\u0131b ki, Fransan\u0131n m\u00fcst\u0259ml\u0259k\u0259 z\u00fclm\u00fcn\u0259 boyun \u0259ym\u0259k ist\u0259m\u0259y\u0259n v\u0259 m\u00fcst\u0259qil ya\u015famaq arzusun\u00adda olan Sakit okeandak\u0131 Yeni Kaledoniyada ba\u015f ver\u0259n k\u00fctl\u0259vi etirazlarda, i\u011ftia\u015fa\u015flarda da Az\u0259rbaycan izi axtarma\u011fa ba\u015flay\u0131blar. Bel\u0259&hellip;","_links":{"self":[{"href":"https:\/\/arantv.az\/index.php?rest_route=\/wp\/v2\/posts\/723464"}],"collection":[{"href":"https:\/\/arantv.az\/index.php?rest_route=\/wp\/v2\/posts"}],"about":[{"href":"https:\/\/arantv.az\/index.php?rest_route=\/wp\/v2\/types\/post"}],"author":[{"embeddable":true,"href":"https:\/\/arantv.az\/index.php?rest_route=\/wp\/v2\/users\/2"}],"replies":[{"embeddable":true,"href":"https:\/\/arantv.az\/index.php?rest_route=%2Fwp%2Fv2%2Fcomments&post=723464"}],"version-history":[{"count":0,"href":"https:\/\/arantv.az\/index.php?rest_route=\/wp\/v2\/posts\/723464\/revisions"}],"wp:featuredmedia":[{"embeddable":true,"href":"https:\/\/arantv.az\/index.php?rest_route=\/wp\/v2\/media\/723465"}],"wp:attachment":[{"href":"https:\/\/arantv.az\/index.php?rest_route=%2Fwp%2Fv2%2Fmedia&parent=723464"}],"wp:term":[{"taxonomy":"category","embeddable":true,"href":"https:\/\/arantv.az\/index.php?rest_route=%2Fwp%2Fv2%2Fcategories&post=723464"},{"taxonomy":"post_tag","embeddable":true,"href":"https:\/\/arantv.az\/index.php?rest_route=%2Fwp%2Fv2%2Ftags&post=723464"}],"curies":[{"name":"wp","href":"https:\/\/api.w.org\/{rel}","templated":true}]}}