{"id":723468,"date":"2024-05-21T09:56:40","date_gmt":"2024-05-21T05:56:40","guid":{"rendered":"https:\/\/arantv.az\/?p=723468"},"modified":"2024-05-21T09:56:40","modified_gmt":"2024-05-21T05:56:40","slug":"h%c9%99d%c9%99fl%c9%99r-realliga-cevrilir-2","status":"publish","type":"post","link":"https:\/\/arantv.az\/?p=723468","title":{"rendered":"H\u0259d\u0259fl\u0259r reall\u0131\u011fa \u00e7evrilir"},"content":{"rendered":"<p><em><strong>D\u00f6vl\u0259t ba\u015f\u00e7\u0131s\u0131 \u0130lham \u018fliyevin v\u0259 birinci xan\u0131m Mehriban \u018fliyevan\u0131n C\u0259bray\u0131l v\u0259 Z\u0259ngilan rayonlar\u0131na s\u0259f\u0259rl\u0259ri B\u00f6y\u00fck Qay\u0131d\u0131\u015f Proqram\u0131n\u0131n birinci m\u0259rh\u0259l\u0259sinin u\u011furlu sonluqla ba\u015fa \u00e7ataca\u011f\u0131\u00a0bar\u0259d\u0259 ayd\u0131n t\u0259s\u0259vv\u00fcr yaratd\u0131<\/strong><\/em><\/p>\n<p>D\u00f6vl\u0259t ba\u015f\u00e7\u0131s\u0131 \u0130lham \u018fliyevin v\u0259 birinci xan\u0131m Mehriban \u018fliyevan\u0131n \u00a0tarixi Z\u0259f\u0259rimizd\u0259n d\u0259rhal sonra noyabr ay\u0131n\u0131n 16-da\u00a0 F\u00fczuli v\u0259\u00a0 C\u0259bray\u0131l rayonlar\u0131na, o c\u00fcml\u0259d\u0259n\u00a0 F\u00fczuli\u00a0 v\u0259 C\u0259bray\u0131l\u00a0 \u015f\u0259h\u0259rl\u0259rin\u0259 s\u0259f\u0259rl\u0259ri il\u0259\u00a0 B\u00f6y\u00fck Qay\u0131d\u0131\u015f Proqram\u0131n\u0131n icras\u0131na start verildi. C\u0259nab \u00a0\u0130lham \u018fliyevin g\u00f6st\u0259ri\u015fi \u0259sas\u0131nda F\u00fczulid\u0259n \u015eu\u015faya yolun \u00e7\u0259kili\u015fin\u0259 ba\u015flan\u0131ld\u0131. Layih\u0259nin icras\u0131n\u0131n gedi\u015fi il\u0259 tan\u0131\u015f olduqdan sonra \u00a0\u00abSon ill\u0259r \u0259rzind\u0259 \u00f6lk\u0259mizd\u0259 bir \u00e7ox yollar in\u015fa edilib. Dey\u0259 bil\u0259r\u0259m ki, 2004-c\u00fc ild\u0259n bu g\u00fcn\u0259 q\u0259d\u0259r 16 min kilometrd\u0259n \u00e7ox avtomobil yolu \u00e7\u0259kilibdir v\u0259 yollar keyfiyy\u0259tlidir. Bu g\u00f6st\u0259riciy\u0259 g\u00f6r\u0259 Az\u0259rbaycan d\u00fcnyada qabaqc\u0131l yerl\u0259rd\u0259dir. Ancaq bu yolun x\u00fcsusi \u0259h\u0259miyy\u0259ti var. Dediyim kimi, bu yol bizi \u015eu\u015faya apar\u0131r. Eyni zamanda, bu layih\u0259 i\u015f\u011faldan azad edilmi\u015f torpaqlarda icra edil\u0259n birinci layih\u0259dir\u00bb s\u00f6yl\u0259y\u0259n Prezident \u0130lham \u018fliyev bu m\u0259qam\u0131 x\u00fcsusi vur\u011fulad\u0131 ki, bu g\u00fcn art\u0131q\u00a0 quruculuq i\u015fl\u0259rin\u0259 ba\u015flam\u0131\u015f\u0131q. Q\u0259l\u0259b\u0259 g\u00fcn\u00fcnd\u0259n 8 g\u00fcn v\u0259 Erm\u0259nistan\u0131n kapitulyasiyas\u0131ndan 6 g\u00fcn ke\u00e7\u0259nd\u0259n sonra art\u0131q bu yerd\u0259n \u2013 Alxanl\u0131 q\u0259s\u0259b\u0259sind\u0259n F\u00fczuli-\u015eu\u015fa avtomobil yolu \u00e7\u0259kilir. Bu yol \u00e7ox rahat v\u0259 geni\u015f olacaq. Bu yol imkan ver\u0259c\u0259k ki, \u015eu\u015faya rahat gedib-g\u0259l\u0259 bil\u0259k.<\/p>\n<p>O g\u00fcn\u0259 yenid\u0259n n\u0259z\u0259r salma\u011f\u0131m\u0131z s\u0259b\u0259bsiz deyil. O vaxtdan \u00f6t\u0259n\u00a0 \u00fc\u00e7 ild\u0259n art\u0131q m\u00fcdd\u0259td\u0259 i\u015f\u011faldan azad edilmi\u015f \u0259razil\u0259rimizd\u0259 apar\u0131lan geni\u015fmiqyasl\u0131 b\u0259rpa-quruculuq i\u015fl\u0259rinin miqyas\u0131 g\u00f6r\u00fcl\u0259n i\u015fl\u0259rin h\u0259cmi bar\u0259d\u0259 ayd\u0131n t\u0259s\u0259vv\u00fcr yarad\u0131r. Qeyd ed\u0259k ki, bu g\u00fcn\u0259d\u0259k F\u00fczuli, La\u00e7\u0131n v\u0259 \u015eu\u015fa \u015f\u0259h\u0259rl\u0259ri, h\u0259m\u00e7inin A\u011fal\u0131, Tal\u0131\u015f,\u00a0 Zabux v\u0259 Sus k\u0259ndl\u0259ri sakinl\u0259rin\u0259 qovu\u015fub. Cari ilin \u0259sas h\u0259d\u0259fl\u0259ri s\u0131ras\u0131nda C\u0259bray\u0131l, K\u0259lb\u0259c\u0259r, Xank\u0259ndi v\u0259 Xocal\u0131 \u015f\u0259h\u0259rl\u0259ri d\u0259 vard\u0131r.\u00a0 Birinci Qay\u0131d\u0131\u015f Proqram\u0131n\u0131n icras\u0131n\u0131n ba\u015fa \u00e7ataca\u011f\u0131 2026-c\u0131 il\u0259d\u0259k\u00a0 140 min ke\u00e7mi\u015f m\u0259cburi k\u00f6\u00e7k\u00fcn\u00fcn \u00f6z do\u011fma yurd-yuvalar\u0131na qay\u0131d\u0131\u015f\u0131 n\u0259z\u0259rd\u0259 tutulub.<\/p>\n<p>D\u00f6vl\u0259t ba\u015f\u00e7\u0131s\u0131 \u0130lham \u018fliyevin v\u0259 birinci xan\u0131m Mehriban \u018fliyevan\u0131n i\u015f\u011faldan azad edilmi\u015f \u0259razil\u0259rimiz\u0259\u00a0 davaml\u0131 s\u0259f\u0259rl\u0259rinin h\u0259r biri bu torpaqlarda\u00a0 yeni sosial obyektl\u0259rin a\u00e7\u0131l\u0131\u015f v\u0259 t\u0259m\u0259lqoyma m\u0259rasiml\u0259rinin ke\u00e7irilm\u0259si il\u0259 yadda qal\u0131r.<\/p>\n<p>Onu da qeyd ed\u0259k ki, i\u015f\u011faldan azad edilmi\u015f \u0259razil\u0259rd\u0259 i\u015fl\u0259rin s\u00fcr\u0259tin\u0259 t\u0259sir g\u00f6st\u0259r\u0259n amill\u0259rd\u0259n biri bu torpaqlar\u0131n \u00a0Erm\u0259nistan t\u0259r\u0259find\u0259n minalanmas\u0131, \u0259n \u0259sas\u0131 minalanm\u0131\u015f sah\u0259l\u0259rin x\u0259rit\u0259l\u0259rinin verilm\u0259m\u0259sidir. Bu bax\u0131mdan\u00a0 minalar\u0131n t\u0259mizl\u0259nm\u0259si xeyli vaxt itkisin\u0259 s\u0259b\u0259b olur.<\/p>\n<p>Onu da qeyd ed\u0259k ki, tarixi Z\u0259f\u0259rimizd\u0259n sonra\u00a0 D\u00f6vl\u0259t proqramlar\u0131n\u0131n q\u0259bulunda da yenilikl\u0259r\u0259, t\u0259kmill\u0259\u015fm\u0259y\u0259 b\u00f6y\u00fck z\u0259rur\u0259t duyuldu. D\u00f6vl\u0259t ba\u015f\u00e7\u0131s\u0131\u00a0 \u0130lham \u018fliyevin\u00a0 F\u0259rman\u0131 \u0259sas\u0131nda iqtisadi rayonlar\u0131n yeni b\u00f6lg\u00fcs\u00fcn\u00fcn h\u0259yata ke\u00e7irilm\u0259si, Qaraba\u011f v\u0259 \u015e\u0259rqi Z\u0259ng\u0259zur iqtisadi rayonlar\u0131n\u0131n yarad\u0131lmas\u0131 tarixi Z\u0259f\u0259rimizin yaratd\u0131\u011f\u0131 reall\u0131qlar\u0131n t\u0259qdimat\u0131 oldu. Bu F\u0259rman\u0131n ard\u0131nca c\u0259nab \u0130lham \u018fliyevin S\u0259r\u0259ncam\u0131na uy\u011fun olaraq\u00a0 \u00abAz\u0259rbaycan 2030: sosial-iqtisadi inki\u015fafa dair Milli Prioritetl\u0259r\u00bb t\u0259sdiql\u0259ndi. H\u0259r iki s\u0259n\u0259d i\u015f\u011faldan azad edilmi\u015f \u0259razil\u0259rimizin malik olduqlar\u0131 potensial imkanlar\u0131n t\u0259qdimat\u0131nda \u00f6z s\u00f6z\u00fcn\u00fc dedi. Bel\u0259 ki, g\u0259l\u0259c\u0259kd\u0259\u00a0 bu torpaqlar\u0131m\u0131z\u0131n\u00a0 malik olduqlar\u0131 t\u0259bii resurslar\u0131n hesab\u0131na Az\u0259rbaycan\u0131n dayan\u0131ql\u0131 inki\u015faf\u0131na d\u0259st\u0259k verm\u0259k \u00fc\u00e7\u00fcn bu\u00a0 \u0259razil\u0259r aras\u0131nda ixtisasla\u015fman\u0131n apar\u0131lmas\u0131na, hans\u0131 resurslara malik olmalar\u0131n\u0131n m\u00fc\u0259yy\u0259nl\u0259\u015fdirilm\u0259sin\u0259 b\u00f6y\u00fck\u00a0 z\u0259rur\u0259t duyuldu. O da m\u0259lumdur ki, \u00a0son ill\u0259r d\u00f6vl\u0259timizin ba\u015f\u00e7\u0131s\u0131 \u0130lham \u018fliyevin tap\u015f\u0131r\u0131\u011f\u0131na uy\u011fun olaraq \u00f6lk\u0259mizd\u0259 \u0259n\u0259n\u0259vi k\u0259nd t\u0259s\u0259rr\u00fcfat\u0131 sah\u0259l\u0259rinin inki\u015faf\u0131na x\u00fcsusi diqq\u0259t g\u00f6st\u0259rilir. Bunun \u00fc\u00e7\u00fcn rayonlar aras\u0131nda ixtisasla\u015fma apar\u0131ld\u0131, konkret sah\u0259l\u0259rin inki\u015faf\u0131na xidm\u0259t ed\u0259n D\u00f6vl\u0259t proqramlar\u0131 t\u0259sdiql\u0259ndi v\u0259 haz\u0131rda u\u011furla icra edilir. \u0130\u015f\u011faldan azad edilmi\u015f torpaqlar\u0131n malik olduqlar\u0131 potensial\u0131 da n\u0259z\u0259r\u0259 alsaq g\u0259l\u0259c\u0259kd\u0259 dayan\u0131ql\u0131 inki\u015fafa nail olmaq \u00fc\u00e7\u00fcn b\u00f6y\u00fck potensial\u0131 g\u00f6r\u00fcr\u00fck. Bel\u0259 ki, bu \u0259razil\u0259rimizin malik olduqlar\u0131 m\u00fcnbit torpaqlar\u0131n hesab\u0131na Az\u0259rbaycan\u0131n ixrac potensial\u0131\u00a0 xeyli artacaq. \u00d6lk\u0259 Prezidenti \u0130lham \u018fliyev \u00a0bu istiqam\u0259td\u0259 d\u0259 \u00a0yeni bazarlar\u0131n tap\u0131lmas\u0131 \u00fc\u00e7\u00fcn\u00a0 m\u00fcvafiq tap\u015f\u0131r\u0131qlar\u0131n\u0131 verib.<\/p>\n<p>D\u00f6vl\u0259timizin ba\u015f\u00e7\u0131s\u0131n\u0131n S\u0259r\u0259ncam\u0131 \u0259sas\u0131nda t\u0259sdiql\u0259n\u0259n Milli Prioritetl\u0259rd\u0259 d\u0259 bu h\u0259d\u0259f x\u00fcsusi yer al\u0131r ki, Qaraba\u011f b\u00f6lg\u0259si ya\u015f\u0131l enerji zonas\u0131 kimi d\u00fcnya \u00fc\u00e7\u00fcn bir n\u00fcmun\u0259 olacaq. May\u0131n 19-da Prezident \u0130lham \u018fliyevin v\u0259 \u0130ran \u0130slam Respublikas\u0131n\u0131n m\u0259rhum Prezidenti Seyid \u0130brahim R\u0259isinin i\u015ftirak\u0131 il\u0259 Araz \u00e7ay\u0131 \u00fcz\u0259rind\u0259 in\u015fa edilmi\u015f \u201cXudaf\u0259rin\u201d hidroqov\u015fa\u011f\u0131n\u0131n istismara verilm\u0259si v\u0259 \u201cQ\u0131z Qalas\u0131\u201d hidroqov\u015fa\u011f\u0131n\u0131n a\u00e7\u0131l\u0131\u015f m\u0259rasimi ke\u00e7irildi. Araz \u00e7ay\u0131 \u00fcz\u0259rind\u0259 in\u015fa edil\u0259n \u201cXudaf\u0259rin\u201d v\u0259 \u201cQ\u0131z Qalas\u0131\u201d hidroqov\u015faqlar\u0131 elektrik enerjisi istehsal\u0131 v\u0259 suvarma m\u0259qs\u0259dil\u0259 tikilib. Hidroqov\u015faqlar\u0131n layih\u0259l\u0259ri Sovet \u0130ttifaq\u0131 il\u0259 \u0130ran aras\u0131nda 1977-ci ilin oktyabr\u0131nda imzalanan raz\u0131la\u015fma \u0259sas\u0131nda haz\u0131rlan\u0131b. Layih\u0259l\u0259ri 1990-c\u0131 ill\u0259rin \u0259vv\u0259ll\u0259rind\u0259 yenid\u0259n i\u015fl\u0259nil\u0259n hidroqov\u015faqlar\u0131n tikintisi Az\u0259rbaycan \u0259razisinin 20 faizi Erm\u0259nistan t\u0259r\u0259find\u0259n i\u015f\u011fal edilm\u0259si n\u0259tic\u0259sind\u0259 dayand\u0131r\u0131lsa da, sonrak\u0131 d\u00f6vrl\u0259rd\u0259 tikinti i\u015fl\u0259ri yaln\u0131z \u0130ran \u0130slam Respublikas\u0131 t\u0259r\u0259find\u0259n apar\u0131l\u0131b. 2020-ci ild\u0259 V\u0259t\u0259n m\u00fcharib\u0259si n\u0259tic\u0259sind\u0259 Az\u0259rbaycan\u0131n torpaqlar\u0131, o c\u00fcml\u0259d\u0259n hidroqov\u015faqlar\u0131n tikildiyi \u0259razi i\u015f\u011faldan azad edilib. Araz \u00e7ay\u0131 \u00fcz\u0259rind\u0259 \u201cXudaf\u0259rin\u201d v\u0259 \u201cQ\u0131z Qalas\u0131\u201d hidroqov\u015faqlar\u0131n\u0131n v\u0259 su elektrik stansiyalar\u0131n\u0131n tikintisinin davam etdirilm\u0259si, istismara q\u0259bulu il\u0259 \u0259laq\u0259dar b\u0259zi m\u0259s\u0259l\u0259l\u0259r bar\u0259d\u0259 S\u0259r\u0259ncama \u0259sas\u0259n, 2021-ci ild\u0259 \u201cAz\u0259rEnerji\u201d ASC Az\u0259rbaycan\u00a0 t\u0259r\u0259find\u0259n sifari\u015f\u00e7i kimi m\u00fc\u0259yy\u0259n edildi. Araz \u00e7ay\u0131n\u0131n su ehtiyatlar\u0131ndan s\u0259m\u0259r\u0259li istifad\u0259 olunmaqla elektrik enerjisinin istehsal\u0131 v\u0259 \u0259kin sah\u0259l\u0259rinin su t\u0259minat\u0131n\u0131n yax\u015f\u0131la\u015fd\u0131r\u0131lmas\u0131na xidm\u0259t ed\u0259c\u0259k \u201cXudaf\u0259rin\u201d v\u0259 \u201cQ\u0131z Qalas\u0131\u201d hidroqov\u015faqlar\u0131nda su b\u0259ndl\u0259rinin tikintisi \u00fczr\u0259 i\u015fl\u0259r tamamlan\u0131b, su anbarlar\u0131n\u0131n doldurulmas\u0131 i\u015fl\u0259rin\u0259 ba\u015flan\u0131l\u0131b. Haz\u0131rda \u201cXudaf\u0259rin\u201d su anbar\u0131nda 503 milyon kubmetr, \u201cQ\u0131z Qalas\u0131\u201d su anbar\u0131nda is\u0259 42 milyon kubmetr su y\u0131\u011f\u0131l\u0131b ki, bu da \u00fcmumi tutumun 40 v\u0259 85 faizini t\u0259\u015fkil edir. \u201cXudaf\u0259rin\u201d v\u0259 \u201cQ\u0131z Qalas\u0131\u201d \u015e\u0259rqi Z\u0259ng\u0259zurun \u201cya\u015f\u0131l enerji zonas\u0131\u201d kimi inki\u015faf\u0131n\u0131n m\u00fch\u00fcm elementl\u0259rind\u0259n olmaqla b\u0259rab\u0259r, regional \u0259m\u0259kda\u015fl\u0131q \u0259laq\u0259l\u0259rin\u0259 d\u0259 t\u0259kan ver\u0259c\u0259k. Stansiyalar\u0131n qo\u015fulaca\u011f\u0131 \u201cC\u0259bray\u0131l\u201d enerji qov\u015fa\u011f\u0131 \u00f6lk\u0259mizin \u015e\u0259rqi Z\u0259ng\u0259zur v\u0259 Nax\u00e7\u0131van b\u00f6lg\u0259l\u0259ri aras\u0131nda yeni enerji ba\u011flant\u0131s\u0131na xidm\u0259t ed\u0259c\u0259k. Bu layih\u0259l\u0259r, eyni zamanda, \u201cya\u015f\u0131l enerji\u201d sah\u0259sind\u0259 \u00f6lk\u0259l\u0259rimiz aras\u0131nda \u0259m\u0259kda\u015fl\u0131\u011f\u0131n daha da geni\u015fl\u0259ndirilm\u0259si \u00fc\u00e7\u00fcn yeni perspektivl\u0259r v\u0259d edir. G\u00f6r\u00fcnd\u00fcy\u00fc kimi, \u201cXudaf\u0259rin\u201d v\u0259 \u201cQ\u0131z Qalas\u0131\u201d \u00f6lk\u0259l\u0259rimiz \u00fc\u00e7\u00fcn ekoloji, enerji, iqtisadi \u0259h\u0259miyy\u0259t da\u015f\u0131yan infrastruktur layih\u0259l\u0259ri olmaqla b\u0259rab\u0259r, b\u00f6lg\u0259d\u0259 inki\u015fafa, t\u0259hl\u00fck\u0259sizliy\u0259, dostlu\u011fa xidm\u0259t ed\u0259n uzunm\u00fcdd\u0259tli \u0259m\u0259kda\u015fl\u0131q k\u00f6rp\u00fcs\u00fcd\u00fcr.<\/p>\n<p>Azad edilmi\u015f \u0259razil\u0259rimizd\u0259 Prezident \u0130lham \u018fliyevin tap\u015f\u0131r\u0131\u011f\u0131 il\u0259 \u00a0yol infrastrukturunun b\u0259rpas\u0131 prioritet m\u0259s\u0259l\u0259 kimi \u00f6nd\u0259dir. D\u00f6vl\u0259timizin ba\u015f\u00e7\u0131s\u0131n\u0131n bu \u0259razil\u0259r\u0259 d\u0259f\u0259l\u0259rl\u0259 s\u0259f\u0259rl\u0259rin\u0259 diqq\u0259t yetirdikd\u0259\u00a0 yol tikintisin\u0259 x\u00fcsusi diqq\u0259t yetirildiyini, s\u0259f\u0259rd\u0259n sonra yeni yollar\u0131n tikintisi il\u0259 ba\u011fl\u0131 S\u0259r\u0259ncam imzalad\u0131\u011f\u0131n\u0131 x\u00fcsusi qeyd etm\u0259liyik. Avtomobil yolu , d\u0259mir yolu v\u0259 hava liman\u0131n\u0131n tikintisi prioritetdir. \u00d6t\u0259n \u00fc\u00e7 ild\u0259n art\u0131q d\u00f6vrd\u0259\u00a0 F\u00fczuli v\u0259 Z\u0259ngilan Beyn\u0259lxalq Hava limanlar\u0131n\u0131n istifad\u0259y\u0259 verilm\u0259si, La\u00e7\u0131n Beyn\u0259lxalq Hava Liman\u0131n\u0131n 2025-ci ilin \u0259vv\u0259lind\u0259 istismara burax\u0131lmas\u0131n\u0131n n\u0259z\u0259rd\u0259 tutulmas\u0131 g\u00f6r\u00fcl\u0259n i\u015fl\u0259rin s\u00fcr\u0259ti, \u0259n \u0259sas\u0131 \u00f6lk\u0259mizin iqtisadi imkanlar\u0131 bar\u0259d\u0259 ayd\u0131n t\u0259s\u0259vv\u00fcr yarad\u0131r.<\/p>\n<p>\u0130\u015f\u011faldan azad edilmi\u015f \u0259razil\u0259rd\u0259 yeni d\u00f6vl\u0259t idar\u0259etm\u0259 modelinin t\u0259tbiqi \u00f6lk\u0259 miqyas\u0131nda m\u00fch\u00fcm m\u0259s\u0259l\u0259dir. Art\u0131q\u00a0 Prezident \u0130lham \u018fliyev\u00a0 t\u0259r\u0259find\u0259n Qaraba\u011f v\u0259 \u015e\u0259rqi Z\u0259ng\u0259zur iqtisadi rayonlar\u0131nda b\u0259rpa, tikinti v\u0259 idar\u0259etm\u0259 xidm\u0259ti g\u00f6st\u0259rm\u0259k \u00fc\u00e7\u00fcn m\u00fcvafiq publik h\u00fcquqi \u015f\u0259xsl\u0259r yarad\u0131l\u0131b.\u00a0 Qaraba\u011f v\u0259 \u015e\u0259rqi Z\u0259ng\u0259zur iqtisadi rayonlar\u0131nda s\u0259naye parklar\u0131, aqroparklar yarad\u0131l\u0131r. Haz\u0131rda A\u011fdam S\u0259naye Park\u0131, C\u0259bray\u0131l rayonunda &#8220;Araz Vadisi \u0130qtisadi Zonas\u0131&#8221;, Z\u0259ngilanda \u201cDost Aqropark\u201d yarad\u0131l\u0131r.\u00a0 Qaraba\u011f v\u0259 \u015e\u0259rqi Z\u0259ng\u0259zur iqtisadi rayonlar\u0131n\u0131n turizm v\u0259 \u201cya\u015f\u0131l enerji\u201d potensial\u0131n\u0131n realla\u015fd\u0131r\u0131lmas\u0131 il\u0259 ba\u011fl\u0131 m\u00fch\u00fcm i\u015fl\u0259r g\u00f6r\u00fcl\u00fcb, \u015eu\u015fa, A\u011fdam v\u0259 K\u0259lb\u0259c\u0259rd\u0259 turizm obyektl\u0259rinin t\u0259m\u0259li qoyulub. Azad edilmi\u015f \u0259razil\u0259rimiz\u00a0 b\u00f6y\u00fck turizm potensial\u0131na malikdirl\u0259r. 30 il\u0259 yax\u0131n d\u00f6vrd\u0259 m\u0259nfur d\u00fc\u015fm\u0259n bu potensialdan istifad\u0259 ed\u0259r\u0259k \u00f6z\u00fcn\u00fcn iqtisadi v\u0259ziyy\u0259tini yax\u015f\u0131la\u015fd\u0131rma\u011fa \u00e7al\u0131\u015f\u0131b.Yax\u0131n perspektivd\u0259 is\u0259 Qaraba\u011f Az\u0259rbaycan\u0131n \u0259sas turizm zonas\u0131na \u00e7evril\u0259c\u0259k. \u00a0Beyn\u0259lxalq turizm s\u0259rgil\u0259rind\u0259 Qaraba\u011f b\u00f6lg\u0259sinin turizm potensial\u0131, turizm mar\u015frutlar\u0131, tarixi abid\u0259l\u0259ri g\u00f6st\u0259ril\u0259c\u0259k. T\u0259mir-b\u0259rpa i\u015fl\u0259ri yekunla\u015fd\u0131qdan sonra Qaraba\u011f turistl\u0259rin sevimli m\u0259kanlar\u0131ndan biri olacaq.<\/p>\n<p>2022-ci ilin 16 noyabr tarixind\u0259 t\u0259sdiql\u0259n\u0259n \u201cAz\u0259rbaycan Respublikas\u0131n\u0131n i\u015f\u011faldan azad edilmi\u015f \u0259razil\u0259rin\u0259 B\u00f6y\u00fck Qay\u0131d\u0131\u015fa dair I D\u00f6vl\u0259t Proqram\u0131\u201dn\u0131n icras\u0131 m\u0259cburi k\u00f6\u00e7k\u00fcnl\u0259rin \u00f6z do\u011fma yurd-yuvalar\u0131na qay\u0131tmas\u0131nda m\u00fch\u00fcm \u0259h\u0259miyy\u0259t\u0259 malikdir. Bu proqram 2026-c\u0131 il\u0259 kimi g\u00f6r\u00fcl\u0259c\u0259k t\u0259dbirl\u0259ri \u0259hat\u0259 edir. Bu \u00e7\u0259r\u00e7iv\u0259d\u0259 A\u011fdam, F\u00fczuli, \u015eu\u015fa, Xocav\u0259nd, Z\u0259ngilan, K\u0259lb\u0259c\u0259r, La\u00e7\u0131n, Qubadl\u0131, C\u0259bray\u0131l, T\u0259rt\u0259r v\u0259 Xocal\u0131 rayonlar\u0131nda m\u00fcvafiq infrastruktur qurulur.\u00a0 2024-c\u00fc il yanvar\u0131n 30-d\u0259k i\u015f\u011faldan azad edilmi\u015f \u0259razil\u0259r\u0259 k\u00f6\u00e7\u00fcr\u00fcl\u0259n \u0259halinin say t\u0259rkibin\u0259 diqq\u0259t yetirdikd\u0259 b\u0259rpa-quruculuq i\u015fl\u0259rinin miqyas\u0131 bar\u0259d\u0259 ayd\u0131n t\u0259s\u0259vv\u00fcr\u0259 malik olmaq m\u00fcmk\u00fcnd\u00fcr. B\u00f6y\u00fck Qay\u0131d\u0131\u015f \u00e7\u0259r\u00e7iv\u0259sind\u0259 indiy\u0259d\u0259k 1360 ail\u0259, 5354 n\u0259f\u0259r do\u011fma yurdlar\u0131na k\u00f6\u00e7\u00fcr\u00fcl\u00fcb.\u00a0 \u015e\u0259h\u0259r v\u0259 k\u0259ndl\u0259r \u00fczr\u0259 siyah\u0131ya uy\u011fun olaraq F\u00fczuli \u015f\u0259h\u0259rin\u0259 527 ail\u0259 (1969 n\u0259f\u0259r), La\u00e7\u0131n \u015f\u0259h\u0259rin\u0259 431 ail\u0259 (1627 n\u0259f\u0259r), A\u011fal\u0131 k\u0259ndin\u0259 175 ail\u0259 (871 n\u0259f\u0259r), Tal\u0131\u015f k\u0259ndin\u0259 20 ail\u0259 (90 n\u0259f\u0259r), Zabux k\u0259ndin\u0259 is\u0259 207 ail\u0259 (797 n\u0259f\u0259r) k\u00f6\u00e7\u00fcr\u00fcl\u00fcb. Cari ilin \u00f6t\u0259n d\u00f6vr\u00fcnd\u0259 h\u0259m h\u0259min m\u0259kanlara, h\u0259m d\u0259 yeni qay\u0131d\u0131\u015f \u00fcnvan\u0131 olan \u015eu\u015faya v\u0259 Sus k\u0259ndin\u0259 qovu\u015fan\u00a0 sakinl\u0259rin say\u0131n\u0131 da \u0259lav\u0259 ets\u0259k do\u011fma yur-yuvas\u0131na qay\u0131dan\u00a0 s\u00f6yda\u015flar\u0131m\u0131z\u0131n say\u0131n\u0131n daha b\u00f6y\u00fck r\u0259q\u0259ml\u0259 ifad\u0259 olundu\u011funu g\u00f6r\u0259rik.\u00a0 D\u00f6vl\u0259t ba\u015f\u00e7\u0131s\u0131 \u0130lham \u018fliyev i\u015f\u011faldan azad edilmi\u015f \u0259razil\u0259rimizd\u0259 b\u0259rpa i\u015fl\u0259rin\u0259 ba\u015flanan andan bu tap\u015f\u0131r\u0131\u011f\u0131 verdi ki, b\u00fct\u00fcn \u0259razil\u0259rimiz m\u00fcasir t\u0259l\u0259bl\u0259r s\u0259viyy\u0259sind\u0259 yenid\u0259n qurulacaq, h\u0259r bir yenilik bu torpaqlarda \u00f6z \u0259ksini tapacaq. 30 illik i\u015f\u011fal d\u00f6vr\u00fcnd\u0259 \u00e7\u0259tinlik \u015f\u0259raitind\u0259 ya\u015fayan\u00a0 soyda\u015flar\u0131m\u0131z\u0131n rahat ya\u015fay\u0131\u015f\u0131 \u00fc\u00e7\u00fcn b\u00fct\u00fcn z\u0259ruri i\u015fl\u0259r g\u00f6r\u00fclm\u0259lidir. C\u0259nab \u0130lham \u018fliyev bu g\u00fcnl\u0259rd\u0259 \u00f6lk\u0259mizd\u0259 d\u00f6vl\u0259t s\u0259f\u0259rind\u0259 olan Belarus Prezidenti Aleksandr Luka\u015fenko il\u0259 \u00a0birg\u0259 m\u0259tbuata b\u0259yanat\u0131nda bu m\u00fch\u00fcm m\u0259qam\u0131 x\u00fcsusi qeyd etdi ki, \u0259lb\u0259tt\u0259, bizim birinci d\u0259r\u0259c\u0259li v\u0259zif\u0259miz ke\u00e7mi\u015f m\u0259cburi k\u00f6\u00e7k\u00fcnl\u0259ri tikil\u0259c\u0259k do\u011fma evl\u0259rin\u0259 m\u00fcmk\u00fcn q\u0259d\u0259r tez qaytarmaqd\u0131r. H\u0259m\u00e7inin onlar\u0131 m\u00fcvafiq i\u015fl\u0259 t\u0259min etm\u0259k laz\u0131md\u0131r ki, azad olunmu\u015f \u0259razil\u0259r\u0259 qay\u0131danlar da y\u00fcks\u0259k \u0259m\u0259khaqq\u0131 olan i\u015fl\u0259rd\u0259 \u00e7al\u0131\u015fs\u0131nlar.<\/p>\n<p>G\u00f6r\u00fcnd\u00fcy\u00fc kimi, oz do\u011fma yurd-yuvalar\u0131na qay\u0131dan soyda\u015flar\u0131m\u0131z\u0131n y\u00fcks\u0259k h\u0259yat \u015f\u0259raitinin t\u0259min edilm\u0259si \u00fc\u00e7\u00fcn b\u00fct\u00fcn i\u015fl\u0259r g\u00f6r\u00fcl\u00fcr. Onlar\u0131n m\u0259\u015f\u011fullu\u011funun t\u0259min edilm\u0259si prioritet m\u0259s\u0259l\u0259l\u0259r s\u0131ras\u0131ndad\u0131r. Sosial xidm\u0259tin t\u0259minat\u0131 \u00fc\u00e7\u00fcn bu \u0259razil\u0259rd\u0259 d\u0259 \u00abASAN xidm\u0259t\u00bb, DOST m\u0259rk\u0259zl\u0259rinin yarad\u0131lmas\u0131 qar\u015f\u0131da dayanan h\u0259d\u0259fl\u0259r s\u0131ras\u0131ndad\u0131r. \u0130lk \u00abASAN xidm\u0259t\u00bb \u015eu\u015fa \u015f\u0259h\u0259rind\u0259 tikilib. N\u00f6vb\u0259ti\u00a0 m\u0259rk\u0259zin is\u0259 F\u00fczulid\u0259 tikil\u0259c\u0259yi bildirilir. Tarixi sahibin\u0259 qovu\u015fan torpaqlar\u0131m\u0131z \u00aba\u011f\u0131ll\u0131 \u015f\u0259h\u0259r\u00bb v\u0259 \u00aba\u011f\u0131ll\u0131 k\u0259nd\u00bb layih\u0259l\u0259ri \u00fczr\u0259 yenid\u0259n qurulur. Daim ilkl\u0259r\u0259 imza atan Az\u0259rbaycan bu g\u00fcn \u00abASAN xidm\u0259t\u00bb, DOST layih\u0259l\u0259rinin davam\u0131 olaraq \u00aba\u011f\u0131ll\u0131 \u015f\u0259h\u0259r\u00bb v\u0259 \u00aba\u011f\u0131ll\u0131 k\u0259nd\u00bb konsepsiyas\u0131 il\u0259 diqq\u0259td\u0259dir. C\u0259nab \u0130lham \u018fliyev bu h\u0259d\u0259fi d\u0259 a\u00e7\u0131qlay\u0131r ki, g\u0259l\u0259c\u0259kd\u0259 dig\u0259r b\u00f6lg\u0259l\u0259rimizd\u0259 d\u0259 bu layih\u0259l\u0259r t\u0259tbiq edil\u0259 bil\u0259r.<\/p>\n<p>T\u0259bii ki, tarixi Z\u0259f\u0259rimizd\u0259n \u00f6t\u0259n \u00fc\u00e7 ild\u0259n art\u0131q d\u00f6vrd\u0259 i\u015f\u011faldan azad edilmi\u015f \u0259razil\u0259rimizd\u0259 g\u00f6r\u00fcl\u0259n i\u015fl\u0259rin ham\u0131s\u0131n\u0131 bir yaz\u0131 \u00e7\u0259r\u00e7iv\u0259sind\u0259 tam \u015f\u0259kild\u0259 qeyd etm\u0259k m\u00fcmk\u00fcn deyil. Onlar\u0131n xronologiyas\u0131n\u0131 bel\u0259 t\u0259qdim etm\u0259k m\u00fcmk\u00fcns\u00fczd\u00fcr. \u00c7\u00fcnki g\u00f6r\u00fcl\u0259n i\u015fl\u0259rin miqyas\u0131 olduqca geni\u015fdir. Bunun \u00fc\u00e7\u00fcn t\u0259kc\u0259 d\u00f6vl\u0259t ba\u015f\u00e7\u0131s\u0131 \u0130lham \u018fliyevin v\u0259 birinci xan\u0131m Mehriban \u018fliyevan\u0131n may ay\u0131n\u0131n \u00f6t\u0259n d\u00f6vr\u00fcnd\u0259 i\u015f\u011faldan azad edilmi\u015f \u0259razil\u0259rimiz\u0259 s\u0259f\u0259rl\u0259ri zaman\u0131 a\u00e7\u0131l\u0131\u015f\u0131nda v\u0259 t\u0259m\u0259lqoyma m\u0259rasimind\u0259 i\u015ftirak etdikl\u0259ri sosial obyektl\u0259rin say t\u0259rkibin\u0259 diqq\u0259t yetirm\u0259k kifay\u0259tdir.\u00a0 M\u00fcz\u0259ff\u0259r Ali Ba\u015f Komandan \u0130lham \u018fliyev v\u0259 birinci xan\u0131m Mehriban \u018fliyeva\u00a0 \u00dcmummilli Lider Heyd\u0259r \u018fliyevin andan olmas\u0131n\u0131n\u00a0 101-ci ild\u00f6n\u00fcm\u00fc g\u00fcn\u00fcnd\u0259 F\u00fczuli v\u0259 La\u00e7\u0131n rayonlar\u0131nda, \u015eu\u015fa \u015f\u0259h\u0259rind\u0259 oldular. Xeyli sayda sosial obyektl\u0259rin a\u00e7\u0131l\u0131\u015f\u0131, b\u0259zil\u0259rind\u0259 g\u00f6r\u00fcl\u0259n i\u015fl\u0259rl\u0259 tan\u0131\u015fl\u0131q oldu, k\u0259ndl\u0259rin t\u0259m\u0259li qoyuldu. C\u0259nab \u0130lham \u018fliyev\u00a0 Belarus Prezidenti Aleksandr Luka\u015fenko il\u0259 F\u00fczuliy\u0259 v\u0259 \u015eu\u015faya s\u0259f\u0259r etdil\u0259r. Belarus Prezidenti 30 illik i\u015f\u011fal d\u00f6vr\u00fcnd\u0259 erm\u0259nil\u0259rin t\u00f6r\u0259tdikl\u0259ri da\u011f\u0131nt\u0131lar\u0131n \u015fahidi oldu, h\u0259m\u00e7inin Az\u0259rbaycan\u0131n \u00f6z tarixi torpaqlar\u0131na qovu\u015fduqdan sonra apard\u0131\u011f\u0131 geni\u015fmiqyasl\u0131 b\u0259rpa-quruculuq i\u015fl\u0259rind\u0259n b\u00f6y\u00fck sevinc hissi ke\u00e7irdi.<\/p>\n<p>May\u0131n 18-d\u0259 d\u00f6vl\u0259t ba\u015f\u00e7\u0131s\u0131 \u0130lham \u018fliyev v\u0259 birinci xan\u0131m Mehriban \u018fliyeva\u00a0 C\u0259bray\u0131l v\u0259 Z\u0259ngilan rayonlar\u0131na s\u0259f\u0259r etdil\u0259r. S\u0259f\u0259r \u00e7\u0259r\u00e7iv\u0259sind\u0259\u00a0 C\u0259bray\u0131l rayonunun B\u00f6y\u00fck M\u0259rcanl\u0131, Karxulu, Sar\u0131call\u0131, Ma\u015fanl\u0131 k\u0259ndl\u0259rinin t\u0259m\u0259li qoyuldu. Prezident \u0130lham \u018fliyev v\u0259 birinci xan\u0131m Mehriban \u018fliyeva Z\u0259ngilan rayonunda\u00a0 \u00abA\u011fal\u0131\u00bb hotelinin, Z\u0259ngilan m\u0259scidinin a\u00e7\u0131l\u0131\u015f\u0131nda\u00a0 i\u015ftirak etdil\u0259r.\u00a0 Z\u0259ngilan rayonunun\u00a0 Mincivan q\u0259s\u0259b\u0259sinin t\u0259m\u0259li qoyuldu. \u00abAz\u0259rEnerji\u00bb ASC-nin\u00a0 \u00abZ\u0259ngilan\u00bb v\u0259 \u00abSay\u0131fl\u0131\u00bb Su Elektrik stansiyalar\u0131 istifad\u0259y\u0259 verildi.\u00a0 H\u0259m\u00e7inin Z\u0259ngilan \u015f\u0259h\u0259rinin daxili yol- kommunikasiya \u015f\u0259b\u0259k\u0259sinin t\u0259m\u0259li qoyuldu. T\u0259kc\u0259 bir s\u0259f\u0259r \u00e7\u0259r\u00e7iv\u0259sind\u0259 at\u0131lan add\u0131mlar\u00a0 \u00fcmumilikd\u0259 g\u00f6r\u00fcl\u0259n i\u015fl\u0259r bar\u0259d\u0259 ayd\u0131n t\u0259s\u0259vv\u00fcr yarad\u0131r.<\/p>\n<p>Arxada qalan h\u0259r g\u00fcn bizi B\u00f6y\u00fck Qay\u0131d\u0131\u015f Proqram\u0131n\u0131n icras\u0131n\u0131n\u00a0 vaxt\u0131ndan \u0259vv\u0259l ba\u015fa \u00e7atd\u0131r\u0131lmas\u0131na yax\u0131nla\u015fd\u0131r\u0131r. Dost \u00f6lk\u0259l\u0259rin bu proses\u0259 d\u0259st\u0259yi diqq\u0259td\u0259n k\u0259narda qalm\u0131r. Bu g\u00fcnl\u0259rd\u0259 \u00f6lk\u0259mizd\u0259 s\u0259f\u0259rd\u0259 olan Belarus Prezidenti Aleksandr Luka\u015fenko \u00f6lk\u0259sinin bu proses\u0259 d\u0259st\u0259k verm\u0259y\u0259 haz\u0131r oldu\u011funu bildirdi. C\u0259nab \u0130lham \u018fliyev qeyd etdi ki, Belarusun \u00e7ox yax\u015f\u0131 \u015f\u0259h\u0259rsalma t\u0259cr\u00fcb\u0259si, m\u00fcasir texnologiyalar\u0131,\u00a0 aqro\u015f\u0259h\u0259rcikl\u0259rin tikintisi t\u0259cr\u00fcb\u0259si var. Aleksandr Luka\u015fenko bildirdi ki,\u00a0 azad etdiyiniz \u0259razil\u0259rd\u0259, x\u00fcsus\u0259n aqrar torpaqlarda Belarus t\u0259cr\u00fcb\u0259si \u00fczr\u0259 aqro\u015f\u0259h\u0259rcikl\u0259r v\u0259 b\u00fct\u00fcn infrastrukturu yaratma\u011fa, i\u015f yerl\u0259ri a\u00e7ma\u011fa, y\u0259ni, kompleksl\u0259r tikm\u0259y\u0259, h\u0259m\u00e7inin fermer t\u0259s\u0259rr\u00fcfatlar\u0131 yaratma\u011fa haz\u0131r\u0131q. Venesueladan ba\u015flayaraq, bizim bel\u0259 bir t\u0259cr\u00fcb\u0259miz var: \u00abAmma bura Venesuela deyil, yax\u0131nd\u0131r, eyni dild\u0259 dan\u0131\u015f\u0131r\u0131q, bir-birimizi ba\u015fa d\u00fc\u015f\u00fcr\u00fck. Ona g\u00f6r\u0259 d\u0259 h\u0259min torpaqlarda sizin \u00fc\u00e7\u00fcn, ilk n\u00f6vb\u0259d\u0259, i\u015f yerl\u0259ri olan aqro\u015f\u0259h\u0259rcik tik\u0259c\u0259yik. Baxars\u0131n\u0131z, siz\u0259 uy\u011fun olarsa, biz onlar\u0131n say\u0131n\u0131 art\u0131rar\u0131q. Bel\u0259 ki, bu g\u00fcn Prezident\u0259 bizim b\u00f6y\u00fck s\u0259rv\u0259timizin \u2013 me\u015f\u0259l\u0259rimizin oldu\u011funu s\u00f6yl\u0259dim. Bizd\u0259 o q\u0259d\u0259r taxta-\u015falban var ki&#8230; Bu, Az\u0259rbaycanda q\u0131td\u0131r. Bu m\u0259s\u0259l\u0259d\u0259 t\u0259bi\u0259t bizi m\u00fckafatland\u0131r\u0131b. Biz orada sizin \u00fc\u00e7\u00fcn evl\u0259r yaratma\u011fa haz\u0131r\u0131q. Belarusda taxta evl\u0259r t\u0259cr\u00fcb\u0259si geni\u015f yay\u0131l\u0131b. Evi hiss\u0259l\u0259rl\u0259 vaqonlarda g\u0259tiririk, bir h\u0259ft\u0259 \u0259rzind\u0259 b\u00fcn\u00f6vr\u0259si \u00fcz\u0259rind\u0259 tikib qurtar\u0131r\u0131q. Biz Belarusda bu c\u00fcr edirik. \u018fg\u0259r siz\u0259 uy\u011fun g\u0259l\u0259rs\u0259, biz t\u0259dar\u00fck ed\u0259 v\u0259 sizin dir\u00e7\u0259ldil\u0259n \u0259razil\u0259rd\u0259 bel\u0259 evl\u0259r tik\u0259 bil\u0259rik. Bir s\u00f6zl\u0259, \u00e7ox b\u00f6y\u00fck plan\u0131m\u0131z var. Biz i\u015fl\u0259m\u0259y\u0259 davam ed\u0259c\u0259yik.\u00bb<\/p>\n<p>G\u00f6r\u00fcnd\u00fcy\u00fc kimi, Az\u0259rbaycan\u0131n b\u0259rpa-quruculuq i\u015fl\u0259rini tezlikl\u0259 ba\u015fa \u00e7atd\u0131r\u0131b soyda\u015flar\u0131m\u0131z\u0131n do\u011fma yurd-yuvalar\u0131na qay\u0131d\u0131\u015f\u0131n\u0131n tam \u015f\u0259kild\u0259 h\u0259yata ke\u00e7irilm\u0259si dost, qarda\u015f \u00f6lk\u0259l\u0259rin d\u0259 s\u0259birsizlikl\u0259 g\u00f6zl\u0259dikl\u0259ri g\u00fcnd\u00fcr. Bunun \u00fc\u00e7\u00fcn dost, qarda\u015f d\u0259st\u0259yini g\u00f6st\u0259rm\u0259y\u0259 haz\u0131r olduqlar\u0131n\u0131 t\u0259\u015f\u0259bb\u00fcsl\u0259ri il\u0259 yana\u015f\u0131, real add\u0131mlar\u0131 il\u0259 d\u0259 t\u0259sdiql\u0259yirl\u0259r.<\/p>\n","protected":false},"excerpt":{"rendered":"<p>D\u00f6vl\u0259t ba\u015f\u00e7\u0131s\u0131 \u0130lham \u018fliyevin v\u0259 birinci xan\u0131m Mehriban \u018fliyevan\u0131n C\u0259bray\u0131l v\u0259 Z\u0259ngilan rayonlar\u0131na s\u0259f\u0259rl\u0259ri B\u00f6y\u00fck Qay\u0131d\u0131\u015f Proqram\u0131n\u0131n birinci m\u0259rh\u0259l\u0259sinin u\u011furlu sonluqla ba\u015fa \u00e7ataca\u011f\u0131\u00a0bar\u0259d\u0259 ayd\u0131n t\u0259s\u0259vv\u00fcr yaratd\u0131 D\u00f6vl\u0259t ba\u015f\u00e7\u0131s\u0131 \u0130lham \u018fliyevin v\u0259 birinci xan\u0131m Mehriban \u018fliyevan\u0131n \u00a0tarixi Z\u0259f\u0259rimizd\u0259n d\u0259rhal sonra noyabr ay\u0131n\u0131n 16-da\u00a0 F\u00fczuli v\u0259\u00a0 C\u0259bray\u0131l rayonlar\u0131na, o c\u00fcml\u0259d\u0259n\u00a0 F\u00fczuli\u00a0 v\u0259 C\u0259bray\u0131l\u00a0 \u015f\u0259h\u0259rl\u0259rin\u0259 s\u0259f\u0259rl\u0259ri il\u0259\u00a0 B\u00f6y\u00fck Qay\u0131d\u0131\u015f Proqram\u0131n\u0131n icras\u0131na start verildi. C\u0259nab \u00a0\u0130lham \u018fliyevin g\u00f6st\u0259ri\u015fi \u0259sas\u0131nda F\u00fczulid\u0259n \u015eu\u015faya yolun \u00e7\u0259kili\u015fin\u0259 ba\u015flan\u0131ld\u0131. Layih\u0259nin icras\u0131n\u0131n gedi\u015fi il\u0259 tan\u0131\u015f olduqdan sonra \u00a0\u00abSon ill\u0259r \u0259rzind\u0259 \u00f6lk\u0259mizd\u0259 bir \u00e7ox yollar in\u015fa edilib. Dey\u0259 bil\u0259r\u0259m ki, 2004-c\u00fc&hellip;<\/p>\n","protected":false},"author":2,"featured_media":723469,"comment_status":"closed","ping_status":"closed","sticky":false,"template":"","format":"standard","meta":{"om_disable_all_campaigns":false,"_monsterinsights_skip_tracking":false,"_monsterinsights_sitenote_active":false,"_monsterinsights_sitenote_note":"","_monsterinsights_sitenote_category":0},"categories":[8],"tags":[],"aioseo_notices":[],"gutentor_comment":0,"rttpg_featured_image_url":{"full":["https:\/\/arantv.az\/wp-content\/uploads\/2024\/05\/54843973171621771577408720110672847.jpg",975,540,false],"landscape":["https:\/\/arantv.az\/wp-content\/uploads\/2024\/05\/54843973171621771577408720110672847.jpg",975,540,false],"portraits":["https:\/\/arantv.az\/wp-content\/uploads\/2024\/05\/54843973171621771577408720110672847.jpg",975,540,false],"thumbnail":["https:\/\/arantv.az\/wp-content\/uploads\/2024\/05\/54843973171621771577408720110672847-500x280.jpg",500,280,true],"medium":["https:\/\/arantv.az\/wp-content\/uploads\/2024\/05\/54843973171621771577408720110672847-660x365.jpg",660,365,true],"large":["https:\/\/arantv.az\/wp-content\/uploads\/2024\/05\/54843973171621771577408720110672847-840x465.jpg",640,354,true],"1536x1536":["https:\/\/arantv.az\/wp-content\/uploads\/2024\/05\/54843973171621771577408720110672847.jpg",975,540,false],"2048x2048":["https:\/\/arantv.az\/wp-content\/uploads\/2024\/05\/54843973171621771577408720110672847.jpg",975,540,false],"post-thumbnail":["https:\/\/arantv.az\/wp-content\/uploads\/2024\/05\/54843973171621771577408720110672847-240x172.jpg",240,172,true],"advps-thumb-one":["https:\/\/arantv.az\/wp-content\/uploads\/2024\/05\/54843973171621771577408720110672847.jpg",975,540,false]},"rttpg_author":{"display_name":"V\u00fcsal Rafiqo\u011flu","author_link":"https:\/\/arantv.az\/?author=2"},"rttpg_comment":0,"rttpg_category":"<a href=\"https:\/\/arantv.az\/?cat=8\" rel=\"category\">\u018fsas s\u0259hif\u0259<\/a>","rttpg_excerpt":"D\u00f6vl\u0259t ba\u015f\u00e7\u0131s\u0131 \u0130lham \u018fliyevin v\u0259 birinci xan\u0131m Mehriban \u018fliyevan\u0131n C\u0259bray\u0131l v\u0259 Z\u0259ngilan rayonlar\u0131na s\u0259f\u0259rl\u0259ri B\u00f6y\u00fck Qay\u0131d\u0131\u015f Proqram\u0131n\u0131n birinci m\u0259rh\u0259l\u0259sinin u\u011furlu sonluqla ba\u015fa \u00e7ataca\u011f\u0131\u00a0bar\u0259d\u0259 ayd\u0131n t\u0259s\u0259vv\u00fcr yaratd\u0131 D\u00f6vl\u0259t ba\u015f\u00e7\u0131s\u0131 \u0130lham \u018fliyevin v\u0259 birinci xan\u0131m Mehriban \u018fliyevan\u0131n \u00a0tarixi Z\u0259f\u0259rimizd\u0259n d\u0259rhal sonra noyabr ay\u0131n\u0131n 16-da\u00a0 F\u00fczuli v\u0259\u00a0 C\u0259bray\u0131l rayonlar\u0131na, o c\u00fcml\u0259d\u0259n\u00a0 F\u00fczuli\u00a0 v\u0259 C\u0259bray\u0131l\u00a0 \u015f\u0259h\u0259rl\u0259rin\u0259 s\u0259f\u0259rl\u0259ri il\u0259\u00a0 B\u00f6y\u00fck&hellip;","_links":{"self":[{"href":"https:\/\/arantv.az\/index.php?rest_route=\/wp\/v2\/posts\/723468"}],"collection":[{"href":"https:\/\/arantv.az\/index.php?rest_route=\/wp\/v2\/posts"}],"about":[{"href":"https:\/\/arantv.az\/index.php?rest_route=\/wp\/v2\/types\/post"}],"author":[{"embeddable":true,"href":"https:\/\/arantv.az\/index.php?rest_route=\/wp\/v2\/users\/2"}],"replies":[{"embeddable":true,"href":"https:\/\/arantv.az\/index.php?rest_route=%2Fwp%2Fv2%2Fcomments&post=723468"}],"version-history":[{"count":0,"href":"https:\/\/arantv.az\/index.php?rest_route=\/wp\/v2\/posts\/723468\/revisions"}],"wp:featuredmedia":[{"embeddable":true,"href":"https:\/\/arantv.az\/index.php?rest_route=\/wp\/v2\/media\/723469"}],"wp:attachment":[{"href":"https:\/\/arantv.az\/index.php?rest_route=%2Fwp%2Fv2%2Fmedia&parent=723468"}],"wp:term":[{"taxonomy":"category","embeddable":true,"href":"https:\/\/arantv.az\/index.php?rest_route=%2Fwp%2Fv2%2Fcategories&post=723468"},{"taxonomy":"post_tag","embeddable":true,"href":"https:\/\/arantv.az\/index.php?rest_route=%2Fwp%2Fv2%2Ftags&post=723468"}],"curies":[{"name":"wp","href":"https:\/\/api.w.org\/{rel}","templated":true}]}}