{"id":723482,"date":"2024-05-21T10:09:08","date_gmt":"2024-05-21T06:09:08","guid":{"rendered":"https:\/\/arantv.az\/?p=723482"},"modified":"2024-05-21T10:09:08","modified_gmt":"2024-05-21T06:09:08","slug":"cavansir-korpusunun-sokuntu-isl%c9%99rinin-bit%c9%99c%c9%99yi-tarix-aciqlandi","status":"publish","type":"post","link":"https:\/\/arantv.az\/?p=723482","title":{"rendered":"Cavan\u015fir k\u00f6rp\u00fcs\u00fcn\u00fcn s\u00f6k\u00fcnt\u00fc i\u015fl\u0259rinin bit\u0259c\u0259yi tarix A\u00c7IQLANDI"},"content":{"rendered":"<p><strong>Bak\u0131da Cavan\u015fir k\u00f6rp\u00fcs\u00fcn\u00fcn s\u00f6k\u00fclm\u0259si v\u0259 layih\u0259nin icras\u0131\u00a04-5\u00a0ay \u0259rzind\u0259 tamamlanacaq.<\/strong><\/p>\n<p>Bunu Az\u0259rbaycan Avtomobil Yollar\u0131 D\u00f6vl\u0259t Agentliyinin (AAYDA) m\u0259tbuat katibi Anar N\u0259c\u0259fli bildirib.<\/p>\n<p>Onun s\u00f6zl\u0259rin\u0259 g\u00f6r\u0259, art\u0131q s\u00f6k\u00fcnt\u00fc i\u015fl\u0259rin\u0259 ba\u015flan\u0131l\u0131b: &#8220;\u018frazid\u0259 h\u0259r\u0259k\u0259t tam m\u0259hdudla\u015fd\u0131r\u0131l\u0131b v\u0259 x\u00fcsusi a\u011f\u0131r texnikalar c\u0259lb edilib. Haz\u0131rda layih\u0259 aidiyy\u0259ti qurumlar t\u0259r\u0259find\u0259n raz\u0131la\u015fd\u0131rma m\u0259rh\u0259l\u0259sind\u0259dir&#8221;. (Report)<\/p>\n","protected":false},"excerpt":{"rendered":"<p>Bak\u0131da Cavan\u015fir k\u00f6rp\u00fcs\u00fcn\u00fcn s\u00f6k\u00fclm\u0259si v\u0259 layih\u0259nin icras\u0131\u00a04-5\u00a0ay \u0259rzind\u0259 tamamlanacaq. Bunu Az\u0259rbaycan Avtomobil Yollar\u0131 D\u00f6vl\u0259t Agentliyinin (AAYDA) m\u0259tbuat katibi Anar N\u0259c\u0259fli bildirib. Onun s\u00f6zl\u0259rin\u0259 g\u00f6r\u0259, art\u0131q s\u00f6k\u00fcnt\u00fc i\u015fl\u0259rin\u0259 ba\u015flan\u0131l\u0131b: &#8220;\u018frazid\u0259 h\u0259r\u0259k\u0259t tam m\u0259hdudla\u015fd\u0131r\u0131l\u0131b v\u0259 x\u00fcsusi a\u011f\u0131r texnikalar c\u0259lb edilib. Haz\u0131rda layih\u0259 aidiyy\u0259ti qurumlar t\u0259r\u0259find\u0259n raz\u0131la\u015fd\u0131rma m\u0259rh\u0259l\u0259sind\u0259dir&#8221;. (Report)<\/p>\n","protected":false},"author":2,"featured_media":723483,"comment_status":"closed","ping_status":"closed","sticky":false,"template":"","format":"standard","meta":{"om_disable_all_campaigns":false,"_monsterinsights_skip_tracking":false,"_monsterinsights_sitenote_active":false,"_monsterinsights_sitenote_note":"","_monsterinsights_sitenote_category":0},"categories":[1],"tags":[],"aioseo_notices":[],"gutentor_comment":0,"rttpg_featured_image_url":{"full":["https:\/\/arantv.az\/wp-content\/uploads\/2024\/05\/3f28b090575fb7cf476aaf2e3d8c8d91.jpg",637,400,false],"landscape":["https:\/\/arantv.az\/wp-content\/uploads\/2024\/05\/3f28b090575fb7cf476aaf2e3d8c8d91.jpg",637,400,false],"portraits":["https:\/\/arantv.az\/wp-content\/uploads\/2024\/05\/3f28b090575fb7cf476aaf2e3d8c8d91.jpg",637,400,false],"thumbnail":["https:\/\/arantv.az\/wp-content\/uploads\/2024\/05\/3f28b090575fb7cf476aaf2e3d8c8d91-500x280.jpg",500,280,true],"medium":["https:\/\/arantv.az\/wp-content\/uploads\/2024\/05\/3f28b090575fb7cf476aaf2e3d8c8d91-581x365.jpg",581,365,true],"large":["https:\/\/arantv.az\/wp-content\/uploads\/2024\/05\/3f28b090575fb7cf476aaf2e3d8c8d91.jpg",637,400,false],"1536x1536":["https:\/\/arantv.az\/wp-content\/uploads\/2024\/05\/3f28b090575fb7cf476aaf2e3d8c8d91.jpg",637,400,false],"2048x2048":["https:\/\/arantv.az\/wp-content\/uploads\/2024\/05\/3f28b090575fb7cf476aaf2e3d8c8d91.jpg",637,400,false],"post-thumbnail":["https:\/\/arantv.az\/wp-content\/uploads\/2024\/05\/3f28b090575fb7cf476aaf2e3d8c8d91-240x172.jpg",240,172,true],"advps-thumb-one":["https:\/\/arantv.az\/wp-content\/uploads\/2024\/05\/3f28b090575fb7cf476aaf2e3d8c8d91.jpg",637,400,false]},"rttpg_author":{"display_name":"V\u00fcsal Rafiqo\u011flu","author_link":"https:\/\/arantv.az\/?author=2"},"rttpg_comment":0,"rttpg_category":"<a href=\"https:\/\/arantv.az\/?cat=1\" rel=\"category\">C\u0259miyy\u0259t<\/a>","rttpg_excerpt":"Bak\u0131da Cavan\u015fir k\u00f6rp\u00fcs\u00fcn\u00fcn s\u00f6k\u00fclm\u0259si v\u0259 layih\u0259nin icras\u0131\u00a04-5\u00a0ay \u0259rzind\u0259 tamamlanacaq. Bunu Az\u0259rbaycan Avtomobil Yollar\u0131 D\u00f6vl\u0259t Agentliyinin (AAYDA) m\u0259tbuat katibi Anar N\u0259c\u0259fli bildirib. Onun s\u00f6zl\u0259rin\u0259 g\u00f6r\u0259, art\u0131q s\u00f6k\u00fcnt\u00fc i\u015fl\u0259rin\u0259 ba\u015flan\u0131l\u0131b: &#8220;\u018frazid\u0259 h\u0259r\u0259k\u0259t tam m\u0259hdudla\u015fd\u0131r\u0131l\u0131b v\u0259 x\u00fcsusi a\u011f\u0131r texnikalar c\u0259lb edilib. Haz\u0131rda layih\u0259 aidiyy\u0259ti qurumlar t\u0259r\u0259find\u0259n raz\u0131la\u015fd\u0131rma m\u0259rh\u0259l\u0259sind\u0259dir&#8221;. (Report)","_links":{"self":[{"href":"https:\/\/arantv.az\/index.php?rest_route=\/wp\/v2\/posts\/723482"}],"collection":[{"href":"https:\/\/arantv.az\/index.php?rest_route=\/wp\/v2\/posts"}],"about":[{"href":"https:\/\/arantv.az\/index.php?rest_route=\/wp\/v2\/types\/post"}],"author":[{"embeddable":true,"href":"https:\/\/arantv.az\/index.php?rest_route=\/wp\/v2\/users\/2"}],"replies":[{"embeddable":true,"href":"https:\/\/arantv.az\/index.php?rest_route=%2Fwp%2Fv2%2Fcomments&post=723482"}],"version-history":[{"count":0,"href":"https:\/\/arantv.az\/index.php?rest_route=\/wp\/v2\/posts\/723482\/revisions"}],"wp:featuredmedia":[{"embeddable":true,"href":"https:\/\/arantv.az\/index.php?rest_route=\/wp\/v2\/media\/723483"}],"wp:attachment":[{"href":"https:\/\/arantv.az\/index.php?rest_route=%2Fwp%2Fv2%2Fmedia&parent=723482"}],"wp:term":[{"taxonomy":"category","embeddable":true,"href":"https:\/\/arantv.az\/index.php?rest_route=%2Fwp%2Fv2%2Fcategories&post=723482"},{"taxonomy":"post_tag","embeddable":true,"href":"https:\/\/arantv.az\/index.php?rest_route=%2Fwp%2Fv2%2Ftags&post=723482"}],"curies":[{"name":"wp","href":"https:\/\/api.w.org\/{rel}","templated":true}]}}