{"id":723491,"date":"2024-05-21T10:17:44","date_gmt":"2024-05-21T06:17:44","guid":{"rendered":"https:\/\/arantv.az\/?p=723491"},"modified":"2024-05-21T10:17:44","modified_gmt":"2024-05-21T06:17:44","slug":"novb%c9%99ti-gunl%c9%99rd%c9%99-bolg%c9%99l%c9%99rimizd%c9%99-hava-nec%c9%99-olacaq-aciqlama","status":"publish","type":"post","link":"https:\/\/arantv.az\/?p=723491","title":{"rendered":"N\u00f6vb\u0259ti g\u00fcnl\u0259rd\u0259 b\u00f6lg\u0259l\u0259rimizd\u0259 hava nec\u0259 olacaq? &#8211; A\u00c7IQLAMA"},"content":{"rendered":"<p style=\"font-weight: 400;\">&#8220;Ya\u011f\u0131nt\u0131l\u0131 hava \u015f\u0259raitinin may\u0131n 24-n\u0259 kimi davam ed\u0259c\u0259yi g\u00f6zl\u0259nilir&#8221;.<\/p>\n<p style=\"font-weight: 400;\">Bunu\u00a0<b><strong>Oxu.Az<\/strong><\/b>-\u0131n sor\u011fusuna cavab olaraq Milli Hidrometeorologiya Xidm\u0259tinin Proqnozlar B\u00fcrosunun direktoru\u00a0<b><strong>G\u00fcl\u015fad M\u0259mm\u0259dova\u00a0<\/strong><\/b>deyib.<\/p>\n<p>&nbsp;<\/p>\n<p style=\"font-weight: 400;\">O, qeyd edib ki, b\u0259zi yerl\u0259rd\u0259 ya\u011f\u0131nt\u0131n\u0131n leysan xarakterli olaca\u011f\u0131, \u015fim\u015f\u0259k \u00e7axaca\u011f\u0131, dolu d\u00fc\u015f\u0259c\u0259yi, y\u00fcks\u0259k da\u011fl\u0131q \u0259razil\u0259rd\u0259 is\u0259 qar ya\u011faca\u011f\u0131 g\u00f6zl\u0259nilir.<\/p>\n<p style=\"font-weight: 400;\">&#8220;G\u00f6zl\u0259nil\u0259n ya\u011f\u0131nt\u0131l\u0131 hava il\u0259 \u0259laq\u0259dar \u00e7aylarda sululu\u011fun artaca\u011f\u0131, b\u0259zi \u00e7aylardan da\u015fq\u0131n v\u0259 sel ke\u00e7\u0259c\u0259yi ehtimal olunur.<\/p>\n<p style=\"font-weight: 400;\">Bak\u0131da v\u0259 Ab\u015feron yar\u0131madas\u0131nda is\u0259 sabah, may\u0131n 22-d\u0259 ax\u015fam v\u0259 may\u0131n 23-d\u0259 gec\u0259 saatlar\u0131nda q\u0131sam\u00fcdd\u0259tli ya\u011f\u0131\u015f ya\u011faca\u011f\u0131 ehtimal\u0131 var. C\u0259nub-\u015f\u0259rq k\u00fcl\u0259yi \u0259s\u0259c\u0259k. Havan\u0131n maksimal temperaturu 22-28 d\u0259r\u0259c\u0259 isti t\u0259\u015fkil ed\u0259c\u0259k.<\/p>\n<p style=\"font-weight: 400;\">Qeyd ed\u0259k ki, bir ne\u00e7\u0259 g\u00fcnd\u00fcr \u00f6lk\u0259 \u0259razisind\u0259 ya\u011f\u0131nt\u0131l\u0131 hava \u015f\u0259raiti m\u00fc\u015fahid\u0259 olunur.<\/p>\n<p style=\"font-weight: 400;\">\u018fks\u0259r b\u00f6lg\u0259l\u0259rimizd\u0259, x\u00fcsus\u0259n d\u0259 Balak\u0259n-\u015e\u0259ki, Quba-Qusar, M\u0259rk\u0259zi Aran, Z\u0259ng\u0259zur, Qazax-G\u0259nc\u0259 zonalar\u0131nda ya\u011f\u0131nt\u0131lar leysan xarakterli v\u0259 intensiv olub&#8221;, &#8211; dey\u0259 G.M\u0259mm\u0259dova vur\u011fulay\u0131b.<\/p>\n","protected":false},"excerpt":{"rendered":"<p>&#8220;Ya\u011f\u0131nt\u0131l\u0131 hava \u015f\u0259raitinin may\u0131n 24-n\u0259 kimi davam ed\u0259c\u0259yi g\u00f6zl\u0259nilir&#8221;. Bunu\u00a0Oxu.Az-\u0131n sor\u011fusuna cavab olaraq Milli Hidrometeorologiya Xidm\u0259tinin Proqnozlar B\u00fcrosunun direktoru\u00a0G\u00fcl\u015fad M\u0259mm\u0259dova\u00a0deyib. &nbsp; O, qeyd edib ki, b\u0259zi yerl\u0259rd\u0259 ya\u011f\u0131nt\u0131n\u0131n leysan xarakterli olaca\u011f\u0131, \u015fim\u015f\u0259k \u00e7axaca\u011f\u0131, dolu d\u00fc\u015f\u0259c\u0259yi, y\u00fcks\u0259k da\u011fl\u0131q \u0259razil\u0259rd\u0259 is\u0259 qar ya\u011faca\u011f\u0131 g\u00f6zl\u0259nilir. &#8220;G\u00f6zl\u0259nil\u0259n ya\u011f\u0131nt\u0131l\u0131 hava il\u0259 \u0259laq\u0259dar \u00e7aylarda sululu\u011fun artaca\u011f\u0131, b\u0259zi \u00e7aylardan da\u015fq\u0131n v\u0259 sel ke\u00e7\u0259c\u0259yi ehtimal olunur. Bak\u0131da v\u0259 Ab\u015feron yar\u0131madas\u0131nda is\u0259 sabah, may\u0131n 22-d\u0259 ax\u015fam v\u0259 may\u0131n 23-d\u0259 gec\u0259 saatlar\u0131nda q\u0131sam\u00fcdd\u0259tli ya\u011f\u0131\u015f ya\u011faca\u011f\u0131 ehtimal\u0131 var. C\u0259nub-\u015f\u0259rq k\u00fcl\u0259yi \u0259s\u0259c\u0259k. Havan\u0131n maksimal temperaturu 22-28 d\u0259r\u0259c\u0259 isti t\u0259\u015fkil ed\u0259c\u0259k. Qeyd ed\u0259k&hellip;<\/p>\n","protected":false},"author":2,"featured_media":723492,"comment_status":"closed","ping_status":"closed","sticky":false,"template":"","format":"standard","meta":{"om_disable_all_campaigns":false,"_monsterinsights_skip_tracking":false,"_monsterinsights_sitenote_active":false,"_monsterinsights_sitenote_note":"","_monsterinsights_sitenote_category":0},"categories":[22],"tags":[],"aioseo_notices":[],"gutentor_comment":0,"rttpg_featured_image_url":{"full":["https:\/\/arantv.az\/wp-content\/uploads\/2024\/05\/4449123.jpg",690,394,false],"landscape":["https:\/\/arantv.az\/wp-content\/uploads\/2024\/05\/4449123.jpg",690,394,false],"portraits":["https:\/\/arantv.az\/wp-content\/uploads\/2024\/05\/4449123.jpg",690,394,false],"thumbnail":["https:\/\/arantv.az\/wp-content\/uploads\/2024\/05\/4449123-500x280.jpg",500,280,true],"medium":["https:\/\/arantv.az\/wp-content\/uploads\/2024\/05\/4449123-639x365.jpg",639,365,true],"large":["https:\/\/arantv.az\/wp-content\/uploads\/2024\/05\/4449123.jpg",640,365,false],"1536x1536":["https:\/\/arantv.az\/wp-content\/uploads\/2024\/05\/4449123.jpg",690,394,false],"2048x2048":["https:\/\/arantv.az\/wp-content\/uploads\/2024\/05\/4449123.jpg",690,394,false],"post-thumbnail":["https:\/\/arantv.az\/wp-content\/uploads\/2024\/05\/4449123-240x172.jpg",240,172,true],"advps-thumb-one":["https:\/\/arantv.az\/wp-content\/uploads\/2024\/05\/4449123.jpg",690,394,false]},"rttpg_author":{"display_name":"V\u00fcsal Rafiqo\u011flu","author_link":"https:\/\/arantv.az\/?author=2"},"rttpg_comment":0,"rttpg_category":"<a href=\"https:\/\/arantv.az\/?cat=22\" rel=\"category\">Hava<\/a>","rttpg_excerpt":"&#8220;Ya\u011f\u0131nt\u0131l\u0131 hava \u015f\u0259raitinin may\u0131n 24-n\u0259 kimi davam ed\u0259c\u0259yi g\u00f6zl\u0259nilir&#8221;. Bunu\u00a0Oxu.Az-\u0131n sor\u011fusuna cavab olaraq Milli Hidrometeorologiya Xidm\u0259tinin Proqnozlar B\u00fcrosunun direktoru\u00a0G\u00fcl\u015fad M\u0259mm\u0259dova\u00a0deyib. &nbsp; O, qeyd edib ki, b\u0259zi yerl\u0259rd\u0259 ya\u011f\u0131nt\u0131n\u0131n leysan xarakterli olaca\u011f\u0131, \u015fim\u015f\u0259k \u00e7axaca\u011f\u0131, dolu d\u00fc\u015f\u0259c\u0259yi, y\u00fcks\u0259k da\u011fl\u0131q \u0259razil\u0259rd\u0259 is\u0259 qar ya\u011faca\u011f\u0131 g\u00f6zl\u0259nilir. &#8220;G\u00f6zl\u0259nil\u0259n ya\u011f\u0131nt\u0131l\u0131 hava il\u0259 \u0259laq\u0259dar \u00e7aylarda sululu\u011fun artaca\u011f\u0131, b\u0259zi \u00e7aylardan da\u015fq\u0131n v\u0259 sel&hellip;","_links":{"self":[{"href":"https:\/\/arantv.az\/index.php?rest_route=\/wp\/v2\/posts\/723491"}],"collection":[{"href":"https:\/\/arantv.az\/index.php?rest_route=\/wp\/v2\/posts"}],"about":[{"href":"https:\/\/arantv.az\/index.php?rest_route=\/wp\/v2\/types\/post"}],"author":[{"embeddable":true,"href":"https:\/\/arantv.az\/index.php?rest_route=\/wp\/v2\/users\/2"}],"replies":[{"embeddable":true,"href":"https:\/\/arantv.az\/index.php?rest_route=%2Fwp%2Fv2%2Fcomments&post=723491"}],"version-history":[{"count":0,"href":"https:\/\/arantv.az\/index.php?rest_route=\/wp\/v2\/posts\/723491\/revisions"}],"wp:featuredmedia":[{"embeddable":true,"href":"https:\/\/arantv.az\/index.php?rest_route=\/wp\/v2\/media\/723492"}],"wp:attachment":[{"href":"https:\/\/arantv.az\/index.php?rest_route=%2Fwp%2Fv2%2Fmedia&parent=723491"}],"wp:term":[{"taxonomy":"category","embeddable":true,"href":"https:\/\/arantv.az\/index.php?rest_route=%2Fwp%2Fv2%2Fcategories&post=723491"},{"taxonomy":"post_tag","embeddable":true,"href":"https:\/\/arantv.az\/index.php?rest_route=%2Fwp%2Fv2%2Ftags&post=723491"}],"curies":[{"name":"wp","href":"https:\/\/api.w.org\/{rel}","templated":true}]}}